

{"id":47133,"date":"2023-10-01T11:14:13","date_gmt":"2023-10-01T09:14:13","guid":{"rendered":"https:\/\/gestions-hospitalieres.fr\/?p=47133"},"modified":"2023-10-30T10:10:59","modified_gmt":"2023-10-30T09:10:59","slug":"eprouver-le-temps","status":"publish","type":"post","link":"https:\/\/www.ricom-web8.com\/gestions\/eprouver-le-temps\/","title":{"rendered":"\u00c9prouver le temps"},"content":{"rendered":"<span class=\"span-reading-time rt-reading-time\" style=\"display: block;\"><span class=\"rt-label rt-prefix\">Temps de lecture\u00a0: <\/span> <span class=\"rt-time\"> 10<\/span> <span class=\"rt-label rt-postfix\">minutes<\/span><\/span><h1>Le temps comme v\u00e9cu personnel<\/h1>\n<p>Il faut s\u2019accorder sur un point primordial\u2009: le temps est l\u2019une des conditions essentielles (avec l\u2019espace) de toute exp\u00e9rience physique et il est appr\u00e9hend\u00e9 diff\u00e9remment en fonction du v\u00e9cu de chacun. On a tous \u00e0 la fois peur d\u2019en manquer dans certaines situations et peur d\u2019en avoir trop\u2009; on aime ou on d\u00e9teste attendre. On en consacre aux autres, ou on en vole aux autres. On se laisse submerger ou on le ma\u00eetrise. L\u2019analyse des caract\u00e8res souligne l\u2019importance de la constitution physiologique et du parcours biographique dans l\u2019appr\u00e9hension du rapport au monde<sup class=\"appel\" data-toggle=\"modal\" data-target=\"#notes\">(1)<\/sup>. Cette part involontaire de soi se d\u00e9veloppe bien \u00e9videmment \u00e0 travers nos relations au travail. D\u2019aucuns ne supportent pas d\u2019attendre des r\u00e9sultats, ne serait-ce que des r\u00e9ponses \u00e0 des mails, en ressentent une grande frustration et, par cons\u00e9quent, exercent un mode de management centr\u00e9 sur le contr\u00f4le de la cha\u00eene de d\u00e9cision et le reporting. D\u2019autres s\u2019\u00e9vertuent au contraire \u00e0 trouver du temps pour les autres, \u00e0 faciliter et \u00e0 simplifier les t\u00e2ches quotidiennes, comme autant de marges de man\u0153uvre et d\u2019autonomie pour concr\u00e9tiser ce sentiment trop rare du travail bien fait (et non pas que \u00ab\u2009fait dans les temps\u2009\u00bb). Certains ont peur de s\u2019ennuyer et empi\u00e8tent largement sur leurs collaborateurs pour vampiriser leur travail. Cette aspiration est le sympt\u00f4me d\u2019un comblement syst\u00e9matique du temps libre, souvent pour \u00e9viter de remettre trop de choses en cause. Car \u00e0 chaque rapport au temps intime, ses b\u00e9n\u00e9fices secondaires.<\/p>\n<p>Pour d\u2019autres enfin, l\u2019enjeu est de trouver du temps v\u00e9ritablement libre. Deux man\u0153uvres sont g\u00e9n\u00e9ralement utilis\u00e9es\u2009: la suractivit\u00e9 pour devancer le rythme de travail attendu et conserver pour soi le temps restant. Ou alors un art fin de travailler en temps masqu\u00e9 pour optimiser le temps et r\u00e9duire le d\u00e9lai de rendu de r\u00e9sultat. D\u2019un point de vue psychologique, le temps a \u00e9galement fait son entr\u00e9e dans le tableau des pathologies li\u00e9es \u00e0 l\u2019activit\u00e9 professionnelle. \u00c0 chaque v\u00e9cu temporel intime son sympt\u00f4me\u2009: manquer cruellement de temps entra\u00eenera un <i>burn-out<\/i>\u2009; en disposer trop jusqu\u2019\u00e0 l\u2019ennui, le <i>bore-out<\/i>\u2009; \u00e9prouver l\u2019absurdit\u00e9 des missions confi\u00e9es, le <i>brown-out<\/i>. En somme, avant toute incursion dans notre espace de travail, nous tenons \u00e0 notre rapport au temps. Nous \u00e9vitons ou recherchons inconsciemment son exc\u00e8s. Constituer une \u00e9quipe, un collectif, c\u2019est avant tout cela\u2009: \u00e9laborer patiemment la bonne concordance des temps.<\/p>\n<h1>Distance et vitesse\u2009: des temps incompressibles\u2009?<\/h1>\n<p>L\u2019exp\u00e9rience pr\u00e9sent\u00e9e ici est celle du GHT Touraine Val-de-Loire (37) et plus pr\u00e9cis\u00e9ment celle qui relie le CHU de Tours aux \u00e9tablissements principaux du Sud Touraine\u2009: le CH Fran\u00e7ois-Rabelais de Chinon (\u00e0 35\u00a0minutes en voiture depuis Tours), l\u2019h\u00f4pital de Sainte-Maure-de-Touraine (35\u00a0minutes) et le CH de Loches (45\u00a0minutes). La direction commune des \u00e9tablissements du sud entra\u00eene des d\u00e9placements entre Chinon et Loches qui durent 1\u00a0heure, Sainte-Maure se situant pile entre les deux. Comme sugg\u00e9r\u00e9 en introduction, l\u2019impression que donne la litt\u00e9rature relative \u00e0 l\u2019acc\u00e9l\u00e9ration du temps appara\u00eet souvent comme l\u2019apanage des centres urbains. C\u2019\u00e9tait d\u00e9j\u00e0 le cas lorsque le sociologue allemand Georg Simmel \u00e9tudiait le lien entre \u00ab\u2009les grandes villes et la vie de l\u2019esprit\u2009\u00bb\u2009: la multiplication des connexions et des interactions sociales entra\u00eene m\u00e9caniquement le sentiment qu\u2019il faut se d\u00e9p\u00eacher. Les gens sont toujours press\u00e9s \u00e0 Paris, rappelez-vous. C\u2019est un peu cette impression lorsqu\u2019on vit en Touraine, \u00e0 Tours compar\u00e9 \u00e0 Paris, et \u00e0 Loches de surcro\u00eet. \u00c0 l\u2019observation, les styles de vie ne sont pas fa\u00e7onn\u00e9s par les m\u00eames imp\u00e9ratifs temporels. L\u2019encha\u00eenement des p\u00e9riodes dans une journ\u00e9e, dans une semaine, dans une ann\u00e9e, n\u2019est pas bouscul\u00e9 par l\u2019injonction des m\u00e9dias, ni par la multiplication des \u00e9v\u00e8nements festifs ou politiques. Le passage du temps, dans les espaces ruraux, est cadenc\u00e9 par les march\u00e9s, la saison touristique, et par les saisons tout court qui marquent le cycle de l\u2019agriculture, notamment la viticulture (pour le Chinonais).<\/p>\n<p>Ce sont par ailleurs les infrastructures qui permettent ou emp\u00eachent l\u2019acc\u00e9l\u00e9ration possible sur ces distances immuables. Les TER ne passent pas pr\u00e8s de l\u2019h\u00f4pital de Chinon (situ\u00e9 pr\u00e9cis\u00e9ment dans la for\u00eat de Saint-Beno\u00eet), et bien trop rarement \u00e0 Loches (et encore, pr\u00e8s du CH Paul-Martinais mais bien trop loin de l\u2019Ehpad de Puy-Gibault). Ce qui implique que les professionnels, malgr\u00e9 les nouvelles valeurs \u00e9cologiques, et en accusant le coup de la contrainte financi\u00e8re de l\u2019inflation des prix du carburant, prennent tous leurs v\u00e9hicules personnels. Rares sont les bus municipaux et jamais aux heures extr\u00eames que n\u00e9cessite l\u2019h\u00f4pital. La circulation est donc une condition de travail comme une autre, avec ses al\u00e9as. Comme dans les grands centres urbains, il y a des travaux qui perturbent le travail et le ralentissent. Mais l\u2019inconv\u00e9nient des CH \u00e9loign\u00e9s est qu\u2019il existe une seule route principale pour s\u2019y rendre. Une perturbation mal plac\u00e9e retarde tout le monde sans exception. Lorsqu\u2019on travaille dans le sud du GHT 37, et surtout \u00e0 Loches, la pr\u00e9sence d\u2019un tracteur peut vous faire perdre 15 \u00e0 30 minutes. Vous pensez doubler pour gagner du temps\u2009? La route est dangereuse, quelques coll\u00e8gues y ont laiss\u00e9 la vie, ce qui freine les plus impatients. La nuit, les animaux tra\u00eenent sur les routes (surtout dans la longue for\u00eat chinonaise en hiver). Quelles cons\u00e9quences sur le travail\u2009? Eh bien, hormis les soignants habitant la localit\u00e9 pr\u00e9cis\u00e9ment, les nombreux professionnels qui viennent d\u2019autres lieux, notamment de Tours, accusent fr\u00e9quemment des retards. Ce qui implique une atmosph\u00e8re de d\u00e9brouille, d\u2019embauche pas toujours badg\u00e9e au bon moment, de d\u00e9marrage de blocs quand on peut. Les r\u00e9unions ne d\u00e9marrent jamais avant 9\u2009h\u200930. \u00c9quilibre vie pro\/vie perso oblige, avec les horaires de fermetures de cr\u00e8ches ou des assistantes maternelles, l\u2019\u00e9tablissement se vide apr\u00e8s 17\u2009h\u200930. Cela tranche avec le rythme des plus grands CHU o\u00f9 les cadres de l\u2019administration travaillent encore parfois \u00e0 21\u2009h, souvent pour afficher un pr\u00e9sent\u00e9isme \u00e9nigmatique.<\/p>\n<p>La territorialisation des soins pose forc\u00e9ment la question de la comparaison entre la production d\u2019un grand centre urbain et celle des p\u00e9riph\u00e9ries. \u00c0 discipline similaire, comment penser l\u2019efficience lorsque les conditions de temps ne seront jamais les m\u00eames\u2009? Pour un m\u00eame besoin en permanence des soins dans les services d\u2019urgence, le nombre de passages est bien moindre \u00e0 Loches qu\u2019au Chu de Tours. Contre les distances, il y a toujours le fantasme d\u2019abolir les kilom\u00e8tres en d\u00e9veloppant le t\u00e9l\u00e9travail (mais pas dans les soins \u00e9videmment), voire de modifier les organisations temporelles elles-m\u00eames (on pense ici aux 12\u00a0heures, pour ne venir que deux ou trois jours par semaine). Ou la recentralisation des activit\u00e9s vers le CHU. Mais les Lochois ou les Chinonais devront alors eux-m\u00eames se d\u00e9placer vers la capitale d\u00e9partementale, venant grossir les embouteillages matinaux qui ne sont pas anecdotiques. Avoir d\u00e9j\u00e0 pass\u00e9 de 30\u00a0minutes \u00e0 1\u00a0heure dans les transports pour venir \u00e0 l\u2019embauche ne dessine pas le m\u00eame rapport au temps que ceux qui arrivent en 15 minutes. Ou qui t\u00e9l\u00e9travaillent. La question de la distance, du multisite, est donc un sujet en soi. Alors maintenant, imaginez un impatient coinc\u00e9 dans un embouteillage et qui fait r\u00e9guli\u00e8rement 1\u00a0heure de trajet pour aller travailler. Imaginez son rapport au management.<\/p>\n<blockquote><p>Allier approche \u00e9thique (celle du <i>care<\/i> notamment, qui promeut le temps pass\u00e9 \u00e0 la sollicitude des personnes fragiles) et soutenabilit\u00e9 de l\u2019exercice soignant constitue le d\u00e9fi de demain.<span class=\"Apple-converted-space\">\u00a0<\/span><\/p><\/blockquote>\n<h1>R\u00e9former le temps de travail, m\u00e8re de toutes les batailles<\/h1>\n<p>Nous avons d\u00e9crit l\u2019environnement psychologique et l\u2019espace qui entourent l\u2019activit\u00e9 hospitali\u00e8re. Entrons d\u00e9sormais \u00e0 l\u2019h\u00f4pital. La th\u00e9matique du temps de travail est incontournable dans les structures de soins, et un passage oblig\u00e9 pour les sp\u00e9cialistes des ressources humaines que sont les directeurs des ressources humaines (DRH), directeurs des affaires m\u00e9dicales (DAM) et directeurs des soins (DS). Durant de longues ann\u00e9es, le management s\u2019est cristallis\u00e9 sur les r\u00e9ductions de temps, notamment \u00e0 travers la recherche sans fin des gains. On pense ici aux m\u00e9thodes ou outils visant \u00e0 diminuer le temps d\u2019attente aux urgences ou d\u2019optimisation des consultations, ou encore de rendu d\u2019examens. Le lean management a constamment fait la chasse aux temps morts pour d\u00e9gager des gains de productivit\u00e9. Mais c\u2019est la r\u00e9forme du temps de travail dans les organisations de soins qui occupait encore le CH du Chinonais (CHC) en 2020.<\/p>\n<p>Conform\u00e9ment \u00e0 l\u2019esprit de l\u2019\u00e9poque (\u00ab\u2009les 35\u00a0heures\u2009\u00bb), un accord local relatif \u00e0 la r\u00e9duction du temps de travail du CHC avait effectivement \u00e9t\u00e9 conclu le 27\u00a0f\u00e9vrier 2002 entre la direction et une organisation syndicale. Cependant, la r\u00e9alit\u00e9 du temps de travail avait r\u00e9sist\u00e9 dans les faits. Quelques ann\u00e9es apr\u00e8s, dans une note sur l\u2019am\u00e9nagement du temps de travail (ATT) du 6 novembre 2009, un audit d\u00e9crivait d\u00e9j\u00e0 ce fonctionnement propre au CHC\u2009: \u00ab\u2009Sur l\u2019ensemble des services de soins, le cycle de travail est de 40\u00a0heures par semaine, soit 8\u00a0heures par jour. La dur\u00e9e l\u00e9gale de travail \u00e9tant de 35\u00a0heures, le CHC a accord\u00e9 aux personnels un nombre de RTT destin\u00e9es \u00e0 compenser la diff\u00e9rence de temps entre 35 et 40\u00a0heures. Pour des raisons financi\u00e8res, il a \u00e9t\u00e9 d\u00e9cid\u00e9 de n\u2019accorder que 18 RTT (17 apr\u00e8s la mise en place du jour de solidarit\u00e9), ce qui ne compensait que par rapport \u00e0 un cycle de 38\u00a0heures. Les 2 heures restantes (entre un cycle de 38\u00a0heures et un cycle de 40 heures) devaient \u00eatre r\u00e9cup\u00e9r\u00e9es par les agents, chaque semaine, en fonction des n\u00e9cessit\u00e9s de service, et ne pouvaient en aucun cas \u00eatre cumul\u00e9es. \u00c0 l\u2019issue de cette mise en place, il est constat\u00e9 pour certaines cat\u00e9gories de profession, notamment le corps IDE, une grande difficult\u00e9 \u00e0 r\u00e9cup\u00e9rer ces 2 heures.\u2009\u00bb<\/p>\n<p>L\u2019h\u00f4pital pr\u00e9sentait alors des d\u00e9cou\u00adplages de temps palpables et plusieurs constats ont \u00e9t\u00e9 r\u00e9guli\u00e8rement confirm\u00e9s par les agents eux-m\u00eames, l\u2019encadrement et la direction, faisant \u00e9tat d\u2019une grande disparit\u00e9 de fonctionnement entre les services. \u00c0 ce titre, sur le CHC\u2009:<\/p>\n<ul>\n<li>malgr\u00e9 la dur\u00e9e hebdomadaire fix\u00e9e \u00e0 38\u00a0heures, la pratique existante dans les services de soins fixe d\u2019embl\u00e9e la dur\u00e9e hebdomadaire du travail \u00e0 40\u00a0heures\u2009;<\/li>\n<li>il existe plusieurs modes d\u2019organisation du temps de travail\u2009: les services administratifs, techniques et logistiques respectent l\u2019horaire journalier de 7 heures 36 alors que les services de soins pratiquent encore un horaire de 8 heures, \u00e0 savoir 7 heures 36 + 24\u00a0minutes, r\u00e9cup\u00e9r\u00e9es d\u2019une mani\u00e8re al\u00e9atoire et souvent peu concert\u00e9e entre agents eux-m\u00eames, entre soignants et m\u00e9decins, entre soignants et cadres\u2009;<\/li>\n<li>ces 24 minutes sont souvent prises dans la semaine de travail ou par jour cumul\u00e9 (2 heures par semaine ou un jour par mois) et pos\u00e9es de mani\u00e8re tr\u00e8s al\u00e9atoire, en fonction de l\u2019activit\u00e9 du service ou plus rarement annonc\u00e9es \u00e0 l\u2019avance\u2009;<\/li>\n<li>au sein de certains services, on retrouve diff\u00e9rentes cat\u00e9gories d\u2019agents en 7 heures 36, d\u2019autres en 8 heures, ce qui cr\u00e9e un sentiment d\u2019iniquit\u00e9\u2009;<\/li>\n<li>\u00e0 l\u2019int\u00e9rieur m\u00eame des services de sant\u00e9 se trouve encore une diff\u00e9rence entre les cat\u00e9gories de soignants pouvant ou non prendre facilement cette r\u00e9cup\u00e9ration de temps, ce qui renforce ce sentiment d\u2019iniquit\u00e9\u2009;<\/li>\n<li>le suivi de ces temps de r\u00e9cup\u00e9ration est qualifi\u00e9 \u00ab\u2009d\u2019ing\u00e9rable\u2009\u00bb par l\u2019encadrement de l\u2019\u00e9tablissement. Il n\u2019existe donc aucune tra\u00e7abilit\u00e9 des heures r\u00e9cup\u00e9r\u00e9es ou \u00e0 r\u00e9cup\u00e9rer\u2009;<\/li>\n<li>le logiciel de gestion du temps de travail est param\u00e9tr\u00e9 pour une dur\u00e9e hebdomadaire de 7 heures 36 et le d\u00e9calage avec les horaires effectifs n\u00e9cessite des manipulations fastidieuses.<\/li>\n<\/ul>\n<p>En plein Covid, et au moment m\u00eame o\u00f9 le temps manquait et o\u00f9 paradoxalement l\u2019AP-HP exp\u00e9rimentait un retour aux 8 heures\/jour, la direction a entam\u00e9 sur l\u2019ann\u00e9e 2021 la r\u00e9forme des r\u00e9formes, inaboutie sur le CHC depuis vingt ans. Pour synth\u00e9tiser, l\u2019enjeu \u00e9tait d\u2019appliquer les 7 heures 36 uniform\u00e9ment sur l\u2019\u00e9tablissement et, bien \u00e9videmment, de travailler pr\u00e9cautionneusement sur les temps de transmissions. L\u2019attention de la p\u00e9riode d\u2019\u00e9valuation au dernier quadrimestre 2021 s\u2019est port\u00e9e particuli\u00e8rement sur les transmissions r\u00e9alis\u00e9es actuellement entre les \u00e9quipes du matin et de l\u2019apr\u00e8s-midi, et sur les r\u00e9unions de synth\u00e8se dans certains services.<\/p>\n<p style=\"font-weight: 400;\"><button data-toggle=\"collapse\" data-target=\"#enc_2023_484_01\">focus<\/button><div id=\"enc_2023_484_01\" class=\"encadre collapse\"><p><span class=\"surtitre_enc\">focus<\/span><\/p>\n<h2>La trame horaire au CH du Chinonais<\/h2>\n<p><img decoding=\"async\" class=\"alignnone size-full wp-image-47139\" src=\"https:\/\/gestions-hospitalieres.fr\/wp-content\/uploads\/2023\/10\/Capture-decran-2023-10-25-a-11.36.33.jpg\" alt=\"\" width=\"1500\" height=\"335\" srcset=\"https:\/\/www.ricom-web8.com\/gestions\/wp-content\/uploads\/2023\/10\/Capture-decran-2023-10-25-a-11.36.33.jpg 1500w, https:\/\/www.ricom-web8.com\/gestions\/wp-content\/uploads\/2023\/10\/Capture-decran-2023-10-25-a-11.36.33-300x67.jpg 300w, https:\/\/www.ricom-web8.com\/gestions\/wp-content\/uploads\/2023\/10\/Capture-decran-2023-10-25-a-11.36.33-1024x229.jpg 1024w, https:\/\/www.ricom-web8.com\/gestions\/wp-content\/uploads\/2023\/10\/Capture-decran-2023-10-25-a-11.36.33-768x172.jpg 768w\" sizes=\"(max-width: 1500px) 100vw, 1500px\" \/><\/p>\n<\/div><\/p>\n<p>Au 1<sup>er<\/sup> janvier 2022, la r\u00e9forme s\u2019est appliqu\u00e9e. Le temps avait une valeur diff\u00e9rente pour la direction et pour les soignants\u2009: pour les uns il fallait le r\u00e9duire pour \u00e9viter de le g\u00e2cher, pour d\u2019autres il y avait cette peur d\u2019en manquer pour assurer un suivi optimal des patients. Presque deux ans apr\u00e8s la mise en place de la r\u00e9forme, l\u2019eau a coul\u00e9 sous les ponts. Et ce n\u2019est plus ce temps-l\u00e0 dont il est question, surtout dans les CHU. Car depuis l\u2019\u00e9t\u00e9 2022, c\u2019est par le temps m\u00e9dical que ressurgit la r\u00e9flexion sur les organisations li\u00e9es aux temps de travail. Notamment \u00e0 travers le respect des 48\u00a0heures hebdomadaires pour les internes et plus globalement pour les praticiens seniors. Le Chu de Tours a d\u00e9ploy\u00e9 \u00e0 ce titre un outil de mesure du temps de travail, li\u00e9 \u00e0 la gestion des plannings, qui permet de mesurer le respect \u00e0 la r\u00e8gle des 48\u00a0heures et de contr\u00f4ler les d\u00e9passements volontaires.<\/p>\n<h1>Retrouver du temps pour un travail bien fait\u2009: notre avenir\u2009?<\/h1>\n<p>Redisons-le\u2009: le temps est la condition de travail la plus sensible dans les organisations de travail. R\u00e9former le temps de travail, r\u00e9duire les d\u00e9lais ou effacer les distances n\u2019acc\u00e9l\u00e8re pas forc\u00e9ment notre production. Par exemple, la recherche permanente de gains de temps pour soigner plus produit d\u00e9sormais son strict oppos\u00e9\u2009: des aspirations urgentes \u00e0 ralentir. Et bien plus que si nous avions anticip\u00e9 cette demande. Dans l\u2019ensemble des enqu\u00eates r\u00e9centes, les nouveaux professionnels d\u00e9veloppent des positions qui permettent pr\u00e9cis\u00e9ment de r\u00e9cup\u00e9rer du temps personnel au d\u00e9triment du temps de travail\u2009:<\/p>\n<ul>\n<li>embauche deux ou trois mois apr\u00e8s la sortie d\u2019\u00e9cole (m\u00eame les dispositifs financiers pour travailler d\u00e8s la sortie se r\u00e9v\u00e8lent peu efficaces)\u2009;<\/li>\n<li>demande de temps partiel\u2009; disponibilit\u00e9 courte\u2009;<\/li>\n<li>alternance de parcours public\/priv\u00e9\/lib\u00e9ral\u2009;<\/li>\n<li>demande de temps partag\u00e9 entre le CHU o\u00f9 le rythme est intense et les plus petits \u00e9tablissements o\u00f9 l\u2019activit\u00e9 est bien plus ma\u00eetrisable\u2009;<\/li>\n<li>demande d\u2019activit\u00e9 non clinique\u2009;<\/li>\n<li>interdiction des r\u00e9unions avant 8\u2009h\u200930 ou apr\u00e8s 18\u2009h, etc.<\/li>\n<\/ul>\n<p>Un aspect invisible de ces nouvelles aspirations, ou plus pr\u00e9cis\u00e9ment de l\u2019\u00e9volution des m\u0153urs de travail, c\u2019est l\u2019individualisation des parcours. Dans une direction des affaires m\u00e9dicales, il y a un changement de culture qui provoque un changement de pratique de gestion\u2026 chronophage. En effet, dans l\u2019id\u00e9e classique que nous nous faisons de l\u2019administration, la direction de gestion des ressources humaines dispose des \u00e9l\u00e9ments techniques et r\u00e9glementaires pour accueillir rapidement chaque praticien en fonction de sa situation et de le renvoyer \u00e0 l\u2019application d\u2019un texte qui encadre sa carri\u00e8re (type de contrat, passage de concours, grille avec les \u00e9chelons, avancement chronologique, etc.). Il y avait un c\u00f4t\u00e9 universel (la loi s\u2019applique \u00e0 tous) et \u00e9galitaire (les situations similaires ont le m\u00eame traitement) qui \u00e9tait arrangeant en termes de d\u00e9lai de traitement. Avec l\u2019individualisation, chaque agent va demander du temps de n\u00e9gociation pour que la direction prenne en compte des aspects singuliers\u2009: p\u00e9nibilit\u00e9 d\u2019une discipline par rapport \u00e0 une autre, manque d\u2019effectifs, situation personnelle et familiale, et presque style de consommation dans la vie priv\u00e9e. Ce renversement de pratique d\u00e9cuple le temps pass\u00e9 par dossier, entra\u00eenant des d\u00e9lais plus importants. Voire des demandes d\u2019effectifs pour absorber ce temps. Que dire de la multiplication des contr\u00f4les ou des \u00e9volutions de logiciel\u2026 qui rajoutent du temps au temps.<\/p>\n<p>En somme, il faut se rendre \u00e0 l\u2019\u00e9vidence. Notre rapport au temps, dans notre travail quotidien, est ambivalent\u2009: sur certains sujets nous voulons aller plus vite (transports, r\u00e9ponse des interlocuteurs, traitement des dossiers administratifs, connexion Internet, d\u00e9livrance des r\u00e9sultats, etc.), sur d\u2019autres nous souhaitons ralentir ou retrouver du temps (r\u00e9flexion, pr\u00e9sence au lit du patient, r\u00e9unions et staff, passer du temps\u2026en dehors du travail). Le management lui-m\u00eame fait sa mue actuellement. Nous passons de l\u2019\u00e8re du lean management, d\u2019une p\u00e9riode de dix\u00a0ans o\u00f9 le temps \u00e9tait un ennemi \u00e0 l\u2019\u00e9liminer ou \u00e0 ma\u00eetriser, \u00e0 l\u2019\u00e8re du management participatif. \u00c0 ce titre, il est int\u00e9ressant de voir se concr\u00e9tiser une aspiration profonde des hospitaliers, \u00e0 savoir l\u2019urgence de se r\u00e9approprier le temps afin de r\u00e9aliser le travail bien fait<sup class=\"appel\" data-toggle=\"modal\" data-target=\"#notes\">(2)<\/sup>, dans le respect du patient. Allier approche \u00e9thique (celle du <i>care<\/i> notamment, qui promeut le temps pass\u00e9 \u00e0 la sollicitude des personnes fragiles) et soutenabilit\u00e9 de l\u2019exercice soignant constitue le d\u00e9fi de demain. C\u2019est-\u00e0-dire promouvoir une g\u00e9n\u00e9ration de professionnels capable de rester ancr\u00e9e et de se projeter plus longtemps dans nos \u00e9tablissements, notamment \u00e0 l\u2019heure des d\u00e9bats sur les retraites et le temps pass\u00e9 au travail dans nos cycles de vie<sup class=\"appel\" data-toggle=\"modal\" data-target=\"#notes\">(3)<\/sup>. Dans son <i>Cahier technique sur le management participatif et collaboratif<\/i>, la F\u00e9d\u00e9ration hospitali\u00e8re de France (FHF) explicite cette tendance de fond\u2009: si nous voulons d\u00e9velopper l\u2019engagement et la participation des hospitaliers, au plus proche des unit\u00e9s de soin, il faut leur donner du temps. Et ce temps sera pris provisoirement sur le temps de travail. Temps d\u2019\u00e9changes, staff, debrief, Retex, s\u00e9minaire pluriprofessionnels, temps d\u2019\u00e9coute, d\u00e9bat, d\u00e9finition des valeurs et des objectifs du service. Pl\u00e9biscit\u00e9e par les personnes interrog\u00e9es, la r\u00e9appropriation de l\u2019exercice soignant passe par l\u2019\u00e9panouissement des mod\u00e8les d\u2019organisation apprenante. Au CHU de Tours, certains services ont commenc\u00e9 \u00e0 afficher leurs d\u00e9marches participatives. Nous verrons bien, avec le temps, si cela dessine nos \u00e9tablissements pour les trente prochaines ann\u00e9es.<\/p>\n<button data-toggle=\"collapse\" data-target=\"#enc_2023_484_02\">carte<\/button><div id=\"enc_2023_484_02\" class=\"encadre collapse\"><p><span class=\"surtitre_enc\">carte<\/span><\/p>\n<h2>Le GHT Touraine Val-de-Loire (37)<\/h2>\n<p><img decoding=\"async\" class=\"alignnone size-full wp-image-47137\" src=\"https:\/\/gestions-hospitalieres.fr\/wp-content\/uploads\/2023\/10\/Capture-decran-2023-10-25-a-11.33.01.jpg\" alt=\"\" width=\"982\" height=\"1000\" srcset=\"https:\/\/www.ricom-web8.com\/gestions\/wp-content\/uploads\/2023\/10\/Capture-decran-2023-10-25-a-11.33.01.jpg 982w, https:\/\/www.ricom-web8.com\/gestions\/wp-content\/uploads\/2023\/10\/Capture-decran-2023-10-25-a-11.33.01-295x300.jpg 295w, https:\/\/www.ricom-web8.com\/gestions\/wp-content\/uploads\/2023\/10\/Capture-decran-2023-10-25-a-11.33.01-768x782.jpg 768w\" sizes=\"(max-width: 982px) 100vw, 982px\" \/><\/p>\n<p>&nbsp;<\/p>\n<\/div>\n<script>function PlayerjsAsync(){} if(window[\"Playerjs\"]){PlayerjsAsync();}<\/script>","protected":false},"excerpt":{"rendered":"<p>Le temps comme v\u00e9cu personnel Il faut s\u2019accorder sur un point primordial\u2009: le temps est l\u2019une des conditions essentielles (avec l\u2019espace) de toute exp\u00e9rience physique et il est appr\u00e9hend\u00e9 diff\u00e9remment en fonction du v\u00e9cu de chacun. On a tous \u00e0 la fois peur d\u2019en manquer dans certaines situations et peur d\u2019en avoir trop\u2009; on aime ou on d\u00e9teste attendre. On en consacre aux autres, ou on en vole aux autres.&hellip; <\/p>\n","protected":false},"author":23133,"featured_media":0,"comment_status":"closed","ping_status":"closed","sticky":false,"template":"","format":"standard","meta":{"_acf_changed":false,"_relevanssi_hide_post":"","_relevanssi_hide_content":"","_relevanssi_pin_for_all":"","_relevanssi_pin_keywords":"","_relevanssi_unpin_keywords":"","_relevanssi_related_keywords":"","_relevanssi_related_include_ids":"","_relevanssi_related_exclude_ids":"","_relevanssi_related_no_append":"","_relevanssi_related_not_related":"","_relevanssi_related_posts":"","_relevanssi_noindex_reason":"","footnotes":""},"categories":[26,2],"tags":[9860,9859,9861,5697,5948,1005,1733],"class_list":["post-47133","post","type-post","status-publish","format-standard","hentry","category-dossier","category-gestions-hospitalieres","tag-distance","tag-ght-touraine","tag-horaire","tag-qvt","tag-ruralite","tag-temps","tag-transport"],"acf":[],"yoast_head":"<!-- This site is optimized with the Yoast SEO plugin v24.8.1 - https:\/\/yoast.com\/wordpress\/plugins\/seo\/ -->\n<title>\u00c9prouver le temps - Gestions hospitali\u00e8res<\/title>\n<meta name=\"robots\" content=\"index, follow, max-snippet:-1, max-image-preview:large, max-video-preview:-1\" \/>\n<link rel=\"canonical\" href=\"https:\/\/www.ricom-web8.com\/gestions\/eprouver-le-temps\/\" \/>\n<meta property=\"og:locale\" content=\"fr_FR\" \/>\n<meta property=\"og:type\" content=\"article\" \/>\n<meta property=\"og:title\" content=\"\u00c9prouver le temps - Gestions hospitali\u00e8res\" \/>\n<meta property=\"og:description\" content=\"Le temps comme v\u00e9cu personnel Il faut s\u2019accorder sur un point primordial\u2009: le temps est l\u2019une des conditions essentielles (avec l\u2019espace) de toute exp\u00e9rience physique et il est appr\u00e9hend\u00e9 diff\u00e9remment en fonction du v\u00e9cu de chacun. On a tous \u00e0 la fois peur d\u2019en manquer dans certaines situations et peur d\u2019en avoir trop\u2009; on aime ou on d\u00e9teste attendre. On en consacre aux autres, ou on en vole aux autres.&hellip;\" \/>\n<meta property=\"og:url\" content=\"https:\/\/www.ricom-web8.com\/gestions\/eprouver-le-temps\/\" \/>\n<meta property=\"og:site_name\" content=\"Gestions hospitali\u00e8res\" \/>\n<meta property=\"article:publisher\" content=\"https:\/\/www.facebook.com\/gestionshospitalieres\/\" \/>\n<meta property=\"article:published_time\" content=\"2023-10-01T09:14:13+00:00\" \/>\n<meta property=\"article:modified_time\" content=\"2023-10-30T09:10:59+00:00\" \/>\n<meta name=\"author\" content=\"Gestions hospitali\u00e8res\" \/>\n<meta name=\"twitter:card\" content=\"summary_large_image\" \/>\n<meta name=\"twitter:creator\" content=\"@revue_GH\" \/>\n<meta name=\"twitter:site\" content=\"@revue_GH\" \/>\n<meta name=\"twitter:label1\" content=\"\u00c9crit par\" \/>\n\t<meta name=\"twitter:data1\" content=\"Gestions hospitali\u00e8res\" \/>\n\t<meta name=\"twitter:label2\" content=\"Dur\u00e9e de lecture estim\u00e9e\" \/>\n\t<meta name=\"twitter:data2\" content=\"15 minutes\" \/>\n<script type=\"application\/ld+json\" class=\"yoast-schema-graph\">{\"@context\":\"https:\/\/schema.org\",\"@graph\":[{\"@type\":\"Article\",\"@id\":\"https:\/\/www.ricom-web8.com\/gestions\/eprouver-le-temps\/#article\",\"isPartOf\":{\"@id\":\"https:\/\/www.ricom-web8.com\/gestions\/eprouver-le-temps\/\"},\"author\":{\"name\":\"Gestions hospitali\u00e8res\",\"@id\":\"https:\/\/www.ricom-web8.com\/gestions\/#\/schema\/person\/3ba9fe913190dfe9507feb621e902c1f\"},\"headline\":\"\u00c9prouver le temps\",\"datePublished\":\"2023-10-01T09:14:13+00:00\",\"dateModified\":\"2023-10-30T09:10:59+00:00\",\"mainEntityOfPage\":{\"@id\":\"https:\/\/www.ricom-web8.com\/gestions\/eprouver-le-temps\/\"},\"wordCount\":3170,\"publisher\":{\"@id\":\"https:\/\/www.ricom-web8.com\/gestions\/#organization\"},\"keywords\":[\"distance\",\"GHT Touraine\",\"horaire\",\"QVT\",\"ruralit\u00e9\",\"temps\",\"transport\"],\"articleSection\":[\"dossier\",\"Gestions Hospitali\u00e8res\"],\"inLanguage\":\"fr-FR\"},{\"@type\":\"WebPage\",\"@id\":\"https:\/\/www.ricom-web8.com\/gestions\/eprouver-le-temps\/\",\"url\":\"https:\/\/www.ricom-web8.com\/gestions\/eprouver-le-temps\/\",\"name\":\"\u00c9prouver le temps - Gestions hospitali\u00e8res\",\"isPartOf\":{\"@id\":\"https:\/\/www.ricom-web8.com\/gestions\/#website\"},\"datePublished\":\"2023-10-01T09:14:13+00:00\",\"dateModified\":\"2023-10-30T09:10:59+00:00\",\"breadcrumb\":{\"@id\":\"https:\/\/www.ricom-web8.com\/gestions\/eprouver-le-temps\/#breadcrumb\"},\"inLanguage\":\"fr-FR\",\"potentialAction\":[{\"@type\":\"ReadAction\",\"target\":[\"https:\/\/www.ricom-web8.com\/gestions\/eprouver-le-temps\/\"]}]},{\"@type\":\"BreadcrumbList\",\"@id\":\"https:\/\/www.ricom-web8.com\/gestions\/eprouver-le-temps\/#breadcrumb\",\"itemListElement\":[{\"@type\":\"ListItem\",\"position\":1,\"name\":\"Accueil\",\"item\":\"https:\/\/www.ricom-web8.com\/gestions\/\"},{\"@type\":\"ListItem\",\"position\":2,\"name\":\"\u00c9prouver le temps\"}]},{\"@type\":\"WebSite\",\"@id\":\"https:\/\/www.ricom-web8.com\/gestions\/#website\",\"url\":\"https:\/\/www.ricom-web8.com\/gestions\/\",\"name\":\"Gestions hospitali\u00e8res\",\"description\":\"la revue des d\u00e9cideurs hospitaliers\",\"publisher\":{\"@id\":\"https:\/\/www.ricom-web8.com\/gestions\/#organization\"},\"potentialAction\":[{\"@type\":\"SearchAction\",\"target\":{\"@type\":\"EntryPoint\",\"urlTemplate\":\"https:\/\/www.ricom-web8.com\/gestions\/?s={search_term_string}\"},\"query-input\":{\"@type\":\"PropertyValueSpecification\",\"valueRequired\":true,\"valueName\":\"search_term_string\"}}],\"inLanguage\":\"fr-FR\"},{\"@type\":\"Organization\",\"@id\":\"https:\/\/www.ricom-web8.com\/gestions\/#organization\",\"name\":\"Gestions hospitali\u00e8res\",\"url\":\"https:\/\/www.ricom-web8.com\/gestions\/\",\"logo\":{\"@type\":\"ImageObject\",\"inLanguage\":\"fr-FR\",\"@id\":\"https:\/\/www.ricom-web8.com\/gestions\/#\/schema\/logo\/image\/\",\"url\":\"https:\/\/gestions-hospitalieres.fr\/wp-content\/uploads\/2017\/02\/picto_Gif-GH-trans.png\",\"contentUrl\":\"https:\/\/gestions-hospitalieres.fr\/wp-content\/uploads\/2017\/02\/picto_Gif-GH-trans.png\",\"width\":512,\"height\":512,\"caption\":\"Gestions hospitali\u00e8res\"},\"image\":{\"@id\":\"https:\/\/www.ricom-web8.com\/gestions\/#\/schema\/logo\/image\/\"},\"sameAs\":[\"https:\/\/www.facebook.com\/gestionshospitalieres\/\",\"https:\/\/x.com\/revue_GH\",\"https:\/\/www.linkedin.com\/company\/gestions-hospitalieres?trk=top_nav_home\"]},{\"@type\":\"Person\",\"@id\":\"https:\/\/www.ricom-web8.com\/gestions\/#\/schema\/person\/3ba9fe913190dfe9507feb621e902c1f\",\"name\":\"Gestions hospitali\u00e8res\",\"image\":{\"@type\":\"ImageObject\",\"inLanguage\":\"fr-FR\",\"@id\":\"https:\/\/www.ricom-web8.com\/gestions\/#\/schema\/person\/image\/\",\"url\":\"https:\/\/secure.gravatar.com\/avatar\/1a0d93e6db5dbe7dac96bae4757d256f?s=96&d=mm&r=g\",\"contentUrl\":\"https:\/\/secure.gravatar.com\/avatar\/1a0d93e6db5dbe7dac96bae4757d256f?s=96&d=mm&r=g\",\"caption\":\"Gestions hospitali\u00e8res\"},\"url\":\"https:\/\/www.ricom-web8.com\/gestions\/author\/benjamin\/\"}]}<\/script>\n<!-- \/ Yoast SEO plugin. -->","yoast_head_json":{"title":"\u00c9prouver le temps - Gestions hospitali\u00e8res","robots":{"index":"index","follow":"follow","max-snippet":"max-snippet:-1","max-image-preview":"max-image-preview:large","max-video-preview":"max-video-preview:-1"},"canonical":"https:\/\/www.ricom-web8.com\/gestions\/eprouver-le-temps\/","og_locale":"fr_FR","og_type":"article","og_title":"\u00c9prouver le temps - Gestions hospitali\u00e8res","og_description":"Le temps comme v\u00e9cu personnel Il faut s\u2019accorder sur un point primordial\u2009: le temps est l\u2019une des conditions essentielles (avec l\u2019espace) de toute exp\u00e9rience physique et il est appr\u00e9hend\u00e9 diff\u00e9remment en fonction du v\u00e9cu de chacun. On a tous \u00e0 la fois peur d\u2019en manquer dans certaines situations et peur d\u2019en avoir trop\u2009; on aime ou on d\u00e9teste attendre. On en consacre aux autres, ou on en vole aux autres.&hellip;","og_url":"https:\/\/www.ricom-web8.com\/gestions\/eprouver-le-temps\/","og_site_name":"Gestions hospitali\u00e8res","article_publisher":"https:\/\/www.facebook.com\/gestionshospitalieres\/","article_published_time":"2023-10-01T09:14:13+00:00","article_modified_time":"2023-10-30T09:10:59+00:00","author":"Gestions hospitali\u00e8res","twitter_card":"summary_large_image","twitter_creator":"@revue_GH","twitter_site":"@revue_GH","twitter_misc":{"\u00c9crit par":"Gestions hospitali\u00e8res","Dur\u00e9e de lecture estim\u00e9e":"15 minutes"},"schema":{"@context":"https:\/\/schema.org","@graph":[{"@type":"Article","@id":"https:\/\/www.ricom-web8.com\/gestions\/eprouver-le-temps\/#article","isPartOf":{"@id":"https:\/\/www.ricom-web8.com\/gestions\/eprouver-le-temps\/"},"author":{"name":"Gestions hospitali\u00e8res","@id":"https:\/\/www.ricom-web8.com\/gestions\/#\/schema\/person\/3ba9fe913190dfe9507feb621e902c1f"},"headline":"\u00c9prouver le temps","datePublished":"2023-10-01T09:14:13+00:00","dateModified":"2023-10-30T09:10:59+00:00","mainEntityOfPage":{"@id":"https:\/\/www.ricom-web8.com\/gestions\/eprouver-le-temps\/"},"wordCount":3170,"publisher":{"@id":"https:\/\/www.ricom-web8.com\/gestions\/#organization"},"keywords":["distance","GHT Touraine","horaire","QVT","ruralit\u00e9","temps","transport"],"articleSection":["dossier","Gestions Hospitali\u00e8res"],"inLanguage":"fr-FR"},{"@type":"WebPage","@id":"https:\/\/www.ricom-web8.com\/gestions\/eprouver-le-temps\/","url":"https:\/\/www.ricom-web8.com\/gestions\/eprouver-le-temps\/","name":"\u00c9prouver le temps - Gestions hospitali\u00e8res","isPartOf":{"@id":"https:\/\/www.ricom-web8.com\/gestions\/#website"},"datePublished":"2023-10-01T09:14:13+00:00","dateModified":"2023-10-30T09:10:59+00:00","breadcrumb":{"@id":"https:\/\/www.ricom-web8.com\/gestions\/eprouver-le-temps\/#breadcrumb"},"inLanguage":"fr-FR","potentialAction":[{"@type":"ReadAction","target":["https:\/\/www.ricom-web8.com\/gestions\/eprouver-le-temps\/"]}]},{"@type":"BreadcrumbList","@id":"https:\/\/www.ricom-web8.com\/gestions\/eprouver-le-temps\/#breadcrumb","itemListElement":[{"@type":"ListItem","position":1,"name":"Accueil","item":"https:\/\/www.ricom-web8.com\/gestions\/"},{"@type":"ListItem","position":2,"name":"\u00c9prouver le temps"}]},{"@type":"WebSite","@id":"https:\/\/www.ricom-web8.com\/gestions\/#website","url":"https:\/\/www.ricom-web8.com\/gestions\/","name":"Gestions hospitali\u00e8res","description":"la revue des d\u00e9cideurs hospitaliers","publisher":{"@id":"https:\/\/www.ricom-web8.com\/gestions\/#organization"},"potentialAction":[{"@type":"SearchAction","target":{"@type":"EntryPoint","urlTemplate":"https:\/\/www.ricom-web8.com\/gestions\/?s={search_term_string}"},"query-input":{"@type":"PropertyValueSpecification","valueRequired":true,"valueName":"search_term_string"}}],"inLanguage":"fr-FR"},{"@type":"Organization","@id":"https:\/\/www.ricom-web8.com\/gestions\/#organization","name":"Gestions hospitali\u00e8res","url":"https:\/\/www.ricom-web8.com\/gestions\/","logo":{"@type":"ImageObject","inLanguage":"fr-FR","@id":"https:\/\/www.ricom-web8.com\/gestions\/#\/schema\/logo\/image\/","url":"https:\/\/gestions-hospitalieres.fr\/wp-content\/uploads\/2017\/02\/picto_Gif-GH-trans.png","contentUrl":"https:\/\/gestions-hospitalieres.fr\/wp-content\/uploads\/2017\/02\/picto_Gif-GH-trans.png","width":512,"height":512,"caption":"Gestions hospitali\u00e8res"},"image":{"@id":"https:\/\/www.ricom-web8.com\/gestions\/#\/schema\/logo\/image\/"},"sameAs":["https:\/\/www.facebook.com\/gestionshospitalieres\/","https:\/\/x.com\/revue_GH","https:\/\/www.linkedin.com\/company\/gestions-hospitalieres?trk=top_nav_home"]},{"@type":"Person","@id":"https:\/\/www.ricom-web8.com\/gestions\/#\/schema\/person\/3ba9fe913190dfe9507feb621e902c1f","name":"Gestions hospitali\u00e8res","image":{"@type":"ImageObject","inLanguage":"fr-FR","@id":"https:\/\/www.ricom-web8.com\/gestions\/#\/schema\/person\/image\/","url":"https:\/\/secure.gravatar.com\/avatar\/1a0d93e6db5dbe7dac96bae4757d256f?s=96&d=mm&r=g","contentUrl":"https:\/\/secure.gravatar.com\/avatar\/1a0d93e6db5dbe7dac96bae4757d256f?s=96&d=mm&r=g","caption":"Gestions hospitali\u00e8res"},"url":"https:\/\/www.ricom-web8.com\/gestions\/author\/benjamin\/"}]}},"_links":{"self":[{"href":"https:\/\/www.ricom-web8.com\/gestions\/wp-json\/wp\/v2\/posts\/47133","targetHints":{"allow":["GET"]}}],"collection":[{"href":"https:\/\/www.ricom-web8.com\/gestions\/wp-json\/wp\/v2\/posts"}],"about":[{"href":"https:\/\/www.ricom-web8.com\/gestions\/wp-json\/wp\/v2\/types\/post"}],"author":[{"embeddable":true,"href":"https:\/\/www.ricom-web8.com\/gestions\/wp-json\/wp\/v2\/users\/23133"}],"replies":[{"embeddable":true,"href":"https:\/\/www.ricom-web8.com\/gestions\/wp-json\/wp\/v2\/comments?post=47133"}],"version-history":[{"count":1,"href":"https:\/\/www.ricom-web8.com\/gestions\/wp-json\/wp\/v2\/posts\/47133\/revisions"}],"predecessor-version":[{"id":47140,"href":"https:\/\/www.ricom-web8.com\/gestions\/wp-json\/wp\/v2\/posts\/47133\/revisions\/47140"}],"wp:attachment":[{"href":"https:\/\/www.ricom-web8.com\/gestions\/wp-json\/wp\/v2\/media?parent=47133"}],"wp:term":[{"taxonomy":"category","embeddable":true,"href":"https:\/\/www.ricom-web8.com\/gestions\/wp-json\/wp\/v2\/categories?post=47133"},{"taxonomy":"post_tag","embeddable":true,"href":"https:\/\/www.ricom-web8.com\/gestions\/wp-json\/wp\/v2\/tags?post=47133"}],"curies":[{"name":"wp","href":"https:\/\/api.w.org\/{rel}","templated":true}]}}