

{"id":47161,"date":"2023-10-01T16:40:02","date_gmt":"2023-10-01T14:40:02","guid":{"rendered":"https:\/\/gestions-hospitalieres.fr\/?p=47161"},"modified":"2023-10-30T10:09:20","modified_gmt":"2023-10-30T09:09:20","slug":"secretariats-medicaux-et-digitalisation-des-pratiques","status":"publish","type":"post","link":"https:\/\/www.ricom-web8.com\/gestions\/secretariats-medicaux-et-digitalisation-des-pratiques\/","title":{"rendered":"Secr\u00e9tariats m\u00e9dicaux et digitalisation des pratiques"},"content":{"rendered":"<span class=\"span-reading-time rt-reading-time\" style=\"display: block;\"><span class=\"rt-label rt-prefix\">Temps de lecture\u00a0: <\/span> <span class=\"rt-time\"> 5<\/span> <span class=\"rt-label rt-postfix\">minutes<\/span><\/span><p>Depuis plusieurs ann\u00e9es, de nombreux programmes d\u2019investissement (Ma sant\u00e9 2022, S\u00e9gur du num\u00e9rique\u2026) ont \u00e9t\u00e9 \u00e9dict\u00e9s au niveau national afin d\u2019acc\u00e9l\u00e9rer la transition num\u00e9rique dans les \u00e9tablissements de sant\u00e9. Si l\u2019implantation d\u2019outils num\u00e9riques dans les \u00e9tablissements pr\u00e9sente de nombreux avantages\u00a0\u2013 facilitation de la communication patient\/\u00e9quipe m\u00e9dicale, renforcement de la qualit\u00e9\/s\u00e9curit\u00e9 des soins, simplification du partage de l\u2019information au sein des \u00e9tablissements ou entre la ville et l\u2019h\u00f4pital \u2013, le virage num\u00e9rique qui s\u2019op\u00e8re n\u2019est pas sans cons\u00e9quence sur les organisations et les pratiques des professionnels, notamment celles des secr\u00e9tariats m\u00e9dicaux. Les impacts sont nombreux, mais il serait dangereusement r\u00e9ducteur de consid\u00e9rer que la mise en place de ces outils s\u2019accompagne d\u2019une diminution massive des effectifs, sur la base de ratios norm\u00e9s.<span class=\"Apple-converted-space\">\u00a0<\/span><\/p>\n<h1>Innovation num\u00e9rique, l\u2019impact sur les secr\u00e9tariats<\/h1>\n<p>Tout comme de nombreux m\u00e9tiers, celui des secr\u00e9tariats m\u00e9dicaux est concern\u00e9 par l\u2019innovation num\u00e9rique, avec l\u2019apparition et la mise en place d\u2019outils qui impactent directement leur quotidien\u2009: dict\u00e9e num\u00e9rique, reconnaissance vocale, informatisation du dossier patient, outils de prise de rendez-vous en ligne, bornes d\u2019accueil\u2026 Plusieurs t\u00e2ches \u00ab\u2009historiques\u2009\u00bb sont ainsi amen\u00e9es \u00e0 dispara\u00eetre ou \u00e0 diminuer fortement tandis que de nouvelles peuvent appara\u00eetre, induites par le d\u00e9veloppement du num\u00e9rique.<span class=\"Apple-converted-space\">\u00a0<\/span><\/p>\n<p>Pour \u00e9tayer nos propos, prenons un exemple concret\u2009: la mise en place d\u2019un outil de reconnaissance vocale dans un \u00e9tablissement hospitalier.<\/p>\n<h2>La reconnaissance vocale<\/h2>\n<p>De nombreux h\u00f4pitaux accusent un retard dans la production des comptes-rendus. La reconnaissance vocale permet <i>a priori<\/i> de r\u00e9duire les d\u00e9lais de production de ces documents\u2009: les secr\u00e9tariats m\u00e9dicaux ne re\u00e7oivent plus qu\u2019une production \u00e0 mettre en forme et\/ou \u00e0 relire, l\u2019outil de reconnaissance vocale permettant, d\u00e8s la dict\u00e9e par le m\u00e9decin, sa traduction en texte.<span class=\"Apple-converted-space\">\u00a0<\/span><\/p>\n<p>Les nombreuses \u00e9tudes sur les gains de productivit\u00e9 en lien avec la reconnaissance vocale permettent d\u2019apporter un \u00e9clairage aux d\u00e9cideurs des \u00e9tablissements hospitaliers. En 2018, lors de la Paris Healthcare Week de 2018, deux directeurs relevaient les points suivants\u2009:<span class=\"Apple-converted-space\">\u00a0<\/span><\/p>\n<ul>\n<li>augmentation de 20\u2009% du nombre de comptes-rendus d\u2019hospitalisation envoy\u00e9s \u00e0 la m\u00e9decine de ville en moins de huit jours apr\u00e8s la sortie du patient\u2009;<\/li>\n<li>diminution de 75\u2009% du d\u00e9lai de production et d\u2019envoi de la lettre de liaison apr\u00e8s une hospitalisation, de 70\u2009% apr\u00e8s une consultation.<span class=\"Apple-converted-space\">\u00a0<\/span><\/li>\n<\/ul>\n<p>Si ces constats macroscopiques sont int\u00e9ressants \u00e0 prendre en compte, ils ne peuvent \u00eatre g\u00e9n\u00e9ralis\u00e9s \u00e0 l\u2019ensemble des \u00e9tablissements. Selon l\u2019outil et\/ou le mode d\u2019organisation, les impacts peuvent diff\u00e9rer d\u2019un \u00e9tablissement \u00e0 l\u2019autre. Par exemple, est-ce que l\u2019\u00e9tablissement a choisi un outil permettant aux secr\u00e9tariats m\u00e9dicaux de r\u00e9\u00e9couter la bande-son en parall\u00e8le de la relecture\u2009? Est-ce que les secr\u00e9tariats m\u00e9dicaux devront proc\u00e9der \u00e0 la correction syntaxique et\/ou orthographique du compte-rendu\u2009? Est-ce qu\u2019ils seront responsables de la mise en forme du courrier\u2009? En fonction de chacun de ces choix, l\u2019impact sur le temps secr\u00e9tariat sera diff\u00e9rent et il serait encore une fois dangereux d\u2019appliquer une simple r\u00e8gle de proportionnalit\u00e9 pour \u00e9valuer le gain (par exemple, gain de 5 minutes pour chaque compte-rendu). D\u00e8s lors, comment mesurer de mani\u00e8re effective les impacts sur les pratiques et, plus largement, sur les potentiels gains de temps g\u00e9n\u00e9r\u00e9s par l\u2019outil\u2009?<span class=\"Apple-converted-space\">\u00a0<\/span><\/p>\n<p>Il est \u00e0 notre sens crucial, tant les enjeux sont d\u00e9cisifs, de proc\u00e9der \u00e0 une v\u00e9ritable analyse et de ne pas se contenter des discours commerciaux qui peuvent accompagner la pr\u00e9sentation des outils. Comment quantifier les impacts en termes de temps\u2009? Comment \u00eatre s\u00fbr de ne pas sur\u00e9valuer ou sous-\u00e9valuer les ressources humaines n\u00e9cessaires au regard de l\u2019\u00e9volution des t\u00e2ches\u2009? Pour r\u00e9pondre \u00e0 ces diff\u00e9rentes interrogations, nous avons la conviction qu\u2019il est n\u00e9cessaire d\u2019obtenir une vision pr\u00e9cise du temps pass\u00e9 par les secr\u00e9tariats m\u00e9dicaux aux diff\u00e9rentes t\u00e2ches effectu\u00e9es dans le cadre de leurs missions. Cela repr\u00e9sente un pr\u00e9requis n\u00e9cessaire avant de pouvoir \u00e9valuer les impacts de chaque outil sur les t\u00e2ches effectu\u00e9es.<span class=\"Apple-converted-space\">\u00a0<\/span><\/p>\n<h1>D\u00e9ploiement d\u2019un nouvel outil\u2009, l\u2019\u00e9tude d\u2019impact\u2009<span class=\"Apple-converted-space\">\u00a0<\/span><\/h1>\n<p>Nous pr\u00e9conisons une m\u00e9thodologie simple\u2009: les agents des secr\u00e9tariats m\u00e9dicaux indiquent le temps pass\u00e9 \u00e0 chaque t\u00e2che sur une p\u00e9riode donn\u00e9e. Cela permet une vision pr\u00e9cise du temps d\u00e9volu \u00e0 la r\u00e9alisation de t\u00e2ches susceptibles d\u2019\u00eatre impact\u00e9es par le d\u00e9ploiement du nouvel outil.<span class=\"Apple-converted-space\">\u00a0<\/span><\/p>\n<p>Pour \u00e9tablir ce recueil, la premi\u00e8re \u00e9tape est de constituer une liste exhaustive des t\u00e2ches des secr\u00e9tariats m\u00e9dicaux. La formalisation du recueil peut \u00eatre faite en collaboration avec l\u2019encadrement des secr\u00e9tariats m\u00e9dicaux et\/ou en associant des secr\u00e9taires m\u00e9dicales repr\u00e9sentatives de plusieurs secteurs d\u2019activit\u00e9.<\/p>\n<p>Le recueil de temps doit \u00eatre pens\u00e9 pour \u00eatre le plus simple d\u2019utilisation. Le tableau ci-dessous pr\u00e9sente un extrait du recueil des t\u00e2ches que nous avons l\u2019habitude d\u2019utiliser.<\/p>\n<p style=\"font-weight: 400;\"><button data-toggle=\"collapse\" data-target=\"#enc_2023_508_01\">tableau<\/button><div id=\"enc_2023_508_01\" class=\"encadre collapse\"><p><span class=\"surtitre_enc\">tableau<\/span><\/p>\n<h2>Secr\u00e9tariat m\u00e9dical<\/h2>\n<p><strong>Trame de recueil de temps pass\u00e9 aux diff\u00e9rentes t\u00e2ches<\/strong><\/p>\n<p><img decoding=\"async\" class=\"alignnone size-full wp-image-47163\" src=\"https:\/\/gestions-hospitalieres.fr\/wp-content\/uploads\/2023\/10\/Capture-decran-2023-10-25-a-17.08.43.jpg\" alt=\"\" width=\"1386\" height=\"1000\" srcset=\"https:\/\/www.ricom-web8.com\/gestions\/wp-content\/uploads\/2023\/10\/Capture-decran-2023-10-25-a-17.08.43.jpg 1386w, https:\/\/www.ricom-web8.com\/gestions\/wp-content\/uploads\/2023\/10\/Capture-decran-2023-10-25-a-17.08.43-300x216.jpg 300w, https:\/\/www.ricom-web8.com\/gestions\/wp-content\/uploads\/2023\/10\/Capture-decran-2023-10-25-a-17.08.43-1024x739.jpg 1024w, https:\/\/www.ricom-web8.com\/gestions\/wp-content\/uploads\/2023\/10\/Capture-decran-2023-10-25-a-17.08.43-768x554.jpg 768w\" sizes=\"(max-width: 1386px) 100vw, 1386px\" \/><\/p>\n<\/div><\/p>\n<p>La p\u00e9riode de recueil doit \u00eatre d\u00e9termin\u00e9e conjointement avec l\u2019\u00e9quipe des secr\u00e9tariats m\u00e9dicaux. Nous pr\u00e9conisons de r\u00e9aliser cet exercice <i>a minima <\/i>sur une semaine afin d\u2019avoir une vision de la segmentation des t\u00e2ches sur plusieurs jours cons\u00e9cutifs et d\u2019obtenir des r\u00e9sultats significatifs.<\/p>\n<p>Une fois les r\u00e9sultats des diff\u00e9rents recueils de t\u00e2ches concat\u00e9n\u00e9s, l\u2019objectif est d\u2019\u00e9valuer les gains de temps potentiels.<span class=\"Apple-converted-space\">\u00a0<\/span><\/p>\n<p>Pour proc\u00e9der \u00e0 cette \u00e9valuation, la premi\u00e8re \u00e9tape consiste \u00e0 identifier les t\u00e2ches qui seront impact\u00e9es par la mise en place de l\u2019outil, la seconde \u00e9tant de d\u00e9finir un pourcentage d\u2019impact cible en coh\u00e9rence avec les organisations pressenties.<\/p>\n<p>En reprenant notre exemple de la reconnaissance vocale, nous avons fait figurer la liste de quelques t\u00e2ches issues du recueil en lien avec la frappe des comptes-rendus de consultation. Pour chaque t\u00e2che impact\u00e9e, nous avons d\u00e9fini un pourcentage d\u2019impact cible en lien avec l\u2019\u00e9quipe des secr\u00e9tariats m\u00e9dicaux et en lien avec les modalit\u00e9s organisationnelles retenues. (Figure 1) En proc\u00e9dant ainsi, il est possible de disposer d\u2019une vision sur le pourcentage de temps global impact\u00e9 par diff\u00e9rents types d\u2019outils. (Figure 2)<\/p>\n<button data-toggle=\"collapse\" data-target=\"#enc_2023_508_02\">figure 1<\/button><div id=\"enc_2023_508_02\" class=\"encadre collapse\"><p><span class=\"surtitre_enc\">figure 1<\/span><\/p>\n<h2>Frappe consultations<\/h2>\n<p><strong>Impact cible par outil<span class=\"Apple-converted-space\">\u00a0<\/span><\/strong><\/p>\n<p><img decoding=\"async\" class=\"alignnone size-full wp-image-47165\" src=\"https:\/\/gestions-hospitalieres.fr\/wp-content\/uploads\/2023\/10\/Capture-decran-2023-10-25-a-17.11.06.png\" alt=\"\" width=\"1136\" height=\"352\" srcset=\"https:\/\/www.ricom-web8.com\/gestions\/wp-content\/uploads\/2023\/10\/Capture-decran-2023-10-25-a-17.11.06.png 1136w, https:\/\/www.ricom-web8.com\/gestions\/wp-content\/uploads\/2023\/10\/Capture-decran-2023-10-25-a-17.11.06-300x93.png 300w, https:\/\/www.ricom-web8.com\/gestions\/wp-content\/uploads\/2023\/10\/Capture-decran-2023-10-25-a-17.11.06-1024x317.png 1024w, https:\/\/www.ricom-web8.com\/gestions\/wp-content\/uploads\/2023\/10\/Capture-decran-2023-10-25-a-17.11.06-768x238.png 768w\" sizes=\"(max-width: 1136px) 100vw, 1136px\" \/><\/p>\n<\/div>\n<button data-toggle=\"collapse\" data-target=\"#enc_2023_508_03\">figure 2<\/button><div id=\"enc_2023_508_03\" class=\"encadre collapse\"><p><span class=\"surtitre_enc\">figure 2<\/span><\/p>\n<h2>Secr\u00e9tariat m\u00e9dical<\/h2>\n<p><strong>\u00c9valuation de l\u2019impact des outils<\/strong><\/p>\n<p><img decoding=\"async\" class=\"alignnone size-full wp-image-47170\" src=\"https:\/\/gestions-hospitalieres.fr\/wp-content\/uploads\/2023\/10\/Capture-decran-2023-10-25-a-17.11.19.jpg\" alt=\"\" width=\"842\" height=\"618\" srcset=\"https:\/\/www.ricom-web8.com\/gestions\/wp-content\/uploads\/2023\/10\/Capture-decran-2023-10-25-a-17.11.19.jpg 842w, https:\/\/www.ricom-web8.com\/gestions\/wp-content\/uploads\/2023\/10\/Capture-decran-2023-10-25-a-17.11.19-300x220.jpg 300w, https:\/\/www.ricom-web8.com\/gestions\/wp-content\/uploads\/2023\/10\/Capture-decran-2023-10-25-a-17.11.19-768x564.jpg 768w\" sizes=\"(max-width: 842px) 100vw, 842px\" \/><\/p>\n<\/div>\n<p>Le pourcentage de gain de temps est variable selon la situation de l\u2019\u00e9tablissement. Nous observons cependant que pour la mise en place de la reconnaissance vocale, le gain de temps secr\u00e9tariat varie de 12 \u00e0 20\u2009% selon l\u2019outil choisi et le p\u00e9rim\u00e8tre d\u00e9ploy\u00e9.<span class=\"Apple-converted-space\">\u00a0<\/span><\/p>\n<p>Il est important de garder en t\u00eate que les gains de temps d\u00e9finis via cette m\u00e9thodologie sont th\u00e9oriques et d\u00e9pendent fortement de la capacit\u00e9 de l\u2019\u00e9tablissement \u00e0 diffuser largement l\u2019outil et \u00e0 faire adh\u00e9rer l\u2019ensemble des acteurs.<span class=\"Apple-converted-space\">\u00a0<\/span><\/p>\n<h1>Analyse des r\u00e9sultats<\/h1>\n<p>Il est int\u00e9ressant d\u2019\u00e9valuer les impacts non seulement \u00e0 l\u2019\u00e9chelle de l\u2019\u00e9tablissement, mais \u00e9galement par secr\u00e9tariat en int\u00e9grant un phasage pr\u00e9cis. Cela permet de disposer d\u2019une vision strat\u00e9gique sur la trajectoire en termes de ressources humaines.<span class=\"Apple-converted-space\">\u00a0<\/span><\/p>\n<p>Sur la figure 3, nous avons repr\u00e9sent\u00e9 une analyse men\u00e9e avec un \u00e9tablissement pr\u00e9sentant un phasage des gains g\u00e9n\u00e9r\u00e9s par un outil de reconnaissance vocale en fonction des diff\u00e9rentes vagues de d\u00e9ploiement et de la g\u00e9n\u00e9ralisation de l\u2019usage de l\u2019outil.<span class=\"Apple-converted-space\">\u00a0<\/span><\/p>\n<button data-toggle=\"collapse\" data-target=\"#enc_2023_508_04\">FIGURE 3<\/button><div id=\"enc_2023_508_04\" class=\"encadre collapse\"><p><span class=\"surtitre_enc\">FIGURE 3<\/span><\/p>\n<h2>Reconnaissance vocale<\/h2>\n<p><strong>Gain g\u00e9n\u00e9r\u00e9 par vague de d\u00e9ploiement<\/strong><\/p>\n<p><img decoding=\"async\" class=\"alignnone size-full wp-image-47169\" src=\"https:\/\/gestions-hospitalieres.fr\/wp-content\/uploads\/2023\/10\/Capture-decran-2023-10-25-a-17.11.35-1.jpg\" alt=\"\" width=\"1282\" height=\"926\" srcset=\"https:\/\/www.ricom-web8.com\/gestions\/wp-content\/uploads\/2023\/10\/Capture-decran-2023-10-25-a-17.11.35-1.jpg 1282w, https:\/\/www.ricom-web8.com\/gestions\/wp-content\/uploads\/2023\/10\/Capture-decran-2023-10-25-a-17.11.35-1-300x217.jpg 300w, https:\/\/www.ricom-web8.com\/gestions\/wp-content\/uploads\/2023\/10\/Capture-decran-2023-10-25-a-17.11.35-1-1024x740.jpg 1024w, https:\/\/www.ricom-web8.com\/gestions\/wp-content\/uploads\/2023\/10\/Capture-decran-2023-10-25-a-17.11.35-1-768x555.jpg 768w\" sizes=\"(max-width: 1282px) 100vw, 1282px\" \/><\/p>\n<\/div>\n<h2>Un gain de temps qui permet d\u2019am\u00e9liorer les pratiques et les prises en charge<\/h2>\n<p>Proc\u00e9der \u00e0 cette \u00e9valuation est d\u2019autant plus n\u00e9cessaire que le nombre d\u2019agents dans les secr\u00e9tariats m\u00e9dicaux est important \u00e0 l\u2019\u00e9chelle d\u2019un \u00e9tablissement. En outre, cette m\u00e9thodologie permet de disposer d\u2019une vision d\u00e9taill\u00e9e des impacts en lien direct avec la situation de votre \u00e9tablissement et non pas en appliquant uniquement des ratios standardis\u00e9s.<span class=\"Apple-converted-space\">\u00a0<\/span><\/p>\n<p>Enfin, ces impacts en temps ne doivent pas entra\u00eener obligatoirement une diminution massive de postes. En effet, les gains de temps peuvent \u00eatre repositionn\u00e9s pour permettre l\u2019accomplissement de t\u00e2ches non couvertes jusqu\u2019alors par manque de temps (g\u00e9n\u00e9rant souvent un glissement de t\u00e2ches vers d\u2019autres professionnels de l\u2019\u00e9tablissement). Ils pourraient aussi permettre d\u2019effectuer de nouvelles t\u00e2ches r\u00e9pondant \u00e0 de nouveaux besoins ou pour am\u00e9liorer la qualit\u00e9 des services rendus aux patients (par exemple une r\u00e9ponse t\u00e9l\u00e9phonique am\u00e9lior\u00e9e).<\/p>\n<p>Chaque \u00e9tablissement doit ainsi d\u00e9finir sa propre strat\u00e9gie en lien avec le d\u00e9ploiement de l\u2019outil, en coh\u00e9rence avec son contexte et ses projets.<\/p>\n<script>function PlayerjsAsync(){} if(window[\"Playerjs\"]){PlayerjsAsync();}<\/script>","protected":false},"excerpt":{"rendered":"<p>Depuis plusieurs ann\u00e9es, de nombreux programmes d\u2019investissement (Ma sant\u00e9 2022, S\u00e9gur du num\u00e9rique\u2026) ont \u00e9t\u00e9 \u00e9dict\u00e9s au niveau national afin d\u2019acc\u00e9l\u00e9rer la transition num\u00e9rique dans les \u00e9tablissements de sant\u00e9. Si l\u2019implantation d\u2019outils num\u00e9riques dans les \u00e9tablissements pr\u00e9sente de nombreux avantages\u00a0\u2013 facilitation de la communication patient\/\u00e9quipe m\u00e9dicale, renforcement de la qualit\u00e9\/s\u00e9curit\u00e9 des soins, simplification du partage de l\u2019information au sein des \u00e9tablissements ou entre la ville et l\u2019h\u00f4pital \u2013, le virage&hellip; <\/p>\n","protected":false},"author":23133,"featured_media":0,"comment_status":"closed","ping_status":"closed","sticky":false,"template":"","format":"standard","meta":{"_acf_changed":false,"_relevanssi_hide_post":"","_relevanssi_hide_content":"","_relevanssi_pin_for_all":"","_relevanssi_pin_keywords":"","_relevanssi_unpin_keywords":"","_relevanssi_related_keywords":"","_relevanssi_related_include_ids":"","_relevanssi_related_exclude_ids":"","_relevanssi_related_no_append":"","_relevanssi_related_not_related":"","_relevanssi_related_posts":"","_relevanssi_noindex_reason":"","footnotes":""},"categories":[26,2],"tags":[6275,36,1598,6685,9871],"class_list":["post-47161","post","type-post","status-publish","format-standard","hentry","category-dossier","category-gestions-hospitalieres","tag-digitalisation","tag-organisation","tag-parcours-patient","tag-secretariat-medical","tag-transition-numerique"],"acf":[],"yoast_head":"<!-- This site is optimized with the Yoast SEO plugin v24.8.1 - https:\/\/yoast.com\/wordpress\/plugins\/seo\/ -->\n<title>Secr\u00e9tariats m\u00e9dicaux et digitalisation des pratiques - Gestions hospitali\u00e8res<\/title>\n<meta name=\"robots\" content=\"index, follow, max-snippet:-1, max-image-preview:large, max-video-preview:-1\" \/>\n<link rel=\"canonical\" href=\"https:\/\/www.ricom-web8.com\/gestions\/secretariats-medicaux-et-digitalisation-des-pratiques\/\" \/>\n<meta property=\"og:locale\" content=\"fr_FR\" \/>\n<meta property=\"og:type\" content=\"article\" \/>\n<meta property=\"og:title\" content=\"Secr\u00e9tariats m\u00e9dicaux et digitalisation des pratiques - Gestions hospitali\u00e8res\" \/>\n<meta property=\"og:description\" content=\"Depuis plusieurs ann\u00e9es, de nombreux programmes d\u2019investissement (Ma sant\u00e9 2022, S\u00e9gur du num\u00e9rique\u2026) ont \u00e9t\u00e9 \u00e9dict\u00e9s au niveau national afin d\u2019acc\u00e9l\u00e9rer la transition num\u00e9rique dans les \u00e9tablissements de sant\u00e9. Si l\u2019implantation d\u2019outils num\u00e9riques dans les \u00e9tablissements pr\u00e9sente de nombreux avantages\u00a0\u2013 facilitation de la communication patient\/\u00e9quipe m\u00e9dicale, renforcement de la qualit\u00e9\/s\u00e9curit\u00e9 des soins, simplification du partage de l\u2019information au sein des \u00e9tablissements ou entre la ville et l\u2019h\u00f4pital \u2013, le virage&hellip;\" \/>\n<meta property=\"og:url\" content=\"https:\/\/www.ricom-web8.com\/gestions\/secretariats-medicaux-et-digitalisation-des-pratiques\/\" \/>\n<meta property=\"og:site_name\" content=\"Gestions hospitali\u00e8res\" \/>\n<meta property=\"article:publisher\" content=\"https:\/\/www.facebook.com\/gestionshospitalieres\/\" \/>\n<meta property=\"article:published_time\" content=\"2023-10-01T14:40:02+00:00\" \/>\n<meta property=\"article:modified_time\" content=\"2023-10-30T09:09:20+00:00\" \/>\n<meta name=\"author\" content=\"Gestions hospitali\u00e8res\" \/>\n<meta name=\"twitter:card\" content=\"summary_large_image\" \/>\n<meta name=\"twitter:creator\" content=\"@revue_GH\" \/>\n<meta name=\"twitter:site\" content=\"@revue_GH\" \/>\n<meta name=\"twitter:label1\" content=\"\u00c9crit par\" \/>\n\t<meta name=\"twitter:data1\" content=\"Gestions hospitali\u00e8res\" \/>\n\t<meta name=\"twitter:label2\" content=\"Dur\u00e9e de lecture estim\u00e9e\" \/>\n\t<meta name=\"twitter:data2\" content=\"7 minutes\" \/>\n<script type=\"application\/ld+json\" class=\"yoast-schema-graph\">{\"@context\":\"https:\/\/schema.org\",\"@graph\":[{\"@type\":\"Article\",\"@id\":\"https:\/\/www.ricom-web8.com\/gestions\/secretariats-medicaux-et-digitalisation-des-pratiques\/#article\",\"isPartOf\":{\"@id\":\"https:\/\/www.ricom-web8.com\/gestions\/secretariats-medicaux-et-digitalisation-des-pratiques\/\"},\"author\":{\"name\":\"Gestions hospitali\u00e8res\",\"@id\":\"https:\/\/www.ricom-web8.com\/gestions\/#\/schema\/person\/3ba9fe913190dfe9507feb621e902c1f\"},\"headline\":\"Secr\u00e9tariats m\u00e9dicaux et digitalisation des pratiques\",\"datePublished\":\"2023-10-01T14:40:02+00:00\",\"dateModified\":\"2023-10-30T09:09:20+00:00\",\"mainEntityOfPage\":{\"@id\":\"https:\/\/www.ricom-web8.com\/gestions\/secretariats-medicaux-et-digitalisation-des-pratiques\/\"},\"wordCount\":1511,\"publisher\":{\"@id\":\"https:\/\/www.ricom-web8.com\/gestions\/#organization\"},\"keywords\":[\"digitalisation\",\"organisation\",\"parcours patient\",\"secr\u00e9tariat m\u00e9dical\",\"transition num\u00e9rique\"],\"articleSection\":[\"dossier\",\"Gestions Hospitali\u00e8res\"],\"inLanguage\":\"fr-FR\"},{\"@type\":\"WebPage\",\"@id\":\"https:\/\/www.ricom-web8.com\/gestions\/secretariats-medicaux-et-digitalisation-des-pratiques\/\",\"url\":\"https:\/\/www.ricom-web8.com\/gestions\/secretariats-medicaux-et-digitalisation-des-pratiques\/\",\"name\":\"Secr\u00e9tariats m\u00e9dicaux et digitalisation des pratiques - Gestions hospitali\u00e8res\",\"isPartOf\":{\"@id\":\"https:\/\/www.ricom-web8.com\/gestions\/#website\"},\"datePublished\":\"2023-10-01T14:40:02+00:00\",\"dateModified\":\"2023-10-30T09:09:20+00:00\",\"breadcrumb\":{\"@id\":\"https:\/\/www.ricom-web8.com\/gestions\/secretariats-medicaux-et-digitalisation-des-pratiques\/#breadcrumb\"},\"inLanguage\":\"fr-FR\",\"potentialAction\":[{\"@type\":\"ReadAction\",\"target\":[\"https:\/\/www.ricom-web8.com\/gestions\/secretariats-medicaux-et-digitalisation-des-pratiques\/\"]}]},{\"@type\":\"BreadcrumbList\",\"@id\":\"https:\/\/www.ricom-web8.com\/gestions\/secretariats-medicaux-et-digitalisation-des-pratiques\/#breadcrumb\",\"itemListElement\":[{\"@type\":\"ListItem\",\"position\":1,\"name\":\"Accueil\",\"item\":\"https:\/\/www.ricom-web8.com\/gestions\/\"},{\"@type\":\"ListItem\",\"position\":2,\"name\":\"Secr\u00e9tariats m\u00e9dicaux et digitalisation des pratiques\"}]},{\"@type\":\"WebSite\",\"@id\":\"https:\/\/www.ricom-web8.com\/gestions\/#website\",\"url\":\"https:\/\/www.ricom-web8.com\/gestions\/\",\"name\":\"Gestions hospitali\u00e8res\",\"description\":\"la revue des d\u00e9cideurs hospitaliers\",\"publisher\":{\"@id\":\"https:\/\/www.ricom-web8.com\/gestions\/#organization\"},\"potentialAction\":[{\"@type\":\"SearchAction\",\"target\":{\"@type\":\"EntryPoint\",\"urlTemplate\":\"https:\/\/www.ricom-web8.com\/gestions\/?s={search_term_string}\"},\"query-input\":{\"@type\":\"PropertyValueSpecification\",\"valueRequired\":true,\"valueName\":\"search_term_string\"}}],\"inLanguage\":\"fr-FR\"},{\"@type\":\"Organization\",\"@id\":\"https:\/\/www.ricom-web8.com\/gestions\/#organization\",\"name\":\"Gestions hospitali\u00e8res\",\"url\":\"https:\/\/www.ricom-web8.com\/gestions\/\",\"logo\":{\"@type\":\"ImageObject\",\"inLanguage\":\"fr-FR\",\"@id\":\"https:\/\/www.ricom-web8.com\/gestions\/#\/schema\/logo\/image\/\",\"url\":\"https:\/\/gestions-hospitalieres.fr\/wp-content\/uploads\/2017\/02\/picto_Gif-GH-trans.png\",\"contentUrl\":\"https:\/\/gestions-hospitalieres.fr\/wp-content\/uploads\/2017\/02\/picto_Gif-GH-trans.png\",\"width\":512,\"height\":512,\"caption\":\"Gestions hospitali\u00e8res\"},\"image\":{\"@id\":\"https:\/\/www.ricom-web8.com\/gestions\/#\/schema\/logo\/image\/\"},\"sameAs\":[\"https:\/\/www.facebook.com\/gestionshospitalieres\/\",\"https:\/\/x.com\/revue_GH\",\"https:\/\/www.linkedin.com\/company\/gestions-hospitalieres?trk=top_nav_home\"]},{\"@type\":\"Person\",\"@id\":\"https:\/\/www.ricom-web8.com\/gestions\/#\/schema\/person\/3ba9fe913190dfe9507feb621e902c1f\",\"name\":\"Gestions hospitali\u00e8res\",\"image\":{\"@type\":\"ImageObject\",\"inLanguage\":\"fr-FR\",\"@id\":\"https:\/\/www.ricom-web8.com\/gestions\/#\/schema\/person\/image\/\",\"url\":\"https:\/\/secure.gravatar.com\/avatar\/1a0d93e6db5dbe7dac96bae4757d256f?s=96&d=mm&r=g\",\"contentUrl\":\"https:\/\/secure.gravatar.com\/avatar\/1a0d93e6db5dbe7dac96bae4757d256f?s=96&d=mm&r=g\",\"caption\":\"Gestions hospitali\u00e8res\"},\"url\":\"https:\/\/www.ricom-web8.com\/gestions\/author\/benjamin\/\"}]}<\/script>\n<!-- \/ Yoast SEO plugin. -->","yoast_head_json":{"title":"Secr\u00e9tariats m\u00e9dicaux et digitalisation des pratiques - Gestions hospitali\u00e8res","robots":{"index":"index","follow":"follow","max-snippet":"max-snippet:-1","max-image-preview":"max-image-preview:large","max-video-preview":"max-video-preview:-1"},"canonical":"https:\/\/www.ricom-web8.com\/gestions\/secretariats-medicaux-et-digitalisation-des-pratiques\/","og_locale":"fr_FR","og_type":"article","og_title":"Secr\u00e9tariats m\u00e9dicaux et digitalisation des pratiques - Gestions hospitali\u00e8res","og_description":"Depuis plusieurs ann\u00e9es, de nombreux programmes d\u2019investissement (Ma sant\u00e9 2022, S\u00e9gur du num\u00e9rique\u2026) ont \u00e9t\u00e9 \u00e9dict\u00e9s au niveau national afin d\u2019acc\u00e9l\u00e9rer la transition num\u00e9rique dans les \u00e9tablissements de sant\u00e9. Si l\u2019implantation d\u2019outils num\u00e9riques dans les \u00e9tablissements pr\u00e9sente de nombreux avantages\u00a0\u2013 facilitation de la communication patient\/\u00e9quipe m\u00e9dicale, renforcement de la qualit\u00e9\/s\u00e9curit\u00e9 des soins, simplification du partage de l\u2019information au sein des \u00e9tablissements ou entre la ville et l\u2019h\u00f4pital \u2013, le virage&hellip;","og_url":"https:\/\/www.ricom-web8.com\/gestions\/secretariats-medicaux-et-digitalisation-des-pratiques\/","og_site_name":"Gestions hospitali\u00e8res","article_publisher":"https:\/\/www.facebook.com\/gestionshospitalieres\/","article_published_time":"2023-10-01T14:40:02+00:00","article_modified_time":"2023-10-30T09:09:20+00:00","author":"Gestions hospitali\u00e8res","twitter_card":"summary_large_image","twitter_creator":"@revue_GH","twitter_site":"@revue_GH","twitter_misc":{"\u00c9crit par":"Gestions hospitali\u00e8res","Dur\u00e9e de lecture estim\u00e9e":"7 minutes"},"schema":{"@context":"https:\/\/schema.org","@graph":[{"@type":"Article","@id":"https:\/\/www.ricom-web8.com\/gestions\/secretariats-medicaux-et-digitalisation-des-pratiques\/#article","isPartOf":{"@id":"https:\/\/www.ricom-web8.com\/gestions\/secretariats-medicaux-et-digitalisation-des-pratiques\/"},"author":{"name":"Gestions hospitali\u00e8res","@id":"https:\/\/www.ricom-web8.com\/gestions\/#\/schema\/person\/3ba9fe913190dfe9507feb621e902c1f"},"headline":"Secr\u00e9tariats m\u00e9dicaux et digitalisation des pratiques","datePublished":"2023-10-01T14:40:02+00:00","dateModified":"2023-10-30T09:09:20+00:00","mainEntityOfPage":{"@id":"https:\/\/www.ricom-web8.com\/gestions\/secretariats-medicaux-et-digitalisation-des-pratiques\/"},"wordCount":1511,"publisher":{"@id":"https:\/\/www.ricom-web8.com\/gestions\/#organization"},"keywords":["digitalisation","organisation","parcours patient","secr\u00e9tariat m\u00e9dical","transition num\u00e9rique"],"articleSection":["dossier","Gestions Hospitali\u00e8res"],"inLanguage":"fr-FR"},{"@type":"WebPage","@id":"https:\/\/www.ricom-web8.com\/gestions\/secretariats-medicaux-et-digitalisation-des-pratiques\/","url":"https:\/\/www.ricom-web8.com\/gestions\/secretariats-medicaux-et-digitalisation-des-pratiques\/","name":"Secr\u00e9tariats m\u00e9dicaux et digitalisation des pratiques - Gestions hospitali\u00e8res","isPartOf":{"@id":"https:\/\/www.ricom-web8.com\/gestions\/#website"},"datePublished":"2023-10-01T14:40:02+00:00","dateModified":"2023-10-30T09:09:20+00:00","breadcrumb":{"@id":"https:\/\/www.ricom-web8.com\/gestions\/secretariats-medicaux-et-digitalisation-des-pratiques\/#breadcrumb"},"inLanguage":"fr-FR","potentialAction":[{"@type":"ReadAction","target":["https:\/\/www.ricom-web8.com\/gestions\/secretariats-medicaux-et-digitalisation-des-pratiques\/"]}]},{"@type":"BreadcrumbList","@id":"https:\/\/www.ricom-web8.com\/gestions\/secretariats-medicaux-et-digitalisation-des-pratiques\/#breadcrumb","itemListElement":[{"@type":"ListItem","position":1,"name":"Accueil","item":"https:\/\/www.ricom-web8.com\/gestions\/"},{"@type":"ListItem","position":2,"name":"Secr\u00e9tariats m\u00e9dicaux et digitalisation des pratiques"}]},{"@type":"WebSite","@id":"https:\/\/www.ricom-web8.com\/gestions\/#website","url":"https:\/\/www.ricom-web8.com\/gestions\/","name":"Gestions hospitali\u00e8res","description":"la revue des d\u00e9cideurs hospitaliers","publisher":{"@id":"https:\/\/www.ricom-web8.com\/gestions\/#organization"},"potentialAction":[{"@type":"SearchAction","target":{"@type":"EntryPoint","urlTemplate":"https:\/\/www.ricom-web8.com\/gestions\/?s={search_term_string}"},"query-input":{"@type":"PropertyValueSpecification","valueRequired":true,"valueName":"search_term_string"}}],"inLanguage":"fr-FR"},{"@type":"Organization","@id":"https:\/\/www.ricom-web8.com\/gestions\/#organization","name":"Gestions hospitali\u00e8res","url":"https:\/\/www.ricom-web8.com\/gestions\/","logo":{"@type":"ImageObject","inLanguage":"fr-FR","@id":"https:\/\/www.ricom-web8.com\/gestions\/#\/schema\/logo\/image\/","url":"https:\/\/gestions-hospitalieres.fr\/wp-content\/uploads\/2017\/02\/picto_Gif-GH-trans.png","contentUrl":"https:\/\/gestions-hospitalieres.fr\/wp-content\/uploads\/2017\/02\/picto_Gif-GH-trans.png","width":512,"height":512,"caption":"Gestions hospitali\u00e8res"},"image":{"@id":"https:\/\/www.ricom-web8.com\/gestions\/#\/schema\/logo\/image\/"},"sameAs":["https:\/\/www.facebook.com\/gestionshospitalieres\/","https:\/\/x.com\/revue_GH","https:\/\/www.linkedin.com\/company\/gestions-hospitalieres?trk=top_nav_home"]},{"@type":"Person","@id":"https:\/\/www.ricom-web8.com\/gestions\/#\/schema\/person\/3ba9fe913190dfe9507feb621e902c1f","name":"Gestions hospitali\u00e8res","image":{"@type":"ImageObject","inLanguage":"fr-FR","@id":"https:\/\/www.ricom-web8.com\/gestions\/#\/schema\/person\/image\/","url":"https:\/\/secure.gravatar.com\/avatar\/1a0d93e6db5dbe7dac96bae4757d256f?s=96&d=mm&r=g","contentUrl":"https:\/\/secure.gravatar.com\/avatar\/1a0d93e6db5dbe7dac96bae4757d256f?s=96&d=mm&r=g","caption":"Gestions hospitali\u00e8res"},"url":"https:\/\/www.ricom-web8.com\/gestions\/author\/benjamin\/"}]}},"_links":{"self":[{"href":"https:\/\/www.ricom-web8.com\/gestions\/wp-json\/wp\/v2\/posts\/47161","targetHints":{"allow":["GET"]}}],"collection":[{"href":"https:\/\/www.ricom-web8.com\/gestions\/wp-json\/wp\/v2\/posts"}],"about":[{"href":"https:\/\/www.ricom-web8.com\/gestions\/wp-json\/wp\/v2\/types\/post"}],"author":[{"embeddable":true,"href":"https:\/\/www.ricom-web8.com\/gestions\/wp-json\/wp\/v2\/users\/23133"}],"replies":[{"embeddable":true,"href":"https:\/\/www.ricom-web8.com\/gestions\/wp-json\/wp\/v2\/comments?post=47161"}],"version-history":[{"count":2,"href":"https:\/\/www.ricom-web8.com\/gestions\/wp-json\/wp\/v2\/posts\/47161\/revisions"}],"predecessor-version":[{"id":47175,"href":"https:\/\/www.ricom-web8.com\/gestions\/wp-json\/wp\/v2\/posts\/47161\/revisions\/47175"}],"wp:attachment":[{"href":"https:\/\/www.ricom-web8.com\/gestions\/wp-json\/wp\/v2\/media?parent=47161"}],"wp:term":[{"taxonomy":"category","embeddable":true,"href":"https:\/\/www.ricom-web8.com\/gestions\/wp-json\/wp\/v2\/categories?post=47161"},{"taxonomy":"post_tag","embeddable":true,"href":"https:\/\/www.ricom-web8.com\/gestions\/wp-json\/wp\/v2\/tags?post=47161"}],"curies":[{"name":"wp","href":"https:\/\/api.w.org\/{rel}","templated":true}]}}