

{"id":47274,"date":"2023-11-01T14:19:13","date_gmt":"2023-11-01T13:19:13","guid":{"rendered":"https:\/\/gestions-hospitalieres.fr\/?p=47274"},"modified":"2024-04-22T15:04:21","modified_gmt":"2024-04-22T13:04:21","slug":"au-dela-des-soins-au-dela-de-lhebergement","status":"publish","type":"post","link":"https:\/\/www.ricom-web8.com\/gestions\/au-dela-des-soins-au-dela-de-lhebergement\/","title":{"rendered":"Au-del\u00e0 des soins, au-del\u00e0 de l\u2019h\u00e9bergement\u2026"},"content":{"rendered":"<span class=\"span-reading-time rt-reading-time\" style=\"display: block;\"><span class=\"rt-label rt-prefix\">Temps de lecture\u00a0: <\/span> <span class=\"rt-time\"> 4<\/span> <span class=\"rt-label rt-postfix\">minutes<\/span><\/span><p>La publication \u00ab\u2009Devenir un \u00e9tablissement \u00e0 impact\u2009\u00bb de l\u2019Anap traduit la mani\u00e8re dont les \u00e9tablissements de sant\u00e9 peuvent d\u00e9ployer des actions dites \u00ab\u2009d\u2019innovation sociale\u2009\u00bb,<span class=\"Apple-converted-space\">\u00a0 <\/span>aux retomb\u00e9es tangibles pour la population et qui s\u2019appuient sur des approches et dispositifs techniques concrets.<span class=\"Apple-converted-space\">\u00a0<\/span><\/p>\n<p>Selon le Conseil sup\u00e9rieur de l\u2019\u00e9conomie sociale et solidaire, l\u2019innovation sociale consiste en \u00ab\u2009l\u2019\u00e9laboration de r\u00e9ponses nouvelles \u00e0 des besoins sociaux nouveaux ou mal satisfaits, dans les conditions actuelles du march\u00e9 et des politiques sociales, en impliquant la participation et la coop\u00e9ration des acteurs concern\u00e9s, notamment utilisateurs et usagers\u2009\u00bb.<span class=\"Apple-converted-space\">\u00a0 <\/span>Elle est donc par nature partenariale, et inclut bien souvent des structures de l\u2019\u00e9conomie sociale et solidaire\u2009: associations, coop\u00e9ratives ou entreprises \u00e0 mission\u2026<\/p>\n<p>C\u2019est pr\u00e9cis\u00e9ment le cas du projet \u00ab\u2009La Maison des femmes\u2009\u00bb de Saint-Denis (93), qui vise \u00e0 accueillir au sein d\u2019une unit\u00e9 hospitali\u00e8re des femmes victimes de violences, en pensant leur parcours global afin de leur permettre d\u2019\u00eatre prises en charge \u00e0 la fois sur le plan m\u00e9dical, social, juridique, voire locatif. Cela se traduit par une large implication partenariale, par exemple avec des acteurs du logement pour l\u2019acc\u00e8s \u00e0 des places d\u2019h\u00e9bergement d\u2019urgence, ou avec la justice avec des permanences juridiques permettant aux femmes de d\u00e9poser plainte plus facilement. Plus encore, cette prise en charge \u00ab\u2009en 360\u00b0\u2009\u00bb peut contribuer \u00e0 ramener les victimes vers une activit\u00e9 scolaire ou professionnelle, et ainsi pr\u00e9server ou reconstruire leur insertion sociale.<\/p>\n<p>Autre exemple, le projet \u00ab\u2009Casa\u2009- Coordination accompagnement soutien des a\u00een\u00e9s \u00e0 domicile\u2009\u00bb. D\u00e9ploy\u00e9 par le CHU de N\u00eemes, il vise \u00e0 passer d\u2019une logique de structure \u00e0 une logique de prestations, afin de pr\u00e9venir la perte d\u2019autonomie chez les personnes \u00e2g\u00e9es. Travaill\u00e9 dans une dynamique partenariale, le projet vise \u00e0 lutter contre la d\u00e9nutrition, les chutes, l\u2019isolement social, l\u2019iatrog\u00e9nie, et met l\u2019accent sur le droit au r\u00e9pit pour les aidants, le renforcement de l\u2019inclusion sociale et le soutien aux professionnels de l\u2019aide \u00e0 domicile et intervenants lib\u00e9raux. L\u2019atteinte de toutes ces finalit\u00e9s repose n\u00e9cessairement sur un partenariat entre les \u00e9quipes internes du CHU, la fili\u00e8re de court et moyen s\u00e9jour g\u00e9riatrique, des assistants sociaux, des professionnels intervenant \u00e0 domicile (Ssiad, Ssad), les m\u00e9decins g\u00e9n\u00e9ralistes et infirmiers lib\u00e9raux du territoire, le CCAS, les comit\u00e9s de quartiers, etc.<\/p>\n<p>En leur qualit\u00e9 d\u2019employeurs, d\u2019acheteurs, de consommateurs, de producteurs d\u2019externalit\u00e9s n\u00e9gatives (CO<sub>2<\/sub>, d\u00e9chets, etc.) et de garants de la sant\u00e9 globale des habitants, les \u00e9tablissements de sant\u00e9 sont d\u2019ores et d\u00e9j\u00e0 des op\u00e9rateurs \u00e0 impact sur leur territoire. En prendre conscience et travailler \u00e0 l\u2019amplification de cet impact leur permet d\u2019en tirer des plus-values pour eux-m\u00eames.<\/p>\n<p>Porter des actions socialement innovantes peut ainsi \u00eatre un levier pour redonner du sens aux \u00e9quipes, \u00e0 l\u2019heure o\u00f9 l\u2019on r\u00e9fl\u00e9chit et d\u00e9ploie des strat\u00e9gies d\u2019attractivit\u00e9 et de fid\u00e9lisation des professionnels de sant\u00e9. Car ces derniers sont majoritairement porteurs de valeurs et ont une volont\u00e9 d\u2019engagement, \u00e0 laquelle il faut savoir r\u00e9pondre et donner des terrains d\u2019expression.<\/p>\n<p>Un autre int\u00e9r\u00eat majeur de la d\u00e9marche r\u00e9side dans l\u2019opportunit\u00e9 d\u2019imaginer de nouveaux mod\u00e8les \u00e9conomiques, en d\u00e9veloppant des projets aux financements hybrides. Outre les subventions et financements classiques du secteur, les projets d\u2019innovation sociale peuvent en effet b\u00e9n\u00e9ficier d\u2019autres types d\u2019apports, tels que les dons et le m\u00e9c\u00e9nat, pour lesquels un guide d\u00e9di\u00e9 de l\u2019Anap est \u00e0 disposition. Les plateformes de financement participatif (<i>crowfunding<\/i>), march\u00e9s publics \u00ab\u2009innovants\u2009\u00bb et ceux \u00ab\u2009r\u00e9serv\u00e9s\u2009\u00bb, ou encore les pr\u00eats \u00e0 impact dont les frais sont index\u00e9s sur des indicateurs Environnement, social, gouvernance (ESG), sont autant de vecteurs de financement sur lesquels les \u00e9tablissements peuvent aussi s\u2019appuyer pour construire leurs projets. L\u2019action de la Maison des femmes de Saint-Denis est par exemple soutenue par une association \u00e9ponyme cr\u00e9\u00e9e \u00e0 cet effet, dont le financement repose sur trois sources distinctes\u2009: des subventions publiques (37\u2009%), des financements priv\u00e9s collect\u00e9s aupr\u00e8s d\u2019entreprises, de fondations et de particuliers (25\u2009%) et des ressources propres, issues des produits des consultations (38\u2009%). <span class=\"Apple-converted-space\">\u00a0<\/span><\/p>\n<p>Enfin, les actions d\u2019innovation sociale peuvent contribuer \u00e0 la strat\u00e9gie d\u2019image d\u2019un \u00e9tablissement, lui permettre de renforcer son lien quasi organique au territoire, et ainsi susciter de nouvelles perspectives de partenariat et de financement dans un cercle vertueux.<span class=\"Apple-converted-space\">\u00a0<\/span><\/p>\n<p>Le d\u00e9ploiement d\u2019une strat\u00e9gie d\u2019innovation sociale requiert une m\u00e9thodologie rigoureuse et de la t\u00e9nacit\u00e9. Parmi les m\u00e9thodes pouvant \u00eatre adopt\u00e9es, le projet Casa de N\u00eemes a opt\u00e9 pour celle du <i>collective impact<\/i>. Celle-ci se formalise par une collaboration \u00e9troite entre des acteurs de diff\u00e9rents secteurs qui convergent leurs efforts vers un objectif commun tout en utilisant des mesures, une \u00e9valuation et des activit\u00e9s mutuellement renforc\u00e9es. Cette approche n\u00e9cessite une communication constante et transparente tout en s\u2019appuyant sur une structure centrale de soutien pour orchestrer l\u2019initiative, permettant ainsi \u00e0 des \u00e9quipes projets de r\u00e9pondre \u00e0 des probl\u00e8mes dont les causes ont des origines multifactorielles.<span class=\"Apple-converted-space\">\u00a0<\/span><\/p>\n<p>La publication de l\u2019Anap \u00ab\u2009Devenir un \u00e9tablissement \u00e0 impact\u2009\u00bb aborde \u00e0 la fois les principes fondamentaux de l\u2019innovation sociale appliqu\u00e9e au secteur de la sant\u00e9, tout en proposant une feuille de route claire pour l\u2019impl\u00e9mentation de ces principes. Elle traite les th\u00e8mes essentiels de la gouvernance participative, du financement durable et de l\u2019\u00e9valuation d\u2019impact, fournissant un cadre complet pour une transformation r\u00e9ussie. \u00c0 l\u2019instar des deux exemples pr\u00e9cit\u00e9s, sept autres r\u00e9alisations y sont pr\u00e9sent\u00e9es afin d\u2019observer concr\u00e8tement la mani\u00e8re dont une action peut \u00eatre d\u00e9ploy\u00e9e au sein d\u2019un \u00e9tablissement.<span class=\"Apple-converted-space\">\u00a0<\/span><\/p>\n<p>En somme, l\u2019int\u00e9gration des strat\u00e9gies ax\u00e9es sur l\u2019impact social et l\u2019usage plus efficace des ressources existantes permet aux \u00e9tablissements de devenir des acteurs cl\u00e9s du changement social, contribuant \u00e0 un environnement plus inclusif et durable.<\/p>\n<p style=\"font-weight: 400;\"><button data-toggle=\"collapse\" data-target=\"#enc_2023_538_01\">Figure\u00a0<\/button><div id=\"enc_2023_538_01\" class=\"encadre collapse\"><p><span class=\"surtitre_enc\">Figure<span class=\"Apple-converted-space\">\u00a0<\/span><\/span><\/p>\n<h2>Les cinq piliers du <i>collective impact<\/i><\/h2>\n<p><img decoding=\"async\" class=\"alignnone size-full wp-image-47276\" src=\"https:\/\/gestions-hospitalieres.fr\/wp-content\/uploads\/2023\/12\/Capture-decran-2023-12-04-a-14.38.45.png\" alt=\"\" width=\"1966\" height=\"1418\" srcset=\"https:\/\/www.ricom-web8.com\/gestions\/wp-content\/uploads\/2023\/12\/Capture-decran-2023-12-04-a-14.38.45.png 1966w, https:\/\/www.ricom-web8.com\/gestions\/wp-content\/uploads\/2023\/12\/Capture-decran-2023-12-04-a-14.38.45-300x216.png 300w, https:\/\/www.ricom-web8.com\/gestions\/wp-content\/uploads\/2023\/12\/Capture-decran-2023-12-04-a-14.38.45-1024x739.png 1024w, https:\/\/www.ricom-web8.com\/gestions\/wp-content\/uploads\/2023\/12\/Capture-decran-2023-12-04-a-14.38.45-768x554.png 768w, https:\/\/www.ricom-web8.com\/gestions\/wp-content\/uploads\/2023\/12\/Capture-decran-2023-12-04-a-14.38.45-1536x1108.png 1536w\" sizes=\"(max-width: 1966px) 100vw, 1966px\" \/><\/p>\n<\/div><\/p>\n<p><img decoding=\"async\" class=\"alignnone wp-image-47277 size-medium\" src=\"https:\/\/gestions-hospitalieres.fr\/wp-content\/uploads\/2023\/12\/Capture-decran-2023-12-04-a-14.39.50-211x300.jpg\" alt=\"\" width=\"211\" height=\"300\" srcset=\"https:\/\/www.ricom-web8.com\/gestions\/wp-content\/uploads\/2023\/12\/Capture-decran-2023-12-04-a-14.39.50-211x300.jpg 211w, https:\/\/www.ricom-web8.com\/gestions\/wp-content\/uploads\/2023\/12\/Capture-decran-2023-12-04-a-14.39.50.jpg 703w\" sizes=\"(max-width: 211px) 100vw, 211px\" \/><\/p>\n<p><a href=\"https:\/\/anap.fr\/s\/article\/devenir-un-etablissement-a-impact\" target=\"_blank\" rel=\"noopener\">https:\/\/anap.fr\/s\/article\/devenir-un-etablissement-a-impact<\/a><\/p>\n<script>function PlayerjsAsync(){} if(window[\"Playerjs\"]){PlayerjsAsync();}<\/script>","protected":false},"excerpt":{"rendered":"<p>La publication \u00ab\u2009Devenir un \u00e9tablissement \u00e0 impact\u2009\u00bb de l\u2019Anap traduit la mani\u00e8re dont les \u00e9tablissements de sant\u00e9 peuvent d\u00e9ployer des actions dites \u00ab\u2009d\u2019innovation sociale\u2009\u00bb,\u00a0 aux retomb\u00e9es tangibles pour la population et qui s\u2019appuient sur des approches et dispositifs techniques concrets.\u00a0 Selon le Conseil sup\u00e9rieur de l\u2019\u00e9conomie sociale et solidaire, l\u2019innovation sociale consiste en \u00ab\u2009l\u2019\u00e9laboration de r\u00e9ponses nouvelles \u00e0 des besoins sociaux nouveaux ou mal satisfaits, dans les conditions actuelles du&hellip; <\/p>\n","protected":false},"author":23133,"featured_media":0,"comment_status":"closed","ping_status":"closed","sticky":false,"template":"","format":"standard","meta":{"_acf_changed":false,"_relevanssi_hide_post":"","_relevanssi_hide_content":"","_relevanssi_pin_for_all":"","_relevanssi_pin_keywords":"","_relevanssi_unpin_keywords":"","_relevanssi_related_keywords":"","_relevanssi_related_include_ids":"","_relevanssi_related_exclude_ids":"","_relevanssi_related_no_append":"","_relevanssi_related_not_related":"","_relevanssi_related_posts":"","_relevanssi_noindex_reason":"","footnotes":""},"categories":[2,9838],"tags":[601,9878,9880,9879,986,54,6389],"class_list":["post-47274","post","type-post","status-publish","format-standard","hentry","category-gestions-hospitalieres","category-performance","tag-anap","tag-collective-impact","tag-etablissement-a-impact","tag-innovation-sociale","tag-modele-economique","tag-partenariat","tag-responsabilite-populationnelle"],"acf":[],"yoast_head":"<!-- This site is optimized with the Yoast SEO plugin v24.8.1 - https:\/\/yoast.com\/wordpress\/plugins\/seo\/ -->\n<title>Au-del\u00e0 des soins, au-del\u00e0 de l\u2019h\u00e9bergement\u2026 - Gestions hospitali\u00e8res<\/title>\n<meta name=\"robots\" content=\"index, follow, max-snippet:-1, max-image-preview:large, max-video-preview:-1\" \/>\n<link rel=\"canonical\" href=\"https:\/\/www.ricom-web8.com\/gestions\/au-dela-des-soins-au-dela-de-lhebergement\/\" \/>\n<meta property=\"og:locale\" content=\"fr_FR\" \/>\n<meta property=\"og:type\" content=\"article\" \/>\n<meta property=\"og:title\" content=\"Au-del\u00e0 des soins, au-del\u00e0 de l\u2019h\u00e9bergement\u2026 - Gestions hospitali\u00e8res\" \/>\n<meta property=\"og:description\" content=\"La publication \u00ab\u2009Devenir un \u00e9tablissement \u00e0 impact\u2009\u00bb de l\u2019Anap traduit la mani\u00e8re dont les \u00e9tablissements de sant\u00e9 peuvent d\u00e9ployer des actions dites \u00ab\u2009d\u2019innovation sociale\u2009\u00bb,\u00a0 aux retomb\u00e9es tangibles pour la population et qui s\u2019appuient sur des approches et dispositifs techniques concrets.\u00a0 Selon le Conseil sup\u00e9rieur de l\u2019\u00e9conomie sociale et solidaire, l\u2019innovation sociale consiste en \u00ab\u2009l\u2019\u00e9laboration de r\u00e9ponses nouvelles \u00e0 des besoins sociaux nouveaux ou mal satisfaits, dans les conditions actuelles du&hellip;\" \/>\n<meta property=\"og:url\" content=\"https:\/\/www.ricom-web8.com\/gestions\/au-dela-des-soins-au-dela-de-lhebergement\/\" \/>\n<meta property=\"og:site_name\" content=\"Gestions hospitali\u00e8res\" \/>\n<meta property=\"article:publisher\" content=\"https:\/\/www.facebook.com\/gestionshospitalieres\/\" \/>\n<meta property=\"article:published_time\" content=\"2023-11-01T13:19:13+00:00\" \/>\n<meta property=\"article:modified_time\" content=\"2024-04-22T13:04:21+00:00\" \/>\n<meta property=\"og:image\" content=\"https:\/\/gestions-hospitalieres.fr\/wp-content\/uploads\/2023\/12\/Capture-decran-2023-12-04-a-14.39.50-211x300.jpg\" \/>\n<meta name=\"author\" content=\"Gestions hospitali\u00e8res\" \/>\n<meta name=\"twitter:card\" content=\"summary_large_image\" \/>\n<meta name=\"twitter:creator\" content=\"@revue_GH\" \/>\n<meta name=\"twitter:site\" content=\"@revue_GH\" \/>\n<meta name=\"twitter:label1\" content=\"\u00c9crit par\" \/>\n\t<meta name=\"twitter:data1\" content=\"Gestions hospitali\u00e8res\" \/>\n\t<meta name=\"twitter:label2\" content=\"Dur\u00e9e de lecture estim\u00e9e\" \/>\n\t<meta name=\"twitter:data2\" content=\"5 minutes\" \/>\n<script type=\"application\/ld+json\" class=\"yoast-schema-graph\">{\"@context\":\"https:\/\/schema.org\",\"@graph\":[{\"@type\":\"Article\",\"@id\":\"https:\/\/www.ricom-web8.com\/gestions\/au-dela-des-soins-au-dela-de-lhebergement\/#article\",\"isPartOf\":{\"@id\":\"https:\/\/www.ricom-web8.com\/gestions\/au-dela-des-soins-au-dela-de-lhebergement\/\"},\"author\":{\"name\":\"Gestions hospitali\u00e8res\",\"@id\":\"https:\/\/www.ricom-web8.com\/gestions\/#\/schema\/person\/3ba9fe913190dfe9507feb621e902c1f\"},\"headline\":\"Au-del\u00e0 des soins, au-del\u00e0 de l\u2019h\u00e9bergement\u2026\",\"datePublished\":\"2023-11-01T13:19:13+00:00\",\"dateModified\":\"2024-04-22T13:04:21+00:00\",\"mainEntityOfPage\":{\"@id\":\"https:\/\/www.ricom-web8.com\/gestions\/au-dela-des-soins-au-dela-de-lhebergement\/\"},\"wordCount\":1047,\"publisher\":{\"@id\":\"https:\/\/www.ricom-web8.com\/gestions\/#organization\"},\"image\":{\"@id\":\"https:\/\/www.ricom-web8.com\/gestions\/au-dela-des-soins-au-dela-de-lhebergement\/#primaryimage\"},\"thumbnailUrl\":\"https:\/\/gestions-hospitalieres.fr\/wp-content\/uploads\/2023\/12\/Capture-decran-2023-12-04-a-14.39.50-211x300.jpg\",\"keywords\":[\"Anap\",\"collective impact\",\"\u00e9tablissement \u00e0 impact\",\"innovation sociale\",\"mod\u00e8le \u00e9conomique\",\"partenariat\",\"responsabilit\u00e9 populationnelle\"],\"articleSection\":[\"Gestions Hospitali\u00e8res\",\"performance\"],\"inLanguage\":\"fr-FR\"},{\"@type\":\"WebPage\",\"@id\":\"https:\/\/www.ricom-web8.com\/gestions\/au-dela-des-soins-au-dela-de-lhebergement\/\",\"url\":\"https:\/\/www.ricom-web8.com\/gestions\/au-dela-des-soins-au-dela-de-lhebergement\/\",\"name\":\"Au-del\u00e0 des soins, au-del\u00e0 de l\u2019h\u00e9bergement\u2026 - Gestions hospitali\u00e8res\",\"isPartOf\":{\"@id\":\"https:\/\/www.ricom-web8.com\/gestions\/#website\"},\"primaryImageOfPage\":{\"@id\":\"https:\/\/www.ricom-web8.com\/gestions\/au-dela-des-soins-au-dela-de-lhebergement\/#primaryimage\"},\"image\":{\"@id\":\"https:\/\/www.ricom-web8.com\/gestions\/au-dela-des-soins-au-dela-de-lhebergement\/#primaryimage\"},\"thumbnailUrl\":\"https:\/\/gestions-hospitalieres.fr\/wp-content\/uploads\/2023\/12\/Capture-decran-2023-12-04-a-14.39.50-211x300.jpg\",\"datePublished\":\"2023-11-01T13:19:13+00:00\",\"dateModified\":\"2024-04-22T13:04:21+00:00\",\"breadcrumb\":{\"@id\":\"https:\/\/www.ricom-web8.com\/gestions\/au-dela-des-soins-au-dela-de-lhebergement\/#breadcrumb\"},\"inLanguage\":\"fr-FR\",\"potentialAction\":[{\"@type\":\"ReadAction\",\"target\":[\"https:\/\/www.ricom-web8.com\/gestions\/au-dela-des-soins-au-dela-de-lhebergement\/\"]}]},{\"@type\":\"ImageObject\",\"inLanguage\":\"fr-FR\",\"@id\":\"https:\/\/www.ricom-web8.com\/gestions\/au-dela-des-soins-au-dela-de-lhebergement\/#primaryimage\",\"url\":\"https:\/\/gestions-hospitalieres.fr\/wp-content\/uploads\/2023\/12\/Capture-decran-2023-12-04-a-14.39.50-211x300.jpg\",\"contentUrl\":\"https:\/\/gestions-hospitalieres.fr\/wp-content\/uploads\/2023\/12\/Capture-decran-2023-12-04-a-14.39.50-211x300.jpg\"},{\"@type\":\"BreadcrumbList\",\"@id\":\"https:\/\/www.ricom-web8.com\/gestions\/au-dela-des-soins-au-dela-de-lhebergement\/#breadcrumb\",\"itemListElement\":[{\"@type\":\"ListItem\",\"position\":1,\"name\":\"Accueil\",\"item\":\"https:\/\/www.ricom-web8.com\/gestions\/\"},{\"@type\":\"ListItem\",\"position\":2,\"name\":\"Au-del\u00e0 des soins, au-del\u00e0 de l\u2019h\u00e9bergement\u2026\"}]},{\"@type\":\"WebSite\",\"@id\":\"https:\/\/www.ricom-web8.com\/gestions\/#website\",\"url\":\"https:\/\/www.ricom-web8.com\/gestions\/\",\"name\":\"Gestions hospitali\u00e8res\",\"description\":\"la revue des d\u00e9cideurs hospitaliers\",\"publisher\":{\"@id\":\"https:\/\/www.ricom-web8.com\/gestions\/#organization\"},\"potentialAction\":[{\"@type\":\"SearchAction\",\"target\":{\"@type\":\"EntryPoint\",\"urlTemplate\":\"https:\/\/www.ricom-web8.com\/gestions\/?s={search_term_string}\"},\"query-input\":{\"@type\":\"PropertyValueSpecification\",\"valueRequired\":true,\"valueName\":\"search_term_string\"}}],\"inLanguage\":\"fr-FR\"},{\"@type\":\"Organization\",\"@id\":\"https:\/\/www.ricom-web8.com\/gestions\/#organization\",\"name\":\"Gestions hospitali\u00e8res\",\"url\":\"https:\/\/www.ricom-web8.com\/gestions\/\",\"logo\":{\"@type\":\"ImageObject\",\"inLanguage\":\"fr-FR\",\"@id\":\"https:\/\/www.ricom-web8.com\/gestions\/#\/schema\/logo\/image\/\",\"url\":\"https:\/\/gestions-hospitalieres.fr\/wp-content\/uploads\/2017\/02\/picto_Gif-GH-trans.png\",\"contentUrl\":\"https:\/\/gestions-hospitalieres.fr\/wp-content\/uploads\/2017\/02\/picto_Gif-GH-trans.png\",\"width\":512,\"height\":512,\"caption\":\"Gestions hospitali\u00e8res\"},\"image\":{\"@id\":\"https:\/\/www.ricom-web8.com\/gestions\/#\/schema\/logo\/image\/\"},\"sameAs\":[\"https:\/\/www.facebook.com\/gestionshospitalieres\/\",\"https:\/\/x.com\/revue_GH\",\"https:\/\/www.linkedin.com\/company\/gestions-hospitalieres?trk=top_nav_home\"]},{\"@type\":\"Person\",\"@id\":\"https:\/\/www.ricom-web8.com\/gestions\/#\/schema\/person\/3ba9fe913190dfe9507feb621e902c1f\",\"name\":\"Gestions hospitali\u00e8res\",\"image\":{\"@type\":\"ImageObject\",\"inLanguage\":\"fr-FR\",\"@id\":\"https:\/\/www.ricom-web8.com\/gestions\/#\/schema\/person\/image\/\",\"url\":\"https:\/\/secure.gravatar.com\/avatar\/1a0d93e6db5dbe7dac96bae4757d256f?s=96&d=mm&r=g\",\"contentUrl\":\"https:\/\/secure.gravatar.com\/avatar\/1a0d93e6db5dbe7dac96bae4757d256f?s=96&d=mm&r=g\",\"caption\":\"Gestions hospitali\u00e8res\"},\"url\":\"https:\/\/www.ricom-web8.com\/gestions\/author\/benjamin\/\"}]}<\/script>\n<!-- \/ Yoast SEO plugin. -->","yoast_head_json":{"title":"Au-del\u00e0 des soins, au-del\u00e0 de l\u2019h\u00e9bergement\u2026 - Gestions hospitali\u00e8res","robots":{"index":"index","follow":"follow","max-snippet":"max-snippet:-1","max-image-preview":"max-image-preview:large","max-video-preview":"max-video-preview:-1"},"canonical":"https:\/\/www.ricom-web8.com\/gestions\/au-dela-des-soins-au-dela-de-lhebergement\/","og_locale":"fr_FR","og_type":"article","og_title":"Au-del\u00e0 des soins, au-del\u00e0 de l\u2019h\u00e9bergement\u2026 - Gestions hospitali\u00e8res","og_description":"La publication \u00ab\u2009Devenir un \u00e9tablissement \u00e0 impact\u2009\u00bb de l\u2019Anap traduit la mani\u00e8re dont les \u00e9tablissements de sant\u00e9 peuvent d\u00e9ployer des actions dites \u00ab\u2009d\u2019innovation sociale\u2009\u00bb,\u00a0 aux retomb\u00e9es tangibles pour la population et qui s\u2019appuient sur des approches et dispositifs techniques concrets.\u00a0 Selon le Conseil sup\u00e9rieur de l\u2019\u00e9conomie sociale et solidaire, l\u2019innovation sociale consiste en \u00ab\u2009l\u2019\u00e9laboration de r\u00e9ponses nouvelles \u00e0 des besoins sociaux nouveaux ou mal satisfaits, dans les conditions actuelles du&hellip;","og_url":"https:\/\/www.ricom-web8.com\/gestions\/au-dela-des-soins-au-dela-de-lhebergement\/","og_site_name":"Gestions hospitali\u00e8res","article_publisher":"https:\/\/www.facebook.com\/gestionshospitalieres\/","article_published_time":"2023-11-01T13:19:13+00:00","article_modified_time":"2024-04-22T13:04:21+00:00","og_image":[{"url":"https:\/\/gestions-hospitalieres.fr\/wp-content\/uploads\/2023\/12\/Capture-decran-2023-12-04-a-14.39.50-211x300.jpg","type":"","width":"","height":""}],"author":"Gestions hospitali\u00e8res","twitter_card":"summary_large_image","twitter_creator":"@revue_GH","twitter_site":"@revue_GH","twitter_misc":{"\u00c9crit par":"Gestions hospitali\u00e8res","Dur\u00e9e de lecture estim\u00e9e":"5 minutes"},"schema":{"@context":"https:\/\/schema.org","@graph":[{"@type":"Article","@id":"https:\/\/www.ricom-web8.com\/gestions\/au-dela-des-soins-au-dela-de-lhebergement\/#article","isPartOf":{"@id":"https:\/\/www.ricom-web8.com\/gestions\/au-dela-des-soins-au-dela-de-lhebergement\/"},"author":{"name":"Gestions hospitali\u00e8res","@id":"https:\/\/www.ricom-web8.com\/gestions\/#\/schema\/person\/3ba9fe913190dfe9507feb621e902c1f"},"headline":"Au-del\u00e0 des soins, au-del\u00e0 de l\u2019h\u00e9bergement\u2026","datePublished":"2023-11-01T13:19:13+00:00","dateModified":"2024-04-22T13:04:21+00:00","mainEntityOfPage":{"@id":"https:\/\/www.ricom-web8.com\/gestions\/au-dela-des-soins-au-dela-de-lhebergement\/"},"wordCount":1047,"publisher":{"@id":"https:\/\/www.ricom-web8.com\/gestions\/#organization"},"image":{"@id":"https:\/\/www.ricom-web8.com\/gestions\/au-dela-des-soins-au-dela-de-lhebergement\/#primaryimage"},"thumbnailUrl":"https:\/\/gestions-hospitalieres.fr\/wp-content\/uploads\/2023\/12\/Capture-decran-2023-12-04-a-14.39.50-211x300.jpg","keywords":["Anap","collective impact","\u00e9tablissement \u00e0 impact","innovation sociale","mod\u00e8le \u00e9conomique","partenariat","responsabilit\u00e9 populationnelle"],"articleSection":["Gestions Hospitali\u00e8res","performance"],"inLanguage":"fr-FR"},{"@type":"WebPage","@id":"https:\/\/www.ricom-web8.com\/gestions\/au-dela-des-soins-au-dela-de-lhebergement\/","url":"https:\/\/www.ricom-web8.com\/gestions\/au-dela-des-soins-au-dela-de-lhebergement\/","name":"Au-del\u00e0 des soins, au-del\u00e0 de l\u2019h\u00e9bergement\u2026 - Gestions hospitali\u00e8res","isPartOf":{"@id":"https:\/\/www.ricom-web8.com\/gestions\/#website"},"primaryImageOfPage":{"@id":"https:\/\/www.ricom-web8.com\/gestions\/au-dela-des-soins-au-dela-de-lhebergement\/#primaryimage"},"image":{"@id":"https:\/\/www.ricom-web8.com\/gestions\/au-dela-des-soins-au-dela-de-lhebergement\/#primaryimage"},"thumbnailUrl":"https:\/\/gestions-hospitalieres.fr\/wp-content\/uploads\/2023\/12\/Capture-decran-2023-12-04-a-14.39.50-211x300.jpg","datePublished":"2023-11-01T13:19:13+00:00","dateModified":"2024-04-22T13:04:21+00:00","breadcrumb":{"@id":"https:\/\/www.ricom-web8.com\/gestions\/au-dela-des-soins-au-dela-de-lhebergement\/#breadcrumb"},"inLanguage":"fr-FR","potentialAction":[{"@type":"ReadAction","target":["https:\/\/www.ricom-web8.com\/gestions\/au-dela-des-soins-au-dela-de-lhebergement\/"]}]},{"@type":"ImageObject","inLanguage":"fr-FR","@id":"https:\/\/www.ricom-web8.com\/gestions\/au-dela-des-soins-au-dela-de-lhebergement\/#primaryimage","url":"https:\/\/gestions-hospitalieres.fr\/wp-content\/uploads\/2023\/12\/Capture-decran-2023-12-04-a-14.39.50-211x300.jpg","contentUrl":"https:\/\/gestions-hospitalieres.fr\/wp-content\/uploads\/2023\/12\/Capture-decran-2023-12-04-a-14.39.50-211x300.jpg"},{"@type":"BreadcrumbList","@id":"https:\/\/www.ricom-web8.com\/gestions\/au-dela-des-soins-au-dela-de-lhebergement\/#breadcrumb","itemListElement":[{"@type":"ListItem","position":1,"name":"Accueil","item":"https:\/\/www.ricom-web8.com\/gestions\/"},{"@type":"ListItem","position":2,"name":"Au-del\u00e0 des soins, au-del\u00e0 de l\u2019h\u00e9bergement\u2026"}]},{"@type":"WebSite","@id":"https:\/\/www.ricom-web8.com\/gestions\/#website","url":"https:\/\/www.ricom-web8.com\/gestions\/","name":"Gestions hospitali\u00e8res","description":"la revue des d\u00e9cideurs hospitaliers","publisher":{"@id":"https:\/\/www.ricom-web8.com\/gestions\/#organization"},"potentialAction":[{"@type":"SearchAction","target":{"@type":"EntryPoint","urlTemplate":"https:\/\/www.ricom-web8.com\/gestions\/?s={search_term_string}"},"query-input":{"@type":"PropertyValueSpecification","valueRequired":true,"valueName":"search_term_string"}}],"inLanguage":"fr-FR"},{"@type":"Organization","@id":"https:\/\/www.ricom-web8.com\/gestions\/#organization","name":"Gestions hospitali\u00e8res","url":"https:\/\/www.ricom-web8.com\/gestions\/","logo":{"@type":"ImageObject","inLanguage":"fr-FR","@id":"https:\/\/www.ricom-web8.com\/gestions\/#\/schema\/logo\/image\/","url":"https:\/\/gestions-hospitalieres.fr\/wp-content\/uploads\/2017\/02\/picto_Gif-GH-trans.png","contentUrl":"https:\/\/gestions-hospitalieres.fr\/wp-content\/uploads\/2017\/02\/picto_Gif-GH-trans.png","width":512,"height":512,"caption":"Gestions hospitali\u00e8res"},"image":{"@id":"https:\/\/www.ricom-web8.com\/gestions\/#\/schema\/logo\/image\/"},"sameAs":["https:\/\/www.facebook.com\/gestionshospitalieres\/","https:\/\/x.com\/revue_GH","https:\/\/www.linkedin.com\/company\/gestions-hospitalieres?trk=top_nav_home"]},{"@type":"Person","@id":"https:\/\/www.ricom-web8.com\/gestions\/#\/schema\/person\/3ba9fe913190dfe9507feb621e902c1f","name":"Gestions hospitali\u00e8res","image":{"@type":"ImageObject","inLanguage":"fr-FR","@id":"https:\/\/www.ricom-web8.com\/gestions\/#\/schema\/person\/image\/","url":"https:\/\/secure.gravatar.com\/avatar\/1a0d93e6db5dbe7dac96bae4757d256f?s=96&d=mm&r=g","contentUrl":"https:\/\/secure.gravatar.com\/avatar\/1a0d93e6db5dbe7dac96bae4757d256f?s=96&d=mm&r=g","caption":"Gestions hospitali\u00e8res"},"url":"https:\/\/www.ricom-web8.com\/gestions\/author\/benjamin\/"}]}},"_links":{"self":[{"href":"https:\/\/www.ricom-web8.com\/gestions\/wp-json\/wp\/v2\/posts\/47274","targetHints":{"allow":["GET"]}}],"collection":[{"href":"https:\/\/www.ricom-web8.com\/gestions\/wp-json\/wp\/v2\/posts"}],"about":[{"href":"https:\/\/www.ricom-web8.com\/gestions\/wp-json\/wp\/v2\/types\/post"}],"author":[{"embeddable":true,"href":"https:\/\/www.ricom-web8.com\/gestions\/wp-json\/wp\/v2\/users\/23133"}],"replies":[{"embeddable":true,"href":"https:\/\/www.ricom-web8.com\/gestions\/wp-json\/wp\/v2\/comments?post=47274"}],"version-history":[{"count":3,"href":"https:\/\/www.ricom-web8.com\/gestions\/wp-json\/wp\/v2\/posts\/47274\/revisions"}],"predecessor-version":[{"id":48076,"href":"https:\/\/www.ricom-web8.com\/gestions\/wp-json\/wp\/v2\/posts\/47274\/revisions\/48076"}],"wp:attachment":[{"href":"https:\/\/www.ricom-web8.com\/gestions\/wp-json\/wp\/v2\/media?parent=47274"}],"wp:term":[{"taxonomy":"category","embeddable":true,"href":"https:\/\/www.ricom-web8.com\/gestions\/wp-json\/wp\/v2\/categories?post=47274"},{"taxonomy":"post_tag","embeddable":true,"href":"https:\/\/www.ricom-web8.com\/gestions\/wp-json\/wp\/v2\/tags?post=47274"}],"curies":[{"name":"wp","href":"https:\/\/api.w.org\/{rel}","templated":true}]}}