

{"id":47768,"date":"2024-02-01T11:57:07","date_gmt":"2024-02-01T10:57:07","guid":{"rendered":"https:\/\/gestions-hospitalieres.fr\/?p=47768"},"modified":"2024-02-29T10:49:20","modified_gmt":"2024-02-29T09:49:20","slug":"le-ght-et-la-personnalite-morale","status":"publish","type":"post","link":"https:\/\/www.ricom-web8.com\/gestions\/le-ght-et-la-personnalite-morale\/","title":{"rendered":"Le GHT et la personnalit\u00e9 morale"},"content":{"rendered":"<span class=\"span-reading-time rt-reading-time\" style=\"display: block;\"><span class=\"rt-label rt-prefix\">Temps de lecture\u00a0: <\/span> <span class=\"rt-time\"> 5<\/span> <span class=\"rt-label rt-postfix\">minutes<\/span><\/span><p>Les pr\u00e9mices du GHT ont \u00e9t\u00e9 \u00e9tablies par les ordonnances Jupp\u00e9 de 1996<sup class=\"appel\" data-toggle=\"modal\" data-target=\"#notes\">(2)<\/sup><span class=\"Apple-converted-space\">\u00a0 <\/span>avec les communaut\u00e9s d\u2019\u00e9tablissements de sant\u00e9. Lesquelles ont \u00e9t\u00e9 ensuite remplac\u00e9es par les communaut\u00e9s hospitali\u00e8res de territoire en 2009, avec la loi HPST<sup class=\"appel\" data-toggle=\"modal\" data-target=\"#notes\">(3)<\/sup>, avant de devenir les GHT, obligation impos\u00e9e par la loi du 26 janvier 2016<sup class=\"appel\" data-toggle=\"modal\" data-target=\"#notes\">(4)<\/sup>.<span class=\"Apple-converted-space\">\u00a0<\/span><\/p>\n<p>Une \u00e9volution en plusieurs temps mais coh\u00e9rente sur un point\u2009: les GHT (\u00e0 l\u2019instar de leurs pr\u00e9d\u00e9cesseurs) ne sont pas dot\u00e9s de la personnalit\u00e9 morale, leur existence repose sur une convention pass\u00e9e entre plusieurs \u00e9tablissements publics de sant\u00e9. Cette nouvelle disposition pourrait donc \u00eatre consid\u00e9r\u00e9e comme innovante puisque, pour la premi\u00e8re fois, l\u2019id\u00e9e d\u2019une personnalit\u00e9 morale a finalement \u00e9t\u00e9 adopt\u00e9e.<span class=\"Apple-converted-space\">\u00a0<\/span><\/p>\n<p>Pour autant, cet outil compl\u00e9mentaire, qui ne reste pour le moment qu\u2019un droit d\u2019option pour les GHT, repr\u00e9sente-t-il r\u00e9ellement un nouveau levier\u2009?<span class=\"Apple-converted-space\">\u00a0<\/span><\/p>\n<h1>Un \u00e9tat d\u2019avancement des GHT<span class=\"Apple-converted-space\">\u00a0<\/span><\/h1>\n<p>Le d\u00e9ploiement des GHT sur le terrain s\u2019est effectu\u00e9 en plusieurs \u00e9tapes. Tout d\u2019abord avec la conclusion des conventions constitutives puis avec l\u2019\u00e9laboration des premiers projets m\u00e9dicaux partag\u00e9s et enfin avec les mises en \u0153uvre successives des mutualisations de fonctions.<span class=\"Apple-converted-space\">\u00a0<\/span><\/p>\n<p>Alors que plusieurs r\u00e9formes se sont succ\u00e9d\u00e9 afin d\u2019acc\u00e9l\u00e9rer l\u2019int\u00e9gration des GHT, les \u00e9tablissements de sant\u00e9 ont en revanche eu des difficult\u00e9s \u00e0 les mettre en application. Par exemple, la mutualisation de la strat\u00e9gie des ressources humaines m\u00e9dicales, dont la mise en \u0153uvre devait \u00eatre effectu\u00e9e au plus tard au 1<sup>er<\/sup> janvier 2022, n\u2019en est qu\u2019\u00e0 ses balbutiements dans de nombreux \u00e9tablissements. Ces difficult\u00e9s peuvent s\u2019expliquer par de nombreux facteurs, dont beaucoup ne sont pas li\u00e9s aux \u00e9tablissements eux-m\u00eames (crise sanitaire, manque de moyens humains et financiers, dispositifs juridiques complexes\u2026). Ils n\u2019ont donc pas tous \u00e9volu\u00e9 \u00e0 la m\u00eame vitesse.<\/p>\n<p>De plus, les obligations inh\u00e9rentes aux GHT sont souvent, dans les textes, support\u00e9es par l\u2019\u00e9tablissement support, cons\u00e9quence directe de l\u2019absence de personnalit\u00e9 morale. Il en va ainsi du budget G ouvert dans la comptabilit\u00e9 de l\u2019\u00e9tablissement support, pour retracer des op\u00e9rations li\u00e9es aux mutualisations dans le groupement.<span class=\"Apple-converted-space\">\u00a0<\/span><\/p>\n<p>Par ailleurs, la cartographie des GHT conna\u00eet ses premi\u00e8res \u00e9volutions notables, \u00e0 coups de fusions ou de scissions, apr\u00e8s plusieurs ann\u00e9es de stabilit\u00e9. Par exemple, le d\u00e9but de l\u2019ann\u00e9e 2023 a \u00e9t\u00e9 marqu\u00e9 par deux fusions de GHT :<span class=\"Apple-converted-space\">\u00a0<\/span><\/p>\n<ul>\n<li>les GHT Rh\u00f4ne-Vercors-Vivarais et Sud-Dr\u00f4me-Ard\u00e8che sont devenus le GHT Ard\u00e8che-Dr\u00f4me, compos\u00e9 d\u00e9sormais de 19 \u00e9tablissements\u2009;<span class=\"Apple-converted-space\">\u00a0<\/span><\/li>\n<li>les GHT Rh\u00f4ne-Centre et Val-Rh\u00f4ne sont devenus le GHT Val-Rh\u00f4ne-<br \/>\nCentre.<span class=\"Apple-converted-space\">\u00a0<\/span><\/li>\n<\/ul>\n<p>Fin 2022, le GHT Hainaut-Cambr\u00e9sis s\u2019est quant \u00e0 lui scind\u00e9 lorsque deux \u00e9tablissements ont quitt\u00e9 le groupement pour en cr\u00e9er un nouveau, de taille plus modeste.<\/p>\n<p>De plus, certains \u00e9tablissements demeurent sous le r\u00e9gime d\u00e9rogatoire pr\u00e9vu par l\u2019article L.6132-1 du Code de la sant\u00e9 publique (CSP). C\u2019est le cas du centre hospitalier sp\u00e9cialis\u00e9 en psychiatrie Le Vinatier, dont la d\u00e9rogation a \u00e9t\u00e9 prolong\u00e9e une nouvelle fois jusqu\u2019au 31 d\u00e9cembre 2024. L\u2019agence r\u00e9gionale de sant\u00e9 (ARS) Auvergne-Rh\u00f4ne-Alpes justifie cette d\u00e9cision \u00ab\u2009consid\u00e9rant la nature, la sp\u00e9cificit\u00e9 et le rayonnement territorial des missions d\u00e9volues au centre hospitalier\u2009\u00bb.<span class=\"Apple-converted-space\">\u00a0<\/span><\/p>\n<p>Ainsi, les GHT n\u2019ont pas encore tout \u00e0 fait trouv\u00e9 leur stabilit\u00e9 puisque des mouvements sont toujours op\u00e9r\u00e9s dans le but d\u2019am\u00e9liorer l\u2019offre de soins propos\u00e9e et de cr\u00e9er des liens de coop\u00e9ration plus adapt\u00e9s aux besoins de la population.<span class=\"Apple-converted-space\">\u00a0<\/span><\/p>\n<p>Les 136 GHT constituent donc actuellement un ensemble h\u00e9t\u00e9rog\u00e8ne, avec un degr\u00e9 de maturit\u00e9 bien variable d\u2019un territoire \u00e0 l\u2019autre. C\u2019est donc dans ce contexte que s\u2019inscrivent la loi Valletoux et sa proposition de changement radical de fonctionnement.<span class=\"Apple-converted-space\">\u00a0<\/span><\/p>\n<h1>La personnalit\u00e9 morale, ou poudre de perlimpinpin\u2009?<\/h1>\n<p>Selon la loi du 27 d\u00e9cembre 2023, cette nouvelle possibilit\u00e9 serait un \u00ab\u2009outil compl\u00e9mentaire pour simplifier les nombreuses proc\u00e9dures et renforcer l\u2019organisation territoriale des soins<sup class=\"appel\" data-toggle=\"modal\" data-target=\"#notes\">(5)\u2009<\/sup>\u00bb, mais elle fait \u00e9galement \u00e9cho \u00e0 cette crainte, pr\u00e9sente depuis la cr\u00e9ation des GHT, concernant une int\u00e9gration probablement trop pouss\u00e9e des \u00e9tablissements de sant\u00e9 qui, \u00e0 terme, ne ferait que diminuer leur efficience.<span class=\"Apple-converted-space\">\u00a0<\/span><\/p>\n<p>Ce dispositif, pr\u00e9vu par le nouvel article L.6132-5-2 du CSP, offre deux possibilit\u00e9s pour doter un GHT de la personnalit\u00e9 morale\u2009:<\/p>\n<ul>\n<li><strong>la fusion\u2009:<\/strong> cette hypoth\u00e8se est r\u00e9currente dans le syst\u00e8me hospitalier, sans \u00eatre pour autant syst\u00e9matique, notamment pour les groupements compos\u00e9s de nombreux \u00e9tablissements \u00e0 taille vari\u00e9e. En pratique, la fusion n\u2019est envisageable que pour ceux compos\u00e9s de deux, parfois trois et rarement quatre \u00e9tablissements. Beaucoup de professionnels consid\u00e8rent le GHT comme un acc\u00e9l\u00e9rateur de fusions, <i>a minima<\/i> de directions communes. Le but (non avou\u00e9\u2009?) du GHT est et reste, depuis sa cr\u00e9ation, une concentration du pilotage administratif, juridique et financier des \u00e9tablissements publics de sant\u00e9 sur un territoire. Mais alors, en cas de fusion de tous les \u00e9tablissements du GHT, que peut encore apporter le GHT, m\u00eame pourvu de la personnalit\u00e9 morale\u2009? Quel int\u00e9r\u00eat y trouveront des \u00e9tablissements qui seront all\u00e9s au bout de la d\u00e9marche de restructuration\u2009? On comprend d\u2019ailleurs mal la seconde phrase du paragraphe\u2009: \u00ab\u2009Dans ce cas, l&#8217;\u00e9tablissement issu de la fusion n&#8217;est pas tenu d&#8217;\u00eatre partie \u00e0 la convention [de GHT].\u2009\u00bb S\u2019il n\u2019y a plus obligation d\u2019un \u00e9tablissement issu de la fusion des parties \u00e0 un GHT d\u2019\u00eatre lui-m\u00eame en GHT, que vaut cette possibilit\u00e9 d\u2019acc\u00e8s \u00e0 la personnalit\u00e9 morale du groupement\u2009?\u2009;<span class=\"Apple-converted-space\">\u00a0<\/span><\/li>\n<li><strong>le groupement de coop\u00e9ration sanitaire (GCS) de moyens<\/strong>.<span class=\"Apple-converted-space\">\u00a0<\/span><\/li>\n<\/ul>\n<p>Le GHT peut acqu\u00e9rir la personnalit\u00e9 morale lorsque l&#8217;ensemble des \u00e9tablissements parties constitue, \u00e0 l&#8217;exclusion de tout autre membre, un groupement de coop\u00e9ration sanitaire afin qu&#8217;il assure au moins les fonctions obligatoirement mutualis\u00e9es que sont le syst\u00e8me d\u2019information (SIH), le d\u00e9partement d\u2019information m\u00e9dicale (DIM), les achats, la formation, la coordination des \u00e9coles et, le cas \u00e9ch\u00e9ant, les autres comp\u00e9tences (pharmacie, biologie, imagerie, \u00e9quipes m\u00e9dicales communes\u2026).<span class=\"Apple-converted-space\">\u00a0<\/span><\/p>\n<p>Cette option r\u00e9pond \u00e0 premi\u00e8re vue \u00e0 un d\u00e9bat ouvert d\u00e8s 2016 \u00e0 la cr\u00e9ation des GHT\u2009: pour porter toutes les mutualisations obligatoires, ne faut-il pas doubler le GHT d\u2019une structure dot\u00e9e de la personnalit\u00e9 morale\u2009? Et ce afin d\u2019apporter au GHT les pr\u00e9rogatives qui lui manquent\u2009:<\/p>\n<ul>\n<li>budget autonome,<\/li>\n<li>recrutement et emploi directement des personnels,<\/li>\n<li>acquisition et gestion d\u2019un patrimoine mobilier et immobilier en propre,<\/li>\n<li>portage d\u2019autorisations d\u2019activit\u00e9s de soins et d\u2019\u00e9quipements mat\u00e9riels lourds,<\/li>\n<li>\u2026<\/li>\n<\/ul>\n<p>Mais ici, ce sont les conditions d\u2019octroi de la personnalit\u00e9 morale qui posent question\u2009: le p\u00e9rim\u00e8tre organique (membres) du GCS doit \u00eatre exactement celui du GHT. Quels territoires en sont capables\u2009? Car en pratique, le GHT n\u2019a pas mis fin, loin de l\u00e0, aux nombreuses coop\u00e9rations extra-GHT, entre \u00e9tablissements publics et priv\u00e9s, ou avec d\u2019autres h\u00f4pitaux publics.<\/p>\n<p>D\u00e8s lors, qui sera pr\u00eat \u00e0 se lancer dans la construction d\u2019un tel GCS, aussi large dans son objet, aussi lourd dans sa gestion\u2009? Tout \u00e7a pour pouvoir donner la personnalit\u00e9 morale au GHT qui subsistera\u2009? Et ce n\u2019est pas la dispense de statut de GCS \u00e9tablissement de sant\u00e9 en cas de portage d\u2019autorisations d\u2019activit\u00e9s qui constituera un \u00e9l\u00e9ment d\u00e9terminant de la d\u00e9cision\u2026<\/p>\n<blockquote><p>Que les \u00e9tablissements optent pour la fusion ou la cr\u00e9ation d\u2019un GCS, la mise en place et la gestion de la personnalit\u00e9 morale restent difficiles.<\/p><\/blockquote>\n<p>En outre, une variable doit encore \u00eatre ajust\u00e9e, le r\u00e9gime juridique des GCS. Il est n\u00e9cessaire de pouvoir articuler les r\u00e8gles applicables aux GCS et aux GHT, notamment en termes de gouvernance. Alors que les GHT comportent plusieurs instances (comit\u00e9 strat\u00e9gique, commission m\u00e9dicale de groupement, commission des usagers, commission des soins infirmiers, de r\u00e9\u00e9ducation et m\u00e9dico-techniques et comit\u00e9 territorial des \u00e9lus locaux), les seules instances obligatoires des GCS sont l\u2019administrateur et l\u2019assembl\u00e9e g\u00e9n\u00e9rale des membres. M\u00eame si certaines pourraient se substituer \u00e0 d\u2019autres, le comit\u00e9 strat\u00e9gique et l\u2019assembl\u00e9e g\u00e9n\u00e9rale par exemple, les r\u00f4les de chacun seront in\u00e9vitablement red\u00e9finis. <span class=\"Apple-converted-space\">\u00a0<\/span><\/p>\n<p>\u00c0 ce stade, seul l\u2019article L.6132-5-2 du CSP vient apporter quelques pr\u00e9cisions\u2009: \u00ab\u2009L\u2019administrateur du groupement de coop\u00e9ration sanitaire exerce l\u2019ensemble des pr\u00e9rogatives accord\u00e9es au directeur de l\u2019\u00e9tablissement support.\u2009\u00bb Le directeur devient alors administrateur du GCS et le pr\u00e9sident de la commission m\u00e9dicale de groupement (PCMG) devient son vice-administrateur.<span class=\"Apple-converted-space\">\u00a0<\/span><\/p>\n<p>Les autres modalit\u00e9s d\u2019application seront d\u00e9termin\u00e9es dans un d\u00e9cret en Conseil d\u2019\u00c9tat \u00e0 venir.<span class=\"Apple-converted-space\">\u00a0<\/span><\/p>\n<p>Et on attendra beaucoup de ce d\u00e9cret, car le r\u00e9gime juridique du GCS impose de d\u00e9terminer les \u00e9quilibres d\u00e9cisionnels dans la convention constitutive. Pour rappel, l\u2019article L.6133-4 du CSP pr\u00e9voit que cette convention \u00ab\u2009pr\u00e9cise la r\u00e9partition des droits statutaires de ses membres, proportionnellement \u00e0 leurs apports ou \u00e0 leur participation aux charges de fonctionnement\u2009\u00bb.<span class=\"Apple-converted-space\">\u00a0<\/span><\/p>\n<p>Ainsi, il serait possible que les \u00e9quilibres d\u00e9cisionnels actuels soient rediscut\u00e9s en octroyant davantage de pouvoir aux petits \u00e9tablissements du groupement. N\u00e9anmoins, bien que juridiquement possible, cette redistribution des cartes est-elle r\u00e9aliste\u2009? Au d\u00e9cret \u00e0 para\u00eetre de r\u00e9gler ces questions\u2009?<\/p>\n<p>Que les \u00e9tablissements optent pour la fusion ou la cr\u00e9ation d\u2019un GCS, la mise en place et la gestion de la personnalit\u00e9 morale restent finalement difficiles.<span class=\"Apple-converted-space\">\u00a0<\/span><\/p>\n<p>Cette nouvelle mesure semble pour l\u2019instant davantage ressembler \u00e0 un parfait exemple de la simplexit\u00e9, nouvelle notion r\u00e9sumant la volont\u00e9 erron\u00e9e de rendre simple un concept complexe. Cette (fausse ou bonne\u2009) id\u00e9e qui ouvrirait le champ des possibles n\u2019embarquera que davantage les \u00e9tablissements dans des engrenages administratifs et juridiques complexes. Alors que les GHT d\u2019aujourd\u2019hui peinent d\u00e9j\u00e0 \u00e0 respecter les derni\u00e8res mesures \u00e9dict\u00e9es, le l\u00e9gislateur pousse les \u00e9tablissements de sant\u00e9 vers une nouvelle \u00e9tape de restructuration, mais il en oublie la pr\u00e9occupation plus alarmante des besoins du terrain.<\/p>\n<script>function PlayerjsAsync(){} if(window[\"Playerjs\"]){PlayerjsAsync();}<\/script>","protected":false},"excerpt":{"rendered":"<p><span class=\"span-reading-time rt-reading-time\" style=\"display: block;\"><span class=\"rt-label rt-prefix\">Temps de lecture\u00a0: <\/span> <span class=\"rt-time\"> 5<\/span> <span class=\"rt-label rt-postfix\">minutes<\/span><\/span>Les pr\u00e9mices du GHT ont \u00e9t\u00e9 \u00e9tablies par les ordonnances Jupp\u00e9 de 1996(2)\u00a0 avec les communaut\u00e9s d\u2019\u00e9tablissements de sant\u00e9. Lesquelles ont \u00e9t\u00e9 ensuite remplac\u00e9es par les communaut\u00e9s hospitali\u00e8res de territoire en 2009, avec la loi HPST(3), avant de devenir les GHT, obligation impos\u00e9e par la loi du 26 janvier 2016(4).\u00a0 Une \u00e9volution en plusieurs temps mais coh\u00e9rente sur un point\u2009: les GHT (\u00e0 l\u2019instar de leurs pr\u00e9d\u00e9cesseurs) ne sont pas&hellip; <\/p>\n","protected":false},"author":23133,"featured_media":0,"comment_status":"closed","ping_status":"closed","sticky":false,"template":"","format":"standard","meta":{"_acf_changed":false,"_relevanssi_hide_post":"","_relevanssi_hide_content":"","_relevanssi_pin_for_all":"","_relevanssi_pin_keywords":"","_relevanssi_unpin_keywords":"","_relevanssi_related_keywords":"","_relevanssi_related_include_ids":"","_relevanssi_related_exclude_ids":"","_relevanssi_related_no_append":"","_relevanssi_related_not_related":"","_relevanssi_related_posts":"","_relevanssi_noindex_reason":"","footnotes":""},"categories":[2,70],"tags":[465,1617,16,1809,10066,10067,10068],"class_list":["post-47768","post","type-post","status-publish","format-standard","hentry","category-gestions-hospitalieres","category-jurisante","tag-cooperation","tag-fusion","tag-gcs","tag-ght","tag-loi-valletoux","tag-personnalite-morale","tag-simplexite"],"acf":[],"yoast_head":"<!-- This site is optimized with the Yoast SEO plugin v24.8.1 - https:\/\/yoast.com\/wordpress\/plugins\/seo\/ -->\n<title>Le GHT et la personnalit\u00e9 morale - Gestions hospitali\u00e8res<\/title>\n<meta name=\"robots\" content=\"index, follow, max-snippet:-1, max-image-preview:large, max-video-preview:-1\" \/>\n<link rel=\"canonical\" href=\"https:\/\/www.ricom-web8.com\/gestions\/le-ght-et-la-personnalite-morale\/\" \/>\n<meta property=\"og:locale\" content=\"fr_FR\" \/>\n<meta property=\"og:type\" content=\"article\" \/>\n<meta property=\"og:title\" content=\"Le GHT et la personnalit\u00e9 morale - Gestions hospitali\u00e8res\" \/>\n<meta property=\"og:description\" content=\"Temps de lecture\u00a0:  5 minutesLes pr\u00e9mices du GHT ont \u00e9t\u00e9 \u00e9tablies par les ordonnances Jupp\u00e9 de 1996(2)\u00a0 avec les communaut\u00e9s d\u2019\u00e9tablissements de sant\u00e9. Lesquelles ont \u00e9t\u00e9 ensuite remplac\u00e9es par les communaut\u00e9s hospitali\u00e8res de territoire en 2009, avec la loi HPST(3), avant de devenir les GHT, obligation impos\u00e9e par la loi du 26 janvier 2016(4).\u00a0 Une \u00e9volution en plusieurs temps mais coh\u00e9rente sur un point\u2009: les GHT (\u00e0 l\u2019instar de leurs pr\u00e9d\u00e9cesseurs) ne sont pas&hellip;\" \/>\n<meta property=\"og:url\" content=\"https:\/\/www.ricom-web8.com\/gestions\/le-ght-et-la-personnalite-morale\/\" \/>\n<meta property=\"og:site_name\" content=\"Gestions hospitali\u00e8res\" \/>\n<meta property=\"article:publisher\" content=\"https:\/\/www.facebook.com\/gestionshospitalieres\/\" \/>\n<meta property=\"article:published_time\" content=\"2024-02-01T10:57:07+00:00\" \/>\n<meta property=\"article:modified_time\" content=\"2024-02-29T09:49:20+00:00\" \/>\n<meta name=\"author\" content=\"Gestions hospitali\u00e8res\" \/>\n<meta name=\"twitter:card\" content=\"summary_large_image\" \/>\n<meta name=\"twitter:creator\" content=\"@revue_GH\" \/>\n<meta name=\"twitter:site\" content=\"@revue_GH\" \/>\n<meta name=\"twitter:label1\" content=\"\u00c9crit par\" \/>\n\t<meta name=\"twitter:data1\" content=\"Gestions hospitali\u00e8res\" \/>\n\t<meta name=\"twitter:label2\" content=\"Dur\u00e9e de lecture estim\u00e9e\" \/>\n\t<meta name=\"twitter:data2\" content=\"8 minutes\" \/>\n<script type=\"application\/ld+json\" class=\"yoast-schema-graph\">{\"@context\":\"https:\/\/schema.org\",\"@graph\":[{\"@type\":\"Article\",\"@id\":\"https:\/\/www.ricom-web8.com\/gestions\/le-ght-et-la-personnalite-morale\/#article\",\"isPartOf\":{\"@id\":\"https:\/\/www.ricom-web8.com\/gestions\/le-ght-et-la-personnalite-morale\/\"},\"author\":{\"name\":\"Gestions hospitali\u00e8res\",\"@id\":\"https:\/\/www.ricom-web8.com\/gestions\/#\/schema\/person\/3ba9fe913190dfe9507feb621e902c1f\"},\"headline\":\"Le GHT et la personnalit\u00e9 morale\",\"datePublished\":\"2024-02-01T10:57:07+00:00\",\"dateModified\":\"2024-02-29T09:49:20+00:00\",\"mainEntityOfPage\":{\"@id\":\"https:\/\/www.ricom-web8.com\/gestions\/le-ght-et-la-personnalite-morale\/\"},\"wordCount\":1731,\"publisher\":{\"@id\":\"https:\/\/www.ricom-web8.com\/gestions\/#organization\"},\"keywords\":[\"coop\u00e9ration\",\"fusion\",\"GCS\",\"GHT\",\"loi Valletoux\",\"personnalit\u00e9 morale\",\"simplexit\u00e9\"],\"articleSection\":[\"Gestions Hospitali\u00e8res\",\"JuriSant\u00e9\"],\"inLanguage\":\"fr-FR\"},{\"@type\":\"WebPage\",\"@id\":\"https:\/\/www.ricom-web8.com\/gestions\/le-ght-et-la-personnalite-morale\/\",\"url\":\"https:\/\/www.ricom-web8.com\/gestions\/le-ght-et-la-personnalite-morale\/\",\"name\":\"Le GHT et la personnalit\u00e9 morale - Gestions hospitali\u00e8res\",\"isPartOf\":{\"@id\":\"https:\/\/www.ricom-web8.com\/gestions\/#website\"},\"datePublished\":\"2024-02-01T10:57:07+00:00\",\"dateModified\":\"2024-02-29T09:49:20+00:00\",\"breadcrumb\":{\"@id\":\"https:\/\/www.ricom-web8.com\/gestions\/le-ght-et-la-personnalite-morale\/#breadcrumb\"},\"inLanguage\":\"fr-FR\",\"potentialAction\":[{\"@type\":\"ReadAction\",\"target\":[\"https:\/\/www.ricom-web8.com\/gestions\/le-ght-et-la-personnalite-morale\/\"]}]},{\"@type\":\"BreadcrumbList\",\"@id\":\"https:\/\/www.ricom-web8.com\/gestions\/le-ght-et-la-personnalite-morale\/#breadcrumb\",\"itemListElement\":[{\"@type\":\"ListItem\",\"position\":1,\"name\":\"Accueil\",\"item\":\"https:\/\/www.ricom-web8.com\/gestions\/\"},{\"@type\":\"ListItem\",\"position\":2,\"name\":\"Le GHT et la personnalit\u00e9 morale\"}]},{\"@type\":\"WebSite\",\"@id\":\"https:\/\/www.ricom-web8.com\/gestions\/#website\",\"url\":\"https:\/\/www.ricom-web8.com\/gestions\/\",\"name\":\"Gestions hospitali\u00e8res\",\"description\":\"la revue des d\u00e9cideurs hospitaliers\",\"publisher\":{\"@id\":\"https:\/\/www.ricom-web8.com\/gestions\/#organization\"},\"potentialAction\":[{\"@type\":\"SearchAction\",\"target\":{\"@type\":\"EntryPoint\",\"urlTemplate\":\"https:\/\/www.ricom-web8.com\/gestions\/?s={search_term_string}\"},\"query-input\":{\"@type\":\"PropertyValueSpecification\",\"valueRequired\":true,\"valueName\":\"search_term_string\"}}],\"inLanguage\":\"fr-FR\"},{\"@type\":\"Organization\",\"@id\":\"https:\/\/www.ricom-web8.com\/gestions\/#organization\",\"name\":\"Gestions hospitali\u00e8res\",\"url\":\"https:\/\/www.ricom-web8.com\/gestions\/\",\"logo\":{\"@type\":\"ImageObject\",\"inLanguage\":\"fr-FR\",\"@id\":\"https:\/\/www.ricom-web8.com\/gestions\/#\/schema\/logo\/image\/\",\"url\":\"https:\/\/gestions-hospitalieres.fr\/wp-content\/uploads\/2017\/02\/picto_Gif-GH-trans.png\",\"contentUrl\":\"https:\/\/gestions-hospitalieres.fr\/wp-content\/uploads\/2017\/02\/picto_Gif-GH-trans.png\",\"width\":512,\"height\":512,\"caption\":\"Gestions hospitali\u00e8res\"},\"image\":{\"@id\":\"https:\/\/www.ricom-web8.com\/gestions\/#\/schema\/logo\/image\/\"},\"sameAs\":[\"https:\/\/www.facebook.com\/gestionshospitalieres\/\",\"https:\/\/x.com\/revue_GH\",\"https:\/\/www.linkedin.com\/company\/gestions-hospitalieres?trk=top_nav_home\"]},{\"@type\":\"Person\",\"@id\":\"https:\/\/www.ricom-web8.com\/gestions\/#\/schema\/person\/3ba9fe913190dfe9507feb621e902c1f\",\"name\":\"Gestions hospitali\u00e8res\",\"image\":{\"@type\":\"ImageObject\",\"inLanguage\":\"fr-FR\",\"@id\":\"https:\/\/www.ricom-web8.com\/gestions\/#\/schema\/person\/image\/\",\"url\":\"https:\/\/secure.gravatar.com\/avatar\/1a0d93e6db5dbe7dac96bae4757d256f?s=96&d=mm&r=g\",\"contentUrl\":\"https:\/\/secure.gravatar.com\/avatar\/1a0d93e6db5dbe7dac96bae4757d256f?s=96&d=mm&r=g\",\"caption\":\"Gestions hospitali\u00e8res\"},\"url\":\"https:\/\/www.ricom-web8.com\/gestions\/author\/benjamin\/\"}]}<\/script>\n<!-- \/ Yoast SEO plugin. -->","yoast_head_json":{"title":"Le GHT et la personnalit\u00e9 morale - Gestions hospitali\u00e8res","robots":{"index":"index","follow":"follow","max-snippet":"max-snippet:-1","max-image-preview":"max-image-preview:large","max-video-preview":"max-video-preview:-1"},"canonical":"https:\/\/www.ricom-web8.com\/gestions\/le-ght-et-la-personnalite-morale\/","og_locale":"fr_FR","og_type":"article","og_title":"Le GHT et la personnalit\u00e9 morale - Gestions hospitali\u00e8res","og_description":"Temps de lecture\u00a0:  5 minutesLes pr\u00e9mices du GHT ont \u00e9t\u00e9 \u00e9tablies par les ordonnances Jupp\u00e9 de 1996(2)\u00a0 avec les communaut\u00e9s d\u2019\u00e9tablissements de sant\u00e9. Lesquelles ont \u00e9t\u00e9 ensuite remplac\u00e9es par les communaut\u00e9s hospitali\u00e8res de territoire en 2009, avec la loi HPST(3), avant de devenir les GHT, obligation impos\u00e9e par la loi du 26 janvier 2016(4).\u00a0 Une \u00e9volution en plusieurs temps mais coh\u00e9rente sur un point\u2009: les GHT (\u00e0 l\u2019instar de leurs pr\u00e9d\u00e9cesseurs) ne sont pas&hellip;","og_url":"https:\/\/www.ricom-web8.com\/gestions\/le-ght-et-la-personnalite-morale\/","og_site_name":"Gestions hospitali\u00e8res","article_publisher":"https:\/\/www.facebook.com\/gestionshospitalieres\/","article_published_time":"2024-02-01T10:57:07+00:00","article_modified_time":"2024-02-29T09:49:20+00:00","author":"Gestions hospitali\u00e8res","twitter_card":"summary_large_image","twitter_creator":"@revue_GH","twitter_site":"@revue_GH","twitter_misc":{"\u00c9crit par":"Gestions hospitali\u00e8res","Dur\u00e9e de lecture estim\u00e9e":"8 minutes"},"schema":{"@context":"https:\/\/schema.org","@graph":[{"@type":"Article","@id":"https:\/\/www.ricom-web8.com\/gestions\/le-ght-et-la-personnalite-morale\/#article","isPartOf":{"@id":"https:\/\/www.ricom-web8.com\/gestions\/le-ght-et-la-personnalite-morale\/"},"author":{"name":"Gestions hospitali\u00e8res","@id":"https:\/\/www.ricom-web8.com\/gestions\/#\/schema\/person\/3ba9fe913190dfe9507feb621e902c1f"},"headline":"Le GHT et la personnalit\u00e9 morale","datePublished":"2024-02-01T10:57:07+00:00","dateModified":"2024-02-29T09:49:20+00:00","mainEntityOfPage":{"@id":"https:\/\/www.ricom-web8.com\/gestions\/le-ght-et-la-personnalite-morale\/"},"wordCount":1731,"publisher":{"@id":"https:\/\/www.ricom-web8.com\/gestions\/#organization"},"keywords":["coop\u00e9ration","fusion","GCS","GHT","loi Valletoux","personnalit\u00e9 morale","simplexit\u00e9"],"articleSection":["Gestions Hospitali\u00e8res","JuriSant\u00e9"],"inLanguage":"fr-FR"},{"@type":"WebPage","@id":"https:\/\/www.ricom-web8.com\/gestions\/le-ght-et-la-personnalite-morale\/","url":"https:\/\/www.ricom-web8.com\/gestions\/le-ght-et-la-personnalite-morale\/","name":"Le GHT et la personnalit\u00e9 morale - Gestions hospitali\u00e8res","isPartOf":{"@id":"https:\/\/www.ricom-web8.com\/gestions\/#website"},"datePublished":"2024-02-01T10:57:07+00:00","dateModified":"2024-02-29T09:49:20+00:00","breadcrumb":{"@id":"https:\/\/www.ricom-web8.com\/gestions\/le-ght-et-la-personnalite-morale\/#breadcrumb"},"inLanguage":"fr-FR","potentialAction":[{"@type":"ReadAction","target":["https:\/\/www.ricom-web8.com\/gestions\/le-ght-et-la-personnalite-morale\/"]}]},{"@type":"BreadcrumbList","@id":"https:\/\/www.ricom-web8.com\/gestions\/le-ght-et-la-personnalite-morale\/#breadcrumb","itemListElement":[{"@type":"ListItem","position":1,"name":"Accueil","item":"https:\/\/www.ricom-web8.com\/gestions\/"},{"@type":"ListItem","position":2,"name":"Le GHT et la personnalit\u00e9 morale"}]},{"@type":"WebSite","@id":"https:\/\/www.ricom-web8.com\/gestions\/#website","url":"https:\/\/www.ricom-web8.com\/gestions\/","name":"Gestions hospitali\u00e8res","description":"la revue des d\u00e9cideurs hospitaliers","publisher":{"@id":"https:\/\/www.ricom-web8.com\/gestions\/#organization"},"potentialAction":[{"@type":"SearchAction","target":{"@type":"EntryPoint","urlTemplate":"https:\/\/www.ricom-web8.com\/gestions\/?s={search_term_string}"},"query-input":{"@type":"PropertyValueSpecification","valueRequired":true,"valueName":"search_term_string"}}],"inLanguage":"fr-FR"},{"@type":"Organization","@id":"https:\/\/www.ricom-web8.com\/gestions\/#organization","name":"Gestions hospitali\u00e8res","url":"https:\/\/www.ricom-web8.com\/gestions\/","logo":{"@type":"ImageObject","inLanguage":"fr-FR","@id":"https:\/\/www.ricom-web8.com\/gestions\/#\/schema\/logo\/image\/","url":"https:\/\/gestions-hospitalieres.fr\/wp-content\/uploads\/2017\/02\/picto_Gif-GH-trans.png","contentUrl":"https:\/\/gestions-hospitalieres.fr\/wp-content\/uploads\/2017\/02\/picto_Gif-GH-trans.png","width":512,"height":512,"caption":"Gestions hospitali\u00e8res"},"image":{"@id":"https:\/\/www.ricom-web8.com\/gestions\/#\/schema\/logo\/image\/"},"sameAs":["https:\/\/www.facebook.com\/gestionshospitalieres\/","https:\/\/x.com\/revue_GH","https:\/\/www.linkedin.com\/company\/gestions-hospitalieres?trk=top_nav_home"]},{"@type":"Person","@id":"https:\/\/www.ricom-web8.com\/gestions\/#\/schema\/person\/3ba9fe913190dfe9507feb621e902c1f","name":"Gestions hospitali\u00e8res","image":{"@type":"ImageObject","inLanguage":"fr-FR","@id":"https:\/\/www.ricom-web8.com\/gestions\/#\/schema\/person\/image\/","url":"https:\/\/secure.gravatar.com\/avatar\/1a0d93e6db5dbe7dac96bae4757d256f?s=96&d=mm&r=g","contentUrl":"https:\/\/secure.gravatar.com\/avatar\/1a0d93e6db5dbe7dac96bae4757d256f?s=96&d=mm&r=g","caption":"Gestions hospitali\u00e8res"},"url":"https:\/\/www.ricom-web8.com\/gestions\/author\/benjamin\/"}]}},"_links":{"self":[{"href":"https:\/\/www.ricom-web8.com\/gestions\/wp-json\/wp\/v2\/posts\/47768","targetHints":{"allow":["GET"]}}],"collection":[{"href":"https:\/\/www.ricom-web8.com\/gestions\/wp-json\/wp\/v2\/posts"}],"about":[{"href":"https:\/\/www.ricom-web8.com\/gestions\/wp-json\/wp\/v2\/types\/post"}],"author":[{"embeddable":true,"href":"https:\/\/www.ricom-web8.com\/gestions\/wp-json\/wp\/v2\/users\/23133"}],"replies":[{"embeddable":true,"href":"https:\/\/www.ricom-web8.com\/gestions\/wp-json\/wp\/v2\/comments?post=47768"}],"version-history":[{"count":1,"href":"https:\/\/www.ricom-web8.com\/gestions\/wp-json\/wp\/v2\/posts\/47768\/revisions"}],"predecessor-version":[{"id":47769,"href":"https:\/\/www.ricom-web8.com\/gestions\/wp-json\/wp\/v2\/posts\/47768\/revisions\/47769"}],"wp:attachment":[{"href":"https:\/\/www.ricom-web8.com\/gestions\/wp-json\/wp\/v2\/media?parent=47768"}],"wp:term":[{"taxonomy":"category","embeddable":true,"href":"https:\/\/www.ricom-web8.com\/gestions\/wp-json\/wp\/v2\/categories?post=47768"},{"taxonomy":"post_tag","embeddable":true,"href":"https:\/\/www.ricom-web8.com\/gestions\/wp-json\/wp\/v2\/tags?post=47768"}],"curies":[{"name":"wp","href":"https:\/\/api.w.org\/{rel}","templated":true}]}}