

{"id":47816,"date":"2024-02-01T10:11:24","date_gmt":"2024-02-01T09:11:24","guid":{"rendered":"https:\/\/gestions-hospitalieres.fr\/?p=47816"},"modified":"2024-02-29T10:49:52","modified_gmt":"2024-02-29T09:49:52","slug":"education-therapeutique-du-patient","status":"publish","type":"post","link":"https:\/\/www.ricom-web8.com\/gestions\/education-therapeutique-du-patient\/","title":{"rendered":"\u00c9ducation th\u00e9rapeutique du patient"},"content":{"rendered":"<span class=\"span-reading-time rt-reading-time\" style=\"display: block;\"><span class=\"rt-label rt-prefix\">Temps de lecture\u00a0: <\/span> <span class=\"rt-time\"> 7<\/span> <span class=\"rt-label rt-postfix\">minutes<\/span><\/span><h1>L\u2019ETP, une naissance officielle mais un d\u00e9bat ancien<\/h1>\n<p>En 2009, les intentions du l\u00e9gislateur quant \u00e0 l\u2019\u00e9ducation th\u00e9rapeutique du patient (ETP) \u00e9taient-elles claires\u2009? La lecture des d\u00e9bats parlementaires<sup class=\"appel\" data-toggle=\"modal\" data-target=\"#notes\">(1)<\/sup> entre mars et juillet\u202f2009 montre qu\u2019ils \u00e9taient multiples. Assur\u00e9ment, l\u2019ETP n\u2019\u00e9tait pas le principal objet de la r\u00e9forme, qui \u00e9tait surtout organisationnel dans le domaine hospitalier et au niveau des territoires via la cr\u00e9ation des agences r\u00e9gionales de sant\u00e9 (ARS). Inclure l\u2019ETP a permis de donner \u00e0 la loi une coloration \u00ab\u2009patient\u2009\u00bb plus importante. La cons\u00e9cration de l\u2019\u00e9ducation th\u00e9rapeutique inscrite dans le Code de la sant\u00e9 publique aux articles L.1161-1 et suivants se voulait \u00ab\u2009constituer une \u00e9tape importante de l\u2019\u00e9volution des pratiques de sant\u00e9\u2009\u00bb. La lecture de ces d\u00e9bats parlementaires montre un consensus important de la repr\u00e9sentation nationale sur le sujet<sup class=\"appel\" data-toggle=\"modal\" data-target=\"#notes\">(2)<\/sup>, \u00e0 la diff\u00e9rence des autres articles de loi. Ainsi, l\u2019int\u00e9gration de l\u2019ETP \u00e9tait \u00ab\u2009justifi\u00e9e par le nombre de personnes concern\u00e9es par une maladie chronique et par l\u2019importance de cette pratique \u00e0 l\u2019\u00e9tranger et en France\u2009\u00bb. En outre, \u00ab\u2009la participation des associations de patients \u00e0 l\u2019ETP avec des patients form\u00e9s est souhait\u00e9e\u2009\u00bb. L\u2019ETP est per\u00e7ue d\u2019une part comme un moyen \u00ab\u2009d\u2019am\u00e9liorer l\u2019observance th\u00e9rapeutique<sup class=\"appel\" data-toggle=\"modal\" data-target=\"#notes\">(3)<\/sup>\u2009\u00bb, d\u2019autre part comme pouvant \u00ab\u2009permettre l\u2019autonomisation du patient et ainsi la pr\u00e9vention des complications de la maladie dont il est porteur\u2009\u00bb. La ministre de la Sant\u00e9 de l\u2019\u00e9poque ajoutait d\u2019ailleurs, dans un d\u00e9bordement d\u2019enthousiasme, que l\u2019ETP \u00ab\u2009va ouvrir de nouvelles modalit\u00e9s de relation des professionnels au malade qui, dor\u00e9navant, sera au c\u0153ur des d\u00e9cisions de strat\u00e9gie de prise en charge de sa pathologie\u2009\u00bb.<\/p>\n<p>On le voit bien, c\u2019est pr\u00e9cis\u00e9ment du fait de cette multiplicit\u00e9 d\u2019objectifs assign\u00e9s \u00e0 l\u2019ETP qu\u2019il a \u00e9t\u00e9 possible de parvenir \u00e0 un consensus de la repr\u00e9sentation nationale sur le sujet, chacun y trouvant son compte. Ce consensus s\u2019est traduit par une disposition l\u00e9gislative, stable depuis quinze ans. Un cadre l\u00e9gal a ainsi \u00e9t\u00e9 donn\u00e9 \u00e0 l\u2019ETP, mis en \u0153uvre dans le cadre d\u2019un cahier des charges qui a fait l\u2019objet de multiples modifications de 2010 \u00e0 2020<sup class=\"appel\" data-toggle=\"modal\" data-target=\"#notes\">(4)<\/sup>.<\/p>\n<h1>L\u2019ETP renouvel\u00e9e par la \u00ab\u2009perspective patient\u2009\u00bb, fruit de l\u2019\u00e9volution des mouvements associatifs<\/h1>\n<p>Cependant, comme le soulignaient ces d\u00e9bats parlementaires, l\u2019ETP n\u2019est pas n\u00e9e avec la loi du 21\u202fjuillet 2009. Elle a une origine plus ancienne li\u00e9e aux progr\u00e8s th\u00e9rapeutiques dans certaines pathologies et a \u00e9t\u00e9 imagin\u00e9e par des professionnels de sant\u00e9. Sans en retracer l\u2019histoire, le mod\u00e8le de d\u00e9veloppement de l\u2019ETP en France suit l\u2019histoire de la m\u00e9decine<sup class=\"appel\" data-toggle=\"modal\" data-target=\"#notes\">(5)<\/sup>, mais aussi celle des associations de patients dans le syst\u00e8me de sant\u00e9, illustrant ainsi que l\u2019ETP est \u00e0 la crois\u00e9e de l\u2019\u00e9ducation et du <i>care<\/i><sup class=\"appel\" data-toggle=\"modal\" data-target=\"#notes\">(6)<\/sup>.<\/p>\n<p>Si l\u2019on reprend l\u2019histoire de la m\u00e9decine, l\u2019ETP a \u00e9t\u00e9 influenc\u00e9e par la perception dominante des modes relationnels entre professionnels et patients. Sa m\u00e9thode p\u00e9dagogique s\u2019est inspir\u00e9e d\u2019abord du mod\u00e8le paternaliste puis du mod\u00e8le centr\u00e9 sur le patient, rapidement questionn\u00e9s pour \u00e9voluer vers les mod\u00e8les dits \u00ab\u2009de partenariat de soin\u2009\u00bb, qui int\u00e8grent la perspective patient et les associations de patients dans les d\u00e9marches \u00e9ducatives.<\/p>\n<p>Cette perspective patient a \u00e9t\u00e9 synth\u00e9tis\u00e9e par le rapport Cap Sant\u00e9 de 2015<sup class=\"appel\" data-toggle=\"modal\" data-target=\"#notes\">(7)<\/sup>, centr\u00e9 sur les enjeux d\u2019accompagnement, constatant que la pr\u00e9occupation centrale des associations de patients a \u00e9t\u00e9 de d\u00e9velopper les capacit\u00e9s \u00e0 agir des personnes, leur <i>empowerment,<\/i> en s\u2019appuyant sur le fait que les \u00ab\u2009individus comprennent leurs propres besoins mieux que quiconque\u2009; chacun dispose d\u2019atouts, de ressources, d\u2019exp\u00e9riences<sup class=\"appel\" data-toggle=\"modal\" data-target=\"#notes\">(8)<\/sup> sur lesquels b\u00e2tir sa vie\u2009; l\u2019<i>empowerment <\/i>est l\u2019affaire d\u2019une vie\u2009, c\u2019est en quelque sorte un processus permanent\u2009; l\u2019exp\u00e9rience personnelle et le savoir sont valides et utiles pour exercer son pouvoir et am\u00e9liorer ses conditions de vie\u2009\u00bb.<\/p>\n<p>Les valeurs de l\u2019ETP et ses apports conceptuels sont donc parfaitement compatibles avec ces derniers principes et permettent de d\u00e9passer des normes m\u00e9dicales intransigeantes, \u00e0 condition d\u2019int\u00e9grer dans la conception et l\u2019animation des actions \u00e9ducatives des patients<sup class=\"appel\" data-toggle=\"modal\" data-target=\"#notes\">(9)<\/sup>, de l\u00e9gitimer leurs perspectives et normes<sup class=\"appel\" data-toggle=\"modal\" data-target=\"#notes\">(10)<\/sup> et de tenir compte des enjeux d\u2019in\u00e9galit\u00e9 de sant\u00e9<sup class=\"appel\" data-toggle=\"modal\" data-target=\"#notes\">(11)<\/sup>.<\/p>\n<p>Mais l\u2019\u00e9volution de l\u2019ETP, en ce qu\u2019elle illustre les relations m\u00e9decin\/patient, n\u2019a \u00e9t\u00e9 r\u00e9ellement rendue possible que par un certain nombre de combats politiques port\u00e9s par le mouvement associatif afin de modifier les rapports de pouvoirs entre ces deux types d\u2019acteurs<sup class=\"appel\" data-toggle=\"modal\" data-target=\"#notes\">(12)<\/sup>.<\/p>\n<p>L\u2019\u00e9mergence du mouvement, social et institutionnel, port\u00e9 par les patients, qui n\u2019est pas un ph\u00e9nom\u00e8ne r\u00e9cent, a connu deux \u00e9tapes fondamentales dans sa construction. Des ann\u00e9es 1930 jusque dans les ann\u00e9es 1970, de nombreuses associations de patients ont \u00e9t\u00e9 cr\u00e9\u00e9es, par la mobilisation \u00e0 la fois des patients et des professionnels de sant\u00e9 et \u00e0 travers un \u00e9lan per\u00e7u par le public et v\u00e9cu par les professionnels comme altruiste, mais v\u00e9cu par les patients comme paternaliste<sup class=\"appel\" data-toggle=\"modal\" data-target=\"#notes\">(13)<\/sup>. Ce premier mod\u00e8le n\u2019a pas remport\u00e9 l\u2019adh\u00e9sion syst\u00e9matique<sup class=\"appel\" data-toggle=\"modal\" data-target=\"#notes\">(14)<\/sup> des patients et plusieurs ont cr\u00e9\u00e9 en toute ind\u00e9pendance leurs propres groupes de soutien.<\/p>\n<p>Ensuite, au d\u00e9but des ann\u00e9es 1980, le drame du sang contamin\u00e9<sup class=\"appel\" data-toggle=\"modal\" data-target=\"#notes\">(15)<\/sup>, le sida puis, en 1990, l\u2019affaire de la Clinique du sport<sup class=\"appel\" data-toggle=\"modal\" data-target=\"#notes\">(16)<\/sup>, le tout dans un contexte social d\u2019\u00e9mancipation<sup class=\"appel\" data-toggle=\"modal\" data-target=\"#notes\">(17)<\/sup>, ont profond\u00e9ment boulevers\u00e9 cet \u00e9quilibre associatif et institutionnel pr\u00e9caire, en \u00e9rodant d\u00e9finitivement la l\u00e9gitimit\u00e9 et la confiance envers ce mode de travail avec les patients.<\/p>\n<p>C\u2019est donc naturellement d\u2019abord sur le terrain de la reconnaissance des droits que les associations de patients \u2013 qui s\u2019\u00e9taient organis\u00e9es en collectif \u2013 ont port\u00e9 leurs efforts et ont particip\u00e9 \u00e0 l\u2019\u00e9laboration de la loi du 4\u202fmars 2002 reconnaissant des droits individuels et collectifs aux usagers. M\u00eame si cette contribution \u00e0 travers les associations s\u2019est faite presque unilat\u00e9ralement sur le mode de la repr\u00e9sentation des usagers (RU) du syst\u00e8me de sant\u00e9<sup class=\"appel\" data-toggle=\"modal\" data-target=\"#notes\">(18)<\/sup>, cela a permis aux associations, notamment par le travail d\u2019explicitation<sup class=\"appel\" data-toggle=\"modal\" data-target=\"#notes\">(19)<\/sup>, de partage et de mobilisation des savoirs<sup class=\"appel\" data-toggle=\"modal\" data-target=\"#notes\">(20)<\/sup> issus de l\u2019exp\u00e9rience des soins et de la vie avec la maladie de leurs membres, de mettre en lumi\u00e8re et en valeur l\u2019expertise compl\u00e9mentaire que portent les usagers par rapport \u00e0 celle des professionnels, m\u00eame si cela ne s\u2019est pas fait sans difficult\u00e9<sup class=\"appel\" data-toggle=\"modal\" data-target=\"#notes\">(21)<\/sup>.<\/p>\n<h1>Une mise en \u0153uvre collective en coh\u00e9rence avec les mod\u00e8les de partenariat<span class=\"Apple-converted-space\">\u00a0<\/span><\/h1>\n<p>Depuis quelques ann\u00e9es, tous les acteurs sont confront\u00e9s \u00e0 de nouveaux d\u00e9fis qui concernent directement le d\u00e9veloppement de l\u2019ETP,\u00a0dont notamment une augmentation consid\u00e9rable des personnes vivant avec des maladies chroniques<sup class=\"appel\" data-toggle=\"modal\" data-target=\"#notes\">(22)<\/sup>, une offre d\u2019ETP dont la qualit\u00e9 augmente mais qui est in\u00e9galement accessible sur le plan social et territorial<sup class=\"appel\" data-toggle=\"modal\" data-target=\"#notes\">(23)<\/sup>, une insuffisance de professionnels form\u00e9s \u00e0 l\u2019ETP et un manque de financement<sup class=\"appel\" data-toggle=\"modal\" data-target=\"#notes\">(24)<\/sup>, ou encore un acc\u00e8s plus facile aux connaissances m\u00e9dicales et aux plateformes d\u2019\u00e9change d\u2019informations sur Internet qui change les comportements de soin des professionnels comme des usagers. Ces d\u00e9fis questionnent les fondements du rapport des usagers aux organisations de soins et aux professionnels de la sant\u00e9 et donc la mani\u00e8re dont peut \u00eatre con\u00e7ue l\u2019ETP.<\/p>\n<p>C\u2019est dans ce contexte qu\u2019une aspiration \u00e0 d\u2019autres modes collaboratifs avec les professionnels a \u00e9merg\u00e9 et a \u00e9t\u00e9 entendue<sup class=\"appel\" data-toggle=\"modal\" data-target=\"#notes\">(25)<\/sup>, amor\u00e7ant une inflexion forte dans le rapport entre ces diff\u00e9rents acteurs de soins, qu\u2019ils soient usagers, aidants et professionnels de la sant\u00e9 et du social.<\/p>\n<p>Ainsi, l\u2019ETP a permis d\u2019ancrer des formes de collaboration entre professionnels, associations de patients et usagers. Travailler des questions telles que comment partir des besoins des patients<sup class=\"appel\" data-toggle=\"modal\" data-target=\"#notes\">(26)<\/sup>, comment faire participer des patients \u00e0 l\u2019ETP comme patient intervenant<sup class=\"appel\" data-toggle=\"modal\" data-target=\"#notes\">(27)<\/sup>, de quelles mani\u00e8res int\u00e9grer des patients dans la conception des programmes d\u2019ETP<sup class=\"appel\" data-toggle=\"modal\" data-target=\"#notes\">(28)<\/sup>, ou encore comment former des patients \u00e0 accompagner leurs pairs dans le cadre de programme d\u2019ETP<sup class=\"appel\" data-toggle=\"modal\" data-target=\"#notes\">(29)<\/sup>, <sup><span class=\"Apple-converted-space\">\u00a0 <\/span><\/sup>a permis de faire avancer les modalit\u00e9s d\u2019un travail collaboratif renouvel\u00e9 entre professionnels de sant\u00e9 et usagers\/associations de patients.<\/p>\n<p>Il reste que ces actions et d\u00e9marches qui ont enracin\u00e9 l\u2019expertise patient dans l\u2019ETP n\u2019ont pas permis d\u2019engager un travail de grande \u00e9chelle au niveau des pratiques de soins, et seuls 5\u2009% des patients ayant une maladie chronique b\u00e9n\u00e9ficient aujourd\u2019hui de l\u2019ETP<sup class=\"appel\" data-toggle=\"modal\" data-target=\"#notes\">(30)<\/sup>. Les raisons avanc\u00e9es pour ce trop faible nombre sont triples\u2009: des professionnels trop peu form\u00e9s \u00e0 cette nouvelle pratique de soin, des contenus p\u00e9dagogiques porteurs de peu de sens pour les patients et proches concern\u00e9s et des temporalit\u00e9s le plus souvent inadapt\u00e9es car n\u00e9cessitant que les patients se d\u00e9placent dans les \u00e9tablissements de soins \u00e0 des moments o\u00f9 ils travaillent. Ainsi, l\u2019ETP ne s\u2019est pas inscrite comme la r\u00e9volution attendue par la ministre de la Sant\u00e9 porteuse de la loi 2009.<\/p>\n<p>Les d\u00e9marches de partenariat peuvent ouvrir un nouveau chapitre du d\u00e9veloppement de l\u2019ETP. L\u2019engagement des usagers ne concerne pas seulement les usagers mais l\u2019ensemble des acteurs de la sant\u00e9. En effet le concept \u00ab\u2009d\u2019engagement patient\u2009\u00bb couvre un continuum allant de l\u2019information jusqu\u2019au plus haut degr\u00e9 d\u2019engagement mutuel qu\u2019est le partenariat, et c\u2019est \u00e0 cette derni\u00e8re condition qu\u2019il sera possible de mobiliser les leviers d\u2019innovation sociale et organisationnelle<sup class=\"appel\" data-toggle=\"modal\" data-target=\"#notes\">(31)<\/sup>, utiles pour r\u00e9soudre ces enjeux exigeants. Suivant une logique de coop\u00e9ration plurielle, les acteurs de ce partenariat sont donc autant les patients et leurs proches que les m\u00e9decins, les param\u00e9dicaux, les acteurs du social et les gestionnaires.<\/p>\n<p>Les travaux men\u00e9s dans le cadre du d\u00e9veloppement de l\u2019ETP visant \u00e0 ce que chaque personne puisse acqu\u00e9rir les capacit\u00e9s pour progresser et gagner en pouvoir d\u2019agir sur sa sant\u00e9<sup class=\"appel\" data-toggle=\"modal\" data-target=\"#notes\">(32)<\/sup>, laissent ainsi augurer d\u2019une approche plus int\u00e9gr\u00e9e et globale des interventions en sant\u00e9, qu\u2019elles soient d\u2019ordre m\u00e9dical, m\u00e9dico-social ou social. L\u2019ETP peut s\u2019appuyer sur des mod\u00e8les proactifs de pratiques \u00e9ducatives et de promotion de la sant\u00e9 incluant pleinement la perspective des usagers et des associations de patients. Cela ne pourra se r\u00e9aliser que par des changements importants dans l\u2019organisation des pratiques professionnelles et des coop\u00e9rations sanitaires et sociales<sup class=\"appel\" data-toggle=\"modal\" data-target=\"#notes\">(33)<\/sup>. Les travaux de l\u2019universit\u00e9 de Montr\u00e9al<sup class=\"appel\" data-toggle=\"modal\" data-target=\"#notes\">(34)<\/sup> et des chercheurs comme Carman<sup class=\"appel\" data-toggle=\"modal\" data-target=\"#notes\">(35)<\/sup> et Gross<sup class=\"appel\" data-toggle=\"modal\" data-target=\"#notes\">(36)<\/sup> ont pos\u00e9 le cadre d\u2019un partenariat avanc\u00e9 entre usagers et professionnels de sant\u00e9. Ces diff\u00e9rents mod\u00e8les permettent de consid\u00e9rer le patient comme un acteur de soins \u00e0 part enti\u00e8re dont le statut de soignant repose sur une comp\u00e9tence d\u2019autosoins et de soins. Le mod\u00e8le de Montr\u00e9al<sup class=\"appel\" data-toggle=\"modal\" data-target=\"#notes\">(37)<\/sup> du partenariat s\u2019appuie d\u2019une part sur le savoir exp\u00e9rientiel des patients et d\u2019autre part, sur \u00ab\u2009des professionnels (dont) la responsabilit\u00e9 (est) d\u2019informer mais surtout d\u2019entretenir avec le patient une relation d\u2019apprentissage\u2009\u00bb, ce qui suppose \u00e9galement de travailler l\u2019enjeu de la formation des professionnels<sup class=\"appel\" data-toggle=\"modal\" data-target=\"#notes\">(38)<\/sup>.<\/p>\n<p>Si un cadre de r\u00e9f\u00e9rence du mod\u00e8le de partenariat entre patients et professionnels existe<sup class=\"appel\" data-toggle=\"modal\" data-target=\"#notes\">(39)<\/sup> dans le soin en g\u00e9n\u00e9ral, il reste sans aucun doute \u00e0 reprendre et caract\u00e9riser les avanc\u00e9es constat\u00e9es en ETP par un renouvellement des recommandations<sup class=\"appel\" data-toggle=\"modal\" data-target=\"#notes\">(40)<\/sup> de 2007 de la Haute Autorit\u00e9 de sant\u00e9 (HAS). Ce travail permettra d\u2019identifier les m\u00e9thodologies, les enjeux \u00e9thiques et les organisations n\u00e9cessaires de travail en commun, et la mani\u00e8re dont elles peuvent s\u2019articuler avec les d\u00e9marches d\u2019accompagnement \u00e9ducatrices et \u00e9mancipatrices des associations. La HAS pourra \u00e9galement enrichir le cadre \u00e9valuatif permettant de montrer l\u2019impact de l\u2019ETP pour les patients par l\u2019autonomisation, la pr\u00e9vention des complications, le d\u00e9veloppement du bien-\u00eatre et leur participation \u00e0 l\u2019\u00e9volution des relations professionnels\/patients<\/p>\n<p>D\u2019autres d\u00e9fis subsistent pour atteindre les objectifs assign\u00e9s par la loi et voulus par les acteurs\u2009; ils ne sont pas \u00e0 la main de la HAS, mais des pouvoirs publics comme celui de r\u00e9pondre aux enjeux territoriaux d\u2019accessibilit\u00e9 de l\u2019ETP par le d\u00e9veloppement des moyens humains, du nombre et du financement des programmes et de l\u2019e-ETP.<\/p>\n<p style=\"font-weight: 400;\"><button data-toggle=\"collapse\" data-target=\"#enc_2024_100_01\">focus<\/button><div id=\"enc_2024_100_01\" class=\"encadre collapse\"><h2>Le p\u00f4le de ressources ETP IDF<\/h2>\n<p>Financ\u00e9 par l\u2019agence r\u00e9gionale d\u2019\u00cele-de-France, le p\u00f4le de ressources en \u00e9ducation th\u00e9rapeutique du patient d\u2019\u00cele-de-France a \u00e9t\u00e9 cr\u00e9\u00e9 en 2013 pour apporter un soutien m\u00e9thodologique et accompagner les professionnels, les associations de patients, les structures et les \u00e9tablissements de sant\u00e9 qui souhaitent d\u00e9velopper des pratiques \u00e9ducatives en sant\u00e9. Ses actions visent \u00e0 cr\u00e9er les conditions pour que ses usagers (professionnels de structures m\u00e9dico-sociales, associations de patients, chercheurs, institutionnels, entreprises\u2026) coop\u00e8rent pour construire en commun des solutions durables et accessibles au plus grand nombre de personnes atteintes de maladies chroniques, avec une recherche d\u2019\u00e9quit\u00e9.<\/p>\n<p>En position d\u2019expertise et m\u00e9diatrice, il met en \u0153uvre des dispositifs d\u2019appui et de formation-action. Une de ses fonctions est ainsi d\u2019appuyer et d\u2019accompagner des d\u00e9marches coop\u00e9ratives et partenariales, int\u00e9grant syst\u00e9matiquement des patients, et de faciliter des transformations individuelles, collectives et organisationnelles, essentielles \u00e0 l\u2019am\u00e9lioration des pratiques \u00e9ducatives en sant\u00e9. En outre, il met des ressources \u00e0 disposition, cr\u00e9e un r\u00e9seau coop\u00e9ratif d\u2019\u00e9changes et de capitalisation d\u2019exp\u00e9riences par le partage de productions de savoirs et solutions cr\u00e9\u00e9es avec et pour les usagers.<\/p>\n<\/div><\/p>\n<button data-toggle=\"collapse\" data-target=\"#enc_2024_100_02\">zoom<\/button><div id=\"enc_2024_100_02\" class=\"encadre collapse\"><h2>L\u2019Association fran\u00e7aise des h\u00e9mophiles et l\u2019ETP<\/h2>\n<p>L\u2019Association fran\u00e7aise des h\u00e9mophiles (AFH), cr\u00e9\u00e9e en 1955, est une association de patients qui regroupe toutes les maladies h\u00e9morragiques constitutionnelles rares, soit plus de 15\u2009000 personnes en France. Elle s\u2019est engag\u00e9e dans l\u2019ETP depuis le milieu des ann\u00e9es 1970, d\u2019abord dans des actions \u00e9ducatives focalis\u00e9es sur l\u2019autosoin pour l\u2019h\u00e9mophilie et la maladie de Von Willebrand. En 2008, l\u2019association et un groupe de professionnels de sant\u00e9 ont constitu\u00e9 un groupe de travail qui, par consensus, a d\u00e9fini le concept de \u00ab\u2009patient et parent ressource\u2009\u00bb (PPR) pour renforcer l\u2019efficacit\u00e9 des actions \u00e9ducatives mises en place. Le PPR est un patient, un parent ou un proche qui intervient dans les ateliers d\u2019\u00e9ducation th\u00e9rapeutique. Il s\u2019appuie sur sa propre exp\u00e9rience, renforce ses comp\u00e9tences sur la maladie pour \u00eatre \u00e0 l\u2019aise avec l\u2019\u00e9quipe m\u00e9dicale, acquiert des techniques d\u2019animation de sessions \u00e9ducatives, et apprend \u00e0 jouer un r\u00f4le compl\u00e9mentaire des soignants pour faciliter le processus d\u2019apprentissage de ses pairs. Depuis 2011, ce sont plus de 80 PPR qui ont \u00e9t\u00e9 form\u00e9s en ETP, dont plus de 75\u2009% sont encore en activit\u00e9. Ils construisent et animent en commun des actions \u00e9ducatives \u00e0 travers toute la France dans des ateliers d\u2019ETP ou d\u2019accompagnements, lors de congr\u00e8s nationaux ou r\u00e9gionaux, en direction d\u2019enfants, d\u2019adolescents ou d\u2019adultes, en pr\u00e9sentiel ou lors de sessions \u00e9ducatives en visioconf\u00e9rence.<\/p>\n<p><a href=\"http:\/\/www.afh.asso.fr\" target=\"_blank\" rel=\"noopener\">www.afh.asso.fr<\/a><\/p>\n<\/div>\n<script>function PlayerjsAsync(){} if(window[\"Playerjs\"]){PlayerjsAsync();}<\/script>","protected":false},"excerpt":{"rendered":"<p>L\u2019ETP, une naissance officielle mais un d\u00e9bat ancien En 2009, les intentions du l\u00e9gislateur quant \u00e0 l\u2019\u00e9ducation th\u00e9rapeutique du patient (ETP) \u00e9taient-elles claires\u2009? La lecture des d\u00e9bats parlementaires(1) entre mars et juillet\u202f2009 montre qu\u2019ils \u00e9taient multiples. Assur\u00e9ment, l\u2019ETP n\u2019\u00e9tait pas le principal objet de la r\u00e9forme, qui \u00e9tait surtout organisationnel dans le domaine hospitalier et au niveau des territoires via la cr\u00e9ation des agences r\u00e9gionales de sant\u00e9 (ARS). Inclure l\u2019ETP&hellip; <\/p>\n","protected":false},"author":23133,"featured_media":0,"comment_status":"closed","ping_status":"closed","sticky":false,"template":"","format":"standard","meta":{"_acf_changed":false,"_relevanssi_hide_post":"","_relevanssi_hide_content":"","_relevanssi_pin_for_all":"","_relevanssi_pin_keywords":"","_relevanssi_unpin_keywords":"","_relevanssi_related_keywords":"","_relevanssi_related_include_ids":"","_relevanssi_related_exclude_ids":"","_relevanssi_related_no_append":"","_relevanssi_related_not_related":"","_relevanssi_related_posts":"","_relevanssi_noindex_reason":"","footnotes":""},"categories":[26,2],"tags":[465,7549,643,10100,8537,7704,10101],"class_list":["post-47816","post","type-post","status-publish","format-standard","hentry","category-dossier","category-gestions-hospitalieres","tag-cooperation","tag-education-patient","tag-empowerment","tag-etp","tag-loi-kouchner","tag-partenariat-patient","tag-representation-usagers"],"acf":[],"yoast_head":"<!-- This site is optimized with the Yoast SEO plugin v24.8.1 - https:\/\/yoast.com\/wordpress\/plugins\/seo\/ -->\n<title>\u00c9ducation th\u00e9rapeutique du patient - Gestions hospitali\u00e8res<\/title>\n<meta name=\"robots\" content=\"index, follow, max-snippet:-1, max-image-preview:large, max-video-preview:-1\" \/>\n<link rel=\"canonical\" href=\"https:\/\/www.ricom-web8.com\/gestions\/education-therapeutique-du-patient\/\" \/>\n<meta property=\"og:locale\" content=\"fr_FR\" \/>\n<meta property=\"og:type\" content=\"article\" \/>\n<meta property=\"og:title\" content=\"\u00c9ducation th\u00e9rapeutique du patient - Gestions hospitali\u00e8res\" \/>\n<meta property=\"og:description\" content=\"L\u2019ETP, une naissance officielle mais un d\u00e9bat ancien En 2009, les intentions du l\u00e9gislateur quant \u00e0 l\u2019\u00e9ducation th\u00e9rapeutique du patient (ETP) \u00e9taient-elles claires\u2009? La lecture des d\u00e9bats parlementaires(1) entre mars et juillet\u202f2009 montre qu\u2019ils \u00e9taient multiples. Assur\u00e9ment, l\u2019ETP n\u2019\u00e9tait pas le principal objet de la r\u00e9forme, qui \u00e9tait surtout organisationnel dans le domaine hospitalier et au niveau des territoires via la cr\u00e9ation des agences r\u00e9gionales de sant\u00e9 (ARS). Inclure l\u2019ETP&hellip;\" \/>\n<meta property=\"og:url\" content=\"https:\/\/www.ricom-web8.com\/gestions\/education-therapeutique-du-patient\/\" \/>\n<meta property=\"og:site_name\" content=\"Gestions hospitali\u00e8res\" \/>\n<meta property=\"article:publisher\" content=\"https:\/\/www.facebook.com\/gestionshospitalieres\/\" \/>\n<meta property=\"article:published_time\" content=\"2024-02-01T09:11:24+00:00\" \/>\n<meta property=\"article:modified_time\" content=\"2024-02-29T09:49:52+00:00\" \/>\n<meta name=\"author\" content=\"Gestions hospitali\u00e8res\" \/>\n<meta name=\"twitter:card\" content=\"summary_large_image\" \/>\n<meta name=\"twitter:creator\" content=\"@revue_GH\" \/>\n<meta name=\"twitter:site\" content=\"@revue_GH\" \/>\n<meta name=\"twitter:label1\" content=\"\u00c9crit par\" \/>\n\t<meta name=\"twitter:data1\" content=\"Gestions hospitali\u00e8res\" \/>\n\t<meta name=\"twitter:label2\" content=\"Dur\u00e9e de lecture estim\u00e9e\" \/>\n\t<meta name=\"twitter:data2\" content=\"10 minutes\" \/>\n<script type=\"application\/ld+json\" class=\"yoast-schema-graph\">{\"@context\":\"https:\/\/schema.org\",\"@graph\":[{\"@type\":\"Article\",\"@id\":\"https:\/\/www.ricom-web8.com\/gestions\/education-therapeutique-du-patient\/#article\",\"isPartOf\":{\"@id\":\"https:\/\/www.ricom-web8.com\/gestions\/education-therapeutique-du-patient\/\"},\"author\":{\"name\":\"Gestions hospitali\u00e8res\",\"@id\":\"https:\/\/www.ricom-web8.com\/gestions\/#\/schema\/person\/3ba9fe913190dfe9507feb621e902c1f\"},\"headline\":\"\u00c9ducation th\u00e9rapeutique du patient\",\"datePublished\":\"2024-02-01T09:11:24+00:00\",\"dateModified\":\"2024-02-29T09:49:52+00:00\",\"mainEntityOfPage\":{\"@id\":\"https:\/\/www.ricom-web8.com\/gestions\/education-therapeutique-du-patient\/\"},\"wordCount\":2109,\"publisher\":{\"@id\":\"https:\/\/www.ricom-web8.com\/gestions\/#organization\"},\"keywords\":[\"coop\u00e9ration\",\"\u00e9ducation patient\",\"empowerment\",\"ETP\",\"loi Kouchner\",\"partenariat patient\",\"repr\u00e9sentation usagers\"],\"articleSection\":[\"dossier\",\"Gestions Hospitali\u00e8res\"],\"inLanguage\":\"fr-FR\"},{\"@type\":\"WebPage\",\"@id\":\"https:\/\/www.ricom-web8.com\/gestions\/education-therapeutique-du-patient\/\",\"url\":\"https:\/\/www.ricom-web8.com\/gestions\/education-therapeutique-du-patient\/\",\"name\":\"\u00c9ducation th\u00e9rapeutique du patient - Gestions hospitali\u00e8res\",\"isPartOf\":{\"@id\":\"https:\/\/www.ricom-web8.com\/gestions\/#website\"},\"datePublished\":\"2024-02-01T09:11:24+00:00\",\"dateModified\":\"2024-02-29T09:49:52+00:00\",\"breadcrumb\":{\"@id\":\"https:\/\/www.ricom-web8.com\/gestions\/education-therapeutique-du-patient\/#breadcrumb\"},\"inLanguage\":\"fr-FR\",\"potentialAction\":[{\"@type\":\"ReadAction\",\"target\":[\"https:\/\/www.ricom-web8.com\/gestions\/education-therapeutique-du-patient\/\"]}]},{\"@type\":\"BreadcrumbList\",\"@id\":\"https:\/\/www.ricom-web8.com\/gestions\/education-therapeutique-du-patient\/#breadcrumb\",\"itemListElement\":[{\"@type\":\"ListItem\",\"position\":1,\"name\":\"Accueil\",\"item\":\"https:\/\/www.ricom-web8.com\/gestions\/\"},{\"@type\":\"ListItem\",\"position\":2,\"name\":\"\u00c9ducation th\u00e9rapeutique du patient\"}]},{\"@type\":\"WebSite\",\"@id\":\"https:\/\/www.ricom-web8.com\/gestions\/#website\",\"url\":\"https:\/\/www.ricom-web8.com\/gestions\/\",\"name\":\"Gestions hospitali\u00e8res\",\"description\":\"la revue des d\u00e9cideurs hospitaliers\",\"publisher\":{\"@id\":\"https:\/\/www.ricom-web8.com\/gestions\/#organization\"},\"potentialAction\":[{\"@type\":\"SearchAction\",\"target\":{\"@type\":\"EntryPoint\",\"urlTemplate\":\"https:\/\/www.ricom-web8.com\/gestions\/?s={search_term_string}\"},\"query-input\":{\"@type\":\"PropertyValueSpecification\",\"valueRequired\":true,\"valueName\":\"search_term_string\"}}],\"inLanguage\":\"fr-FR\"},{\"@type\":\"Organization\",\"@id\":\"https:\/\/www.ricom-web8.com\/gestions\/#organization\",\"name\":\"Gestions hospitali\u00e8res\",\"url\":\"https:\/\/www.ricom-web8.com\/gestions\/\",\"logo\":{\"@type\":\"ImageObject\",\"inLanguage\":\"fr-FR\",\"@id\":\"https:\/\/www.ricom-web8.com\/gestions\/#\/schema\/logo\/image\/\",\"url\":\"https:\/\/gestions-hospitalieres.fr\/wp-content\/uploads\/2017\/02\/picto_Gif-GH-trans.png\",\"contentUrl\":\"https:\/\/gestions-hospitalieres.fr\/wp-content\/uploads\/2017\/02\/picto_Gif-GH-trans.png\",\"width\":512,\"height\":512,\"caption\":\"Gestions hospitali\u00e8res\"},\"image\":{\"@id\":\"https:\/\/www.ricom-web8.com\/gestions\/#\/schema\/logo\/image\/\"},\"sameAs\":[\"https:\/\/www.facebook.com\/gestionshospitalieres\/\",\"https:\/\/x.com\/revue_GH\",\"https:\/\/www.linkedin.com\/company\/gestions-hospitalieres?trk=top_nav_home\"]},{\"@type\":\"Person\",\"@id\":\"https:\/\/www.ricom-web8.com\/gestions\/#\/schema\/person\/3ba9fe913190dfe9507feb621e902c1f\",\"name\":\"Gestions hospitali\u00e8res\",\"image\":{\"@type\":\"ImageObject\",\"inLanguage\":\"fr-FR\",\"@id\":\"https:\/\/www.ricom-web8.com\/gestions\/#\/schema\/person\/image\/\",\"url\":\"https:\/\/secure.gravatar.com\/avatar\/1a0d93e6db5dbe7dac96bae4757d256f?s=96&d=mm&r=g\",\"contentUrl\":\"https:\/\/secure.gravatar.com\/avatar\/1a0d93e6db5dbe7dac96bae4757d256f?s=96&d=mm&r=g\",\"caption\":\"Gestions hospitali\u00e8res\"},\"url\":\"https:\/\/www.ricom-web8.com\/gestions\/author\/benjamin\/\"}]}<\/script>\n<!-- \/ Yoast SEO plugin. -->","yoast_head_json":{"title":"\u00c9ducation th\u00e9rapeutique du patient - Gestions hospitali\u00e8res","robots":{"index":"index","follow":"follow","max-snippet":"max-snippet:-1","max-image-preview":"max-image-preview:large","max-video-preview":"max-video-preview:-1"},"canonical":"https:\/\/www.ricom-web8.com\/gestions\/education-therapeutique-du-patient\/","og_locale":"fr_FR","og_type":"article","og_title":"\u00c9ducation th\u00e9rapeutique du patient - Gestions hospitali\u00e8res","og_description":"L\u2019ETP, une naissance officielle mais un d\u00e9bat ancien En 2009, les intentions du l\u00e9gislateur quant \u00e0 l\u2019\u00e9ducation th\u00e9rapeutique du patient (ETP) \u00e9taient-elles claires\u2009? La lecture des d\u00e9bats parlementaires(1) entre mars et juillet\u202f2009 montre qu\u2019ils \u00e9taient multiples. Assur\u00e9ment, l\u2019ETP n\u2019\u00e9tait pas le principal objet de la r\u00e9forme, qui \u00e9tait surtout organisationnel dans le domaine hospitalier et au niveau des territoires via la cr\u00e9ation des agences r\u00e9gionales de sant\u00e9 (ARS). Inclure l\u2019ETP&hellip;","og_url":"https:\/\/www.ricom-web8.com\/gestions\/education-therapeutique-du-patient\/","og_site_name":"Gestions hospitali\u00e8res","article_publisher":"https:\/\/www.facebook.com\/gestionshospitalieres\/","article_published_time":"2024-02-01T09:11:24+00:00","article_modified_time":"2024-02-29T09:49:52+00:00","author":"Gestions hospitali\u00e8res","twitter_card":"summary_large_image","twitter_creator":"@revue_GH","twitter_site":"@revue_GH","twitter_misc":{"\u00c9crit par":"Gestions hospitali\u00e8res","Dur\u00e9e de lecture estim\u00e9e":"10 minutes"},"schema":{"@context":"https:\/\/schema.org","@graph":[{"@type":"Article","@id":"https:\/\/www.ricom-web8.com\/gestions\/education-therapeutique-du-patient\/#article","isPartOf":{"@id":"https:\/\/www.ricom-web8.com\/gestions\/education-therapeutique-du-patient\/"},"author":{"name":"Gestions hospitali\u00e8res","@id":"https:\/\/www.ricom-web8.com\/gestions\/#\/schema\/person\/3ba9fe913190dfe9507feb621e902c1f"},"headline":"\u00c9ducation th\u00e9rapeutique du patient","datePublished":"2024-02-01T09:11:24+00:00","dateModified":"2024-02-29T09:49:52+00:00","mainEntityOfPage":{"@id":"https:\/\/www.ricom-web8.com\/gestions\/education-therapeutique-du-patient\/"},"wordCount":2109,"publisher":{"@id":"https:\/\/www.ricom-web8.com\/gestions\/#organization"},"keywords":["coop\u00e9ration","\u00e9ducation patient","empowerment","ETP","loi Kouchner","partenariat patient","repr\u00e9sentation usagers"],"articleSection":["dossier","Gestions Hospitali\u00e8res"],"inLanguage":"fr-FR"},{"@type":"WebPage","@id":"https:\/\/www.ricom-web8.com\/gestions\/education-therapeutique-du-patient\/","url":"https:\/\/www.ricom-web8.com\/gestions\/education-therapeutique-du-patient\/","name":"\u00c9ducation th\u00e9rapeutique du patient - Gestions hospitali\u00e8res","isPartOf":{"@id":"https:\/\/www.ricom-web8.com\/gestions\/#website"},"datePublished":"2024-02-01T09:11:24+00:00","dateModified":"2024-02-29T09:49:52+00:00","breadcrumb":{"@id":"https:\/\/www.ricom-web8.com\/gestions\/education-therapeutique-du-patient\/#breadcrumb"},"inLanguage":"fr-FR","potentialAction":[{"@type":"ReadAction","target":["https:\/\/www.ricom-web8.com\/gestions\/education-therapeutique-du-patient\/"]}]},{"@type":"BreadcrumbList","@id":"https:\/\/www.ricom-web8.com\/gestions\/education-therapeutique-du-patient\/#breadcrumb","itemListElement":[{"@type":"ListItem","position":1,"name":"Accueil","item":"https:\/\/www.ricom-web8.com\/gestions\/"},{"@type":"ListItem","position":2,"name":"\u00c9ducation th\u00e9rapeutique du patient"}]},{"@type":"WebSite","@id":"https:\/\/www.ricom-web8.com\/gestions\/#website","url":"https:\/\/www.ricom-web8.com\/gestions\/","name":"Gestions hospitali\u00e8res","description":"la revue des d\u00e9cideurs hospitaliers","publisher":{"@id":"https:\/\/www.ricom-web8.com\/gestions\/#organization"},"potentialAction":[{"@type":"SearchAction","target":{"@type":"EntryPoint","urlTemplate":"https:\/\/www.ricom-web8.com\/gestions\/?s={search_term_string}"},"query-input":{"@type":"PropertyValueSpecification","valueRequired":true,"valueName":"search_term_string"}}],"inLanguage":"fr-FR"},{"@type":"Organization","@id":"https:\/\/www.ricom-web8.com\/gestions\/#organization","name":"Gestions hospitali\u00e8res","url":"https:\/\/www.ricom-web8.com\/gestions\/","logo":{"@type":"ImageObject","inLanguage":"fr-FR","@id":"https:\/\/www.ricom-web8.com\/gestions\/#\/schema\/logo\/image\/","url":"https:\/\/gestions-hospitalieres.fr\/wp-content\/uploads\/2017\/02\/picto_Gif-GH-trans.png","contentUrl":"https:\/\/gestions-hospitalieres.fr\/wp-content\/uploads\/2017\/02\/picto_Gif-GH-trans.png","width":512,"height":512,"caption":"Gestions hospitali\u00e8res"},"image":{"@id":"https:\/\/www.ricom-web8.com\/gestions\/#\/schema\/logo\/image\/"},"sameAs":["https:\/\/www.facebook.com\/gestionshospitalieres\/","https:\/\/x.com\/revue_GH","https:\/\/www.linkedin.com\/company\/gestions-hospitalieres?trk=top_nav_home"]},{"@type":"Person","@id":"https:\/\/www.ricom-web8.com\/gestions\/#\/schema\/person\/3ba9fe913190dfe9507feb621e902c1f","name":"Gestions hospitali\u00e8res","image":{"@type":"ImageObject","inLanguage":"fr-FR","@id":"https:\/\/www.ricom-web8.com\/gestions\/#\/schema\/person\/image\/","url":"https:\/\/secure.gravatar.com\/avatar\/1a0d93e6db5dbe7dac96bae4757d256f?s=96&d=mm&r=g","contentUrl":"https:\/\/secure.gravatar.com\/avatar\/1a0d93e6db5dbe7dac96bae4757d256f?s=96&d=mm&r=g","caption":"Gestions hospitali\u00e8res"},"url":"https:\/\/www.ricom-web8.com\/gestions\/author\/benjamin\/"}]}},"_links":{"self":[{"href":"https:\/\/www.ricom-web8.com\/gestions\/wp-json\/wp\/v2\/posts\/47816","targetHints":{"allow":["GET"]}}],"collection":[{"href":"https:\/\/www.ricom-web8.com\/gestions\/wp-json\/wp\/v2\/posts"}],"about":[{"href":"https:\/\/www.ricom-web8.com\/gestions\/wp-json\/wp\/v2\/types\/post"}],"author":[{"embeddable":true,"href":"https:\/\/www.ricom-web8.com\/gestions\/wp-json\/wp\/v2\/users\/23133"}],"replies":[{"embeddable":true,"href":"https:\/\/www.ricom-web8.com\/gestions\/wp-json\/wp\/v2\/comments?post=47816"}],"version-history":[{"count":1,"href":"https:\/\/www.ricom-web8.com\/gestions\/wp-json\/wp\/v2\/posts\/47816\/revisions"}],"predecessor-version":[{"id":47823,"href":"https:\/\/www.ricom-web8.com\/gestions\/wp-json\/wp\/v2\/posts\/47816\/revisions\/47823"}],"wp:attachment":[{"href":"https:\/\/www.ricom-web8.com\/gestions\/wp-json\/wp\/v2\/media?parent=47816"}],"wp:term":[{"taxonomy":"category","embeddable":true,"href":"https:\/\/www.ricom-web8.com\/gestions\/wp-json\/wp\/v2\/categories?post=47816"},{"taxonomy":"post_tag","embeddable":true,"href":"https:\/\/www.ricom-web8.com\/gestions\/wp-json\/wp\/v2\/tags?post=47816"}],"curies":[{"name":"wp","href":"https:\/\/api.w.org\/{rel}","templated":true}]}}