

{"id":48325,"date":"2024-05-01T12:06:59","date_gmt":"2024-05-01T10:06:59","guid":{"rendered":"https:\/\/gestions-hospitalieres.fr\/?p=48325"},"modified":"2024-06-17T10:28:32","modified_gmt":"2024-06-17T08:28:32","slug":"sport-sante-bougeons-les-lignes","status":"publish","type":"post","link":"https:\/\/www.ricom-web8.com\/gestions\/sport-sante-bougeons-les-lignes\/","title":{"rendered":"Sport sant\u00e9\u2009: bougeons les lignes\u2009!"},"content":{"rendered":"<span class=\"span-reading-time rt-reading-time\" style=\"display: block;\"><span class=\"rt-label rt-prefix\">Temps de lecture\u00a0: <\/span> <span class=\"rt-time\"> 4<\/span> <span class=\"rt-label rt-postfix\">minutes<\/span><\/span><p>Lors du Conseil olympique et paralympique en date du 25\u202fjuillet 2022, le pr\u00e9sident de la R\u00e9publique a d\u00e9sign\u00e9 la promotion de l\u2019activit\u00e9 physique et sportive (APS) comme la grande cause nationale 2024 (GCN2024). Cette d\u00e9cision marque un tournant significatif, soulignant l\u2019importance capitale de l\u2019APS pour la sant\u00e9 publique et sociale. Outre l\u2019av\u00e8nement des Jeux olympiques et paralympiques, cette d\u00e9cision fait suite aux constats marquants concernant la s\u00e9dentarit\u00e9, qui repr\u00e9sente aujourd\u2019hui la quatri\u00e8me cause de mortalit\u00e9 et la premi\u00e8re cause de mortalit\u00e9 \u00e9vitable. Cette r\u00e9alit\u00e9 alarmante appelle \u00e0 une mobilisation g\u00e9n\u00e9rale pour promouvoir l\u2019activit\u00e9 physique comme un vecteur de sant\u00e9 et de bien-\u00eatre.<\/p>\n<h1>Sport et sant\u00e9\u2009: o\u00f9 en sommes-nous\u2009?<\/h1>\n<p>En France, 12\u202fmillions de personnes vivent avec un handicap, dont pr\u00e8s de 4\u202fmillions ont moins de 60 ans. Pourtant, seulement 47\u2009% d\u2019entre elles pratiquent une activit\u00e9 sportive r\u00e9guli\u00e8re, bien que 70\u2009% se disent int\u00e9ress\u00e9es par le sport. Cette disparit\u00e9 met en lumi\u00e8re la n\u00e9cessit\u00e9 de cr\u00e9er des opportunit\u00e9s et des infrastructures adapt\u00e9es pour encourager la participation des personnes handicap\u00e9es \u00e0 des activit\u00e9s sportives. D\u2019autant que la pratique sportive pour les personnes en situation de handicap ne se limite pas \u00e0 l\u2019am\u00e9lioration de la condition physique, elle joue aussi un r\u00f4le crucial dans l\u2019int\u00e9gration sociale et l\u2019am\u00e9lioration de la qualit\u00e9 de vie.<\/p>\n<p>Et c\u2019est aussi vrai chez nos seniors\u2009: aujourd\u2019hui, 35\u2009% des seniors en France ne pratiquent aucune activit\u00e9 physique ou sportive (Injep, 2020). En consid\u00e9rant que 23\u2009% de la population fran\u00e7aise aura plus de 65 ans d\u2019ici \u00e0 2030, il est crucial de favoriser l\u2019activit\u00e9 physique chez les a\u00een\u00e9s pour pr\u00e9venir la perte musculaire, qui peut atteindre 50\u2009% \u00e0 80 ans en l\u2019absence d\u2019APS r\u00e9guli\u00e8re. L\u2019Organisation mondiale de la sant\u00e9 (OMS) recommande aux personnes \u00e2g\u00e9es de plus de 65\u00a0ans de pratiquer au moins 150\u00a0minutes d\u2019activit\u00e9 d\u2019endurance \u00e0 intensit\u00e9 mod\u00e9r\u00e9e chaque semaine ou 75\u00a0minutes \u00e0 intensit\u00e9 soutenue.<\/p>\n<p>Une pratique r\u00e9guli\u00e8re offre de nombreux bienfaits pour la sant\u00e9 au sens o\u00f9 l\u2019entend l\u2019OMS, c\u2019est-\u00e0-dire physique, psychologique et sociale. Parmi ces derniers, nous pouvons citer la cr\u00e9ation de liens sociaux et la r\u00e9duction du risque de d\u00e9pression, la r\u00e9duction du stress et des maladies cardiaques, la diminution du risque de chute, la pr\u00e9vention de l\u2019ob\u00e9sit\u00e9, la baisse du cholest\u00e9rol, la lutte contre l\u2019ost\u00e9oporose, l\u2019entretien musculaire, etc.<\/p>\n<p>Chez les personnes \u00e2g\u00e9es, un aspect souvent omis mais crucial est l\u2019impact de l\u2019APS sur le d\u00e9clin cognitif. Des chercheurs de l\u2019UCLA en Californie ont d\u00e9montr\u00e9 qu\u2019une activit\u00e9 physique r\u00e9guli\u00e8re pourrait ralentir le d\u00e9clin cognitif chez les seniors.<\/p>\n<h1>APS\u2009: de quoi parlons-nous\u2009?<\/h1>\n<p>Il est essentiel de clarifier les termes associ\u00e9s \u00e0 l\u2019APS afin de mieux compren\u00addre et promouvoir ses bienfaits. L\u2019APS regroupe trois activit\u00e9s distinctes\u2009: physique, sportive et physique adapt\u00e9e (APA). Chacune de ces activit\u00e9s contribue de mani\u00e8re significative au bien-\u00eatre et \u00e0 la sant\u00e9 physique, psychologique et sociale\u2009:<\/p>\n<ul>\n<li><strong>l\u2019activit\u00e9 physique<\/strong> (AP) comprend les activit\u00e9s de la vie quotidienne, qu\u2019elles soient r\u00e9alis\u00e9es au travail, lors des loisirs, \u00e0 la maison ou pendant les d\u00e9placements. Elle ne n\u00e9cessite pas d\u2019infrastructures lourdes ni d\u2019\u00e9quipements sp\u00e9cifiques, ni m\u00eame de r\u00e8gles de jeu, mais implique simplement de mettre le corps en mouvement\u2009;<\/li>\n<li><strong>l\u2019activit\u00e9 sportive<\/strong> se pratique sous forme de jeux individuels ou collectifs avec des r\u00e8gles d\u00e9finies et des comp\u00e9titions potentielles. Elle requiert des comp\u00e9tences physiques sp\u00e9cifiques telles que l\u2019endurance, la force, la souplesse et la coordination, et n\u00e9cessite g\u00e9n\u00e9ralement des \u00e9quipements et du mat\u00e9riel sp\u00e9cifiques au sport pratiqu\u00e9\u2009;<\/li>\n<li><strong>l\u2019activit\u00e9 physique adapt\u00e9e<\/strong> (APA) d\u00e9signe des activit\u00e9s quotidiennes, de loisir, de sport ou des exercices programm\u00e9s, encadr\u00e9s par des professionnels form\u00e9s. Ces activit\u00e9s sont destin\u00e9es aux personnes en perte d\u2019autonomie ou atteintes d\u2019une pathologie. L\u2019APA a un objectif th\u00e9rapeutique\u2009: pr\u00e9venir l\u2019apparition ou l\u2019aggravation de maladies, augmenter l\u2019autonomie et la qualit\u00e9 de vie, et favoriser les interactions sociales. Une prescription m\u00e9dicale peut \u00eatre n\u00e9cessaire pour certains publics, telles les personnes atteintes de maladies chroniques, d\u2019affections de longue dur\u00e9e ou ayant des facteurs de risques.<\/li>\n<\/ul>\n<h1>Quelles actions d\u00e9ployer au sein de son \u00e9tablissement\u2009?<\/h1>\n<p>Pour renforcer l\u2019APS au sein des ESMS, une note d\u2019information interminist\u00e9rielle du 29\u202ff\u00e9vrier 2024 d\u00e9taille les actions \u00e0 d\u00e9ployer.<\/p>\n<p>Les d\u00e9l\u00e9gations r\u00e9gionales acad\u00e9miques \u00e0 la jeunesse, \u00e0 l\u2019engagement et aux sports (Drajes) et les agences r\u00e9gionales de sant\u00e9 (ARS) jouent un r\u00f4le crucial dans la promotion de l\u2019APS. Chaque r\u00e9gion dispose de r\u00e9f\u00e9rents d\u00e9di\u00e9s, d\u00e9sign\u00e9s pour favoriser la transversalit\u00e9 et l\u2019interconnaissance entre le secteur m\u00e9dico-social et le champ sportif. Ces r\u00e9f\u00e9rents ont pour mission d\u2019accompagner les r\u00e9f\u00e9rents APS en ESSMS dans la r\u00e9alisation de leurs missions, de contribuer aux appels \u00e0 projets, en particulier pour le d\u00e9ploiement des 30 minutes d\u2019activit\u00e9 physique quotidienne (APQ), et de participer \u00e0 l\u2019\u00e9laboration des plans locaux sportifs. Ils recensent les initiatives locales \u00e9mergentes et compilent les donn\u00e9es sur la pratique de l\u2019APS au sein des ESSMS pour les transmettre aux directions minist\u00e9rielles concern\u00e9es. En renfor\u00e7ant la coordination r\u00e9gionale, les r\u00e9f\u00e9rents Drajes et ARS assurent une meilleure int\u00e9gration de l\u2019APS dans les politiques locales de sant\u00e9 et d\u2019inclusion.<\/p>\n<p>Une initiative phare pour lutter contre la s\u00e9dentarit\u00e9 chez les enfants en situation de handicap est le dispositif des 30\u00a0minutes d\u2019APQ. Ce programme doit \u00eatre mis en \u0153uvre de mani\u00e8re souple, en tenant compte des sp\u00e9cificit\u00e9s des diff\u00e9rents handicaps et des contraintes organisationnelles des \u00e9tablissements. L\u2019activit\u00e9 se d\u00e9roule principalement dans les locaux et les abords de l\u2019\u00e9tablissement, sans n\u00e9cessiter l\u2019intervention d\u2019un professionnel dipl\u00f4m\u00e9, ce qui permet une flexibilit\u00e9 maximale.<\/p>\n<p>La d\u00e9signation d\u2019un r\u00e9f\u00e9rent APS au sein de chaque \u00e9tablissement social et m\u00e9dico-social est une autre des initiatives \u00e0 grande plus-value, pouvant facilement \u00eatre mise en \u0153uvre. Ce professionnel peut \u00eatre un salari\u00e9 de l\u2019\u00e9tablissement, de pr\u00e9f\u00e9rence avec une expertise en APS, comme un intervenant en APA ou un \u00e9ducateur sportif.<\/p>\n<h1>De nombreux leviers de financements<\/h1>\n<p>Pour financer les actions de promotion de l\u2019APS, plusieurs leviers existent. Les conf\u00e9rences des financeurs de la pr\u00e9vention de la perte d\u2019autonomie des personnes \u00e2g\u00e9es soutiennent l\u2019APA \u00e0 travers des actions de pr\u00e9vention en r\u00e9sidence autonomie, \u00e0 domicile ou en Ehpad. Les ARS, quant \u00e0 elles, peuvent allouer des cr\u00e9dits d\u00e9di\u00e9s via les campagnes budg\u00e9taires annuelles et le fonds d\u2019intervention r\u00e9gional (FIR). Et c\u2019est aussi le cas des communes et les \u00e9tablissements publics de coop\u00e9ration intercommunale (EPCI), qui peuvent financer des projets d\u2019\u00e9quipements et la mise en accessibilit\u00e9 des \u00e9quipements sportifs municipaux. Les r\u00e9gions contribuent indirectement via le soutien au parasport.<\/p>\n<p>Les \u00e9tablissements peuvent enfin recourir \u00e0 des fonds propres, au m\u00e9c\u00e9nat et aux initiatives des parents et des \u00e9quipes pour financer des mat\u00e9riels, \u00e9quipements et la participation \u00e0 des comp\u00e9titions et \u00e9v\u00e9nements.<\/p>\n<p>Nous encourageons les ESSMS \u00e0 partager leurs bonnes pratiques APS sur la plateforme nationale des bonnes pratiques de l\u2019Anap, afin de favoriser l\u2019\u00e9change d\u2019exp\u00e9riences et d\u2019am\u00e9liorer continuellement la qualit\u00e9 des interventions en mati\u00e8re d\u2019activit\u00e9 physique et sportive\u2009!<\/p>\n<p style=\"font-weight: 400;\"><button data-toggle=\"collapse\" data-target=\"#enc_2024_318_01\">outils<\/button><div id=\"enc_2024_318_01\" class=\"encadre collapse\"><h2>D\u00e9ployer l\u2019APS dans les ESSMS<span class=\"Apple-converted-space\">\u00a0<\/span><\/h2>\n<p>Sous le pilotage de la Direction g\u00e9n\u00e9rale de la coh\u00e9sion sociale (DGCS) et de la direction des sports du minist\u00e8re des Sports, l\u2019Anap accompagne le d\u00e9ploiement de l\u2019APS dans l\u2019ensemble des ESSMS avec des ressources, un webinaire et la cr\u00e9ation d\u2019une communaut\u00e9 nationale des r\u00e9f\u00e9rents sport.<\/p>\n<p>\u00c0 d\u00e9couvrir sur <a href=\"https:\/\/www.anap.fr\/s\/\" target=\"_blank\" rel=\"noopener\">www.anap.fr<span class=\"Apple-converted-space\">\u00a0<\/span><\/a><\/p>\n<\/div><\/p>\n<p style=\"font-weight: 400;\"><img decoding=\"async\" class=\"alignnone wp-image-48328 size-medium\" src=\"https:\/\/gestions-hospitalieres.fr\/wp-content\/uploads\/2024\/06\/ANAP_visuel_ESSMS6-300x300.jpg\" alt=\"\" width=\"300\" height=\"300\" srcset=\"https:\/\/www.ricom-web8.com\/gestions\/wp-content\/uploads\/2024\/06\/ANAP_visuel_ESSMS6-300x300.jpg 300w, https:\/\/www.ricom-web8.com\/gestions\/wp-content\/uploads\/2024\/06\/ANAP_visuel_ESSMS6-200x200.jpg 200w, https:\/\/www.ricom-web8.com\/gestions\/wp-content\/uploads\/2024\/06\/ANAP_visuel_ESSMS6-768x768.jpg 768w, https:\/\/www.ricom-web8.com\/gestions\/wp-content\/uploads\/2024\/06\/ANAP_visuel_ESSMS6.jpg 1000w\" sizes=\"(max-width: 300px) 100vw, 300px\" \/><\/p>\n<p>Pour acc\u00e9der aux ressources pour d\u00e9velopper l\u2019activit\u00e9 physique et sportive :<a href=\"https:\/\/anap.fr\/s\/actualite?actu=Activit%C3%A9-physique-et-sportive-APS-des-ressources-pour-accompagner-les-ESSMS\" target=\"_blank\" rel=\"noopener\"><span class=\"Apple-converted-space\"> https:\/\/anap.fr\/s\/actualite?actu=Activit%C3%A9-physique-et-sportive-APS-des-ressources-pour-accompagner-les-ESSMS<\/span><\/a><\/p>\n<script>function PlayerjsAsync(){} if(window[\"Playerjs\"]){PlayerjsAsync();}<\/script>","protected":false},"excerpt":{"rendered":"<p>Lors du Conseil olympique et paralympique en date du 25\u202fjuillet 2022, le pr\u00e9sident de la R\u00e9publique a d\u00e9sign\u00e9 la promotion de l\u2019activit\u00e9 physique et sportive (APS) comme la grande cause nationale 2024 (GCN2024). Cette d\u00e9cision marque un tournant significatif, soulignant l\u2019importance capitale de l\u2019APS pour la sant\u00e9 publique et sociale. Outre l\u2019av\u00e8nement des Jeux olympiques et paralympiques, cette d\u00e9cision fait suite aux constats marquants concernant la s\u00e9dentarit\u00e9, qui repr\u00e9sente aujourd\u2019hui&hellip; <\/p>\n","protected":false},"author":23133,"featured_media":0,"comment_status":"closed","ping_status":"closed","sticky":false,"template":"","format":"standard","meta":{"_acf_changed":false,"_relevanssi_hide_post":"","_relevanssi_hide_content":"","_relevanssi_pin_for_all":"","_relevanssi_pin_keywords":"","_relevanssi_unpin_keywords":"","_relevanssi_related_keywords":"","_relevanssi_related_include_ids":"","_relevanssi_related_exclude_ids":"","_relevanssi_related_no_append":"","_relevanssi_related_not_related":"","_relevanssi_related_posts":"","_relevanssi_noindex_reason":"","footnotes":""},"categories":[2,9838],"tags":[10262,601,178,1858,492,10263],"class_list":["post-48325","post","type-post","status-publish","format-standard","hentry","category-gestions-hospitalieres","category-performance","tag-activite-physique-et-sportive","tag-anap","tag-handicap","tag-personnes-agees","tag-sport","tag-sport-adapte"],"acf":[],"yoast_head":"<!-- This site is optimized with the Yoast SEO plugin v24.8.1 - https:\/\/yoast.com\/wordpress\/plugins\/seo\/ -->\n<title>Sport sant\u00e9\u2009: bougeons les lignes\u2009! - Gestions hospitali\u00e8res<\/title>\n<meta name=\"robots\" content=\"index, follow, max-snippet:-1, max-image-preview:large, max-video-preview:-1\" \/>\n<link rel=\"canonical\" href=\"https:\/\/www.ricom-web8.com\/gestions\/sport-sante-bougeons-les-lignes\/\" \/>\n<meta property=\"og:locale\" content=\"fr_FR\" \/>\n<meta property=\"og:type\" content=\"article\" \/>\n<meta property=\"og:title\" content=\"Sport sant\u00e9\u2009: bougeons les lignes\u2009! - Gestions hospitali\u00e8res\" \/>\n<meta property=\"og:description\" content=\"Lors du Conseil olympique et paralympique en date du 25\u202fjuillet 2022, le pr\u00e9sident de la R\u00e9publique a d\u00e9sign\u00e9 la promotion de l\u2019activit\u00e9 physique et sportive (APS) comme la grande cause nationale 2024 (GCN2024). Cette d\u00e9cision marque un tournant significatif, soulignant l\u2019importance capitale de l\u2019APS pour la sant\u00e9 publique et sociale. Outre l\u2019av\u00e8nement des Jeux olympiques et paralympiques, cette d\u00e9cision fait suite aux constats marquants concernant la s\u00e9dentarit\u00e9, qui repr\u00e9sente aujourd\u2019hui&hellip;\" \/>\n<meta property=\"og:url\" content=\"https:\/\/www.ricom-web8.com\/gestions\/sport-sante-bougeons-les-lignes\/\" \/>\n<meta property=\"og:site_name\" content=\"Gestions hospitali\u00e8res\" \/>\n<meta property=\"article:publisher\" content=\"https:\/\/www.facebook.com\/gestionshospitalieres\/\" \/>\n<meta property=\"article:published_time\" content=\"2024-05-01T10:06:59+00:00\" \/>\n<meta property=\"article:modified_time\" content=\"2024-06-17T08:28:32+00:00\" \/>\n<meta property=\"og:image\" content=\"https:\/\/gestions-hospitalieres.fr\/wp-content\/uploads\/2024\/06\/ANAP_visuel_ESSMS6-300x300.jpg\" \/>\n<meta name=\"author\" content=\"Gestions hospitali\u00e8res\" \/>\n<meta name=\"twitter:card\" content=\"summary_large_image\" \/>\n<meta name=\"twitter:creator\" content=\"@revue_GH\" \/>\n<meta name=\"twitter:site\" content=\"@revue_GH\" \/>\n<meta name=\"twitter:label1\" content=\"\u00c9crit par\" \/>\n\t<meta name=\"twitter:data1\" content=\"Gestions hospitali\u00e8res\" \/>\n\t<meta name=\"twitter:label2\" content=\"Dur\u00e9e de lecture estim\u00e9e\" \/>\n\t<meta name=\"twitter:data2\" content=\"6 minutes\" \/>\n<script type=\"application\/ld+json\" class=\"yoast-schema-graph\">{\"@context\":\"https:\/\/schema.org\",\"@graph\":[{\"@type\":\"Article\",\"@id\":\"https:\/\/www.ricom-web8.com\/gestions\/sport-sante-bougeons-les-lignes\/#article\",\"isPartOf\":{\"@id\":\"https:\/\/www.ricom-web8.com\/gestions\/sport-sante-bougeons-les-lignes\/\"},\"author\":{\"name\":\"Gestions hospitali\u00e8res\",\"@id\":\"https:\/\/www.ricom-web8.com\/gestions\/#\/schema\/person\/3ba9fe913190dfe9507feb621e902c1f\"},\"headline\":\"Sport sant\u00e9\u2009: bougeons les lignes\u2009!\",\"datePublished\":\"2024-05-01T10:06:59+00:00\",\"dateModified\":\"2024-06-17T08:28:32+00:00\",\"mainEntityOfPage\":{\"@id\":\"https:\/\/www.ricom-web8.com\/gestions\/sport-sante-bougeons-les-lignes\/\"},\"wordCount\":1338,\"publisher\":{\"@id\":\"https:\/\/www.ricom-web8.com\/gestions\/#organization\"},\"image\":{\"@id\":\"https:\/\/www.ricom-web8.com\/gestions\/sport-sante-bougeons-les-lignes\/#primaryimage\"},\"thumbnailUrl\":\"https:\/\/gestions-hospitalieres.fr\/wp-content\/uploads\/2024\/06\/ANAP_visuel_ESSMS6-300x300.jpg\",\"keywords\":[\"activit\u00e9 physique et sportive\",\"Anap\",\"handicap\",\"personnes \u00e2g\u00e9es\",\"sport\",\"sport adapt\u00e9\"],\"articleSection\":[\"Gestions Hospitali\u00e8res\",\"performance\"],\"inLanguage\":\"fr-FR\"},{\"@type\":\"WebPage\",\"@id\":\"https:\/\/www.ricom-web8.com\/gestions\/sport-sante-bougeons-les-lignes\/\",\"url\":\"https:\/\/www.ricom-web8.com\/gestions\/sport-sante-bougeons-les-lignes\/\",\"name\":\"Sport sant\u00e9\u2009: bougeons les lignes\u2009! - Gestions hospitali\u00e8res\",\"isPartOf\":{\"@id\":\"https:\/\/www.ricom-web8.com\/gestions\/#website\"},\"primaryImageOfPage\":{\"@id\":\"https:\/\/www.ricom-web8.com\/gestions\/sport-sante-bougeons-les-lignes\/#primaryimage\"},\"image\":{\"@id\":\"https:\/\/www.ricom-web8.com\/gestions\/sport-sante-bougeons-les-lignes\/#primaryimage\"},\"thumbnailUrl\":\"https:\/\/gestions-hospitalieres.fr\/wp-content\/uploads\/2024\/06\/ANAP_visuel_ESSMS6-300x300.jpg\",\"datePublished\":\"2024-05-01T10:06:59+00:00\",\"dateModified\":\"2024-06-17T08:28:32+00:00\",\"breadcrumb\":{\"@id\":\"https:\/\/www.ricom-web8.com\/gestions\/sport-sante-bougeons-les-lignes\/#breadcrumb\"},\"inLanguage\":\"fr-FR\",\"potentialAction\":[{\"@type\":\"ReadAction\",\"target\":[\"https:\/\/www.ricom-web8.com\/gestions\/sport-sante-bougeons-les-lignes\/\"]}]},{\"@type\":\"ImageObject\",\"inLanguage\":\"fr-FR\",\"@id\":\"https:\/\/www.ricom-web8.com\/gestions\/sport-sante-bougeons-les-lignes\/#primaryimage\",\"url\":\"https:\/\/gestions-hospitalieres.fr\/wp-content\/uploads\/2024\/06\/ANAP_visuel_ESSMS6-300x300.jpg\",\"contentUrl\":\"https:\/\/gestions-hospitalieres.fr\/wp-content\/uploads\/2024\/06\/ANAP_visuel_ESSMS6-300x300.jpg\"},{\"@type\":\"BreadcrumbList\",\"@id\":\"https:\/\/www.ricom-web8.com\/gestions\/sport-sante-bougeons-les-lignes\/#breadcrumb\",\"itemListElement\":[{\"@type\":\"ListItem\",\"position\":1,\"name\":\"Accueil\",\"item\":\"https:\/\/www.ricom-web8.com\/gestions\/\"},{\"@type\":\"ListItem\",\"position\":2,\"name\":\"Sport sant\u00e9\u2009: bougeons les lignes\u2009!\"}]},{\"@type\":\"WebSite\",\"@id\":\"https:\/\/www.ricom-web8.com\/gestions\/#website\",\"url\":\"https:\/\/www.ricom-web8.com\/gestions\/\",\"name\":\"Gestions hospitali\u00e8res\",\"description\":\"la revue des d\u00e9cideurs hospitaliers\",\"publisher\":{\"@id\":\"https:\/\/www.ricom-web8.com\/gestions\/#organization\"},\"potentialAction\":[{\"@type\":\"SearchAction\",\"target\":{\"@type\":\"EntryPoint\",\"urlTemplate\":\"https:\/\/www.ricom-web8.com\/gestions\/?s={search_term_string}\"},\"query-input\":{\"@type\":\"PropertyValueSpecification\",\"valueRequired\":true,\"valueName\":\"search_term_string\"}}],\"inLanguage\":\"fr-FR\"},{\"@type\":\"Organization\",\"@id\":\"https:\/\/www.ricom-web8.com\/gestions\/#organization\",\"name\":\"Gestions hospitali\u00e8res\",\"url\":\"https:\/\/www.ricom-web8.com\/gestions\/\",\"logo\":{\"@type\":\"ImageObject\",\"inLanguage\":\"fr-FR\",\"@id\":\"https:\/\/www.ricom-web8.com\/gestions\/#\/schema\/logo\/image\/\",\"url\":\"https:\/\/gestions-hospitalieres.fr\/wp-content\/uploads\/2017\/02\/picto_Gif-GH-trans.png\",\"contentUrl\":\"https:\/\/gestions-hospitalieres.fr\/wp-content\/uploads\/2017\/02\/picto_Gif-GH-trans.png\",\"width\":512,\"height\":512,\"caption\":\"Gestions hospitali\u00e8res\"},\"image\":{\"@id\":\"https:\/\/www.ricom-web8.com\/gestions\/#\/schema\/logo\/image\/\"},\"sameAs\":[\"https:\/\/www.facebook.com\/gestionshospitalieres\/\",\"https:\/\/x.com\/revue_GH\",\"https:\/\/www.linkedin.com\/company\/gestions-hospitalieres?trk=top_nav_home\"]},{\"@type\":\"Person\",\"@id\":\"https:\/\/www.ricom-web8.com\/gestions\/#\/schema\/person\/3ba9fe913190dfe9507feb621e902c1f\",\"name\":\"Gestions hospitali\u00e8res\",\"image\":{\"@type\":\"ImageObject\",\"inLanguage\":\"fr-FR\",\"@id\":\"https:\/\/www.ricom-web8.com\/gestions\/#\/schema\/person\/image\/\",\"url\":\"https:\/\/secure.gravatar.com\/avatar\/1a0d93e6db5dbe7dac96bae4757d256f?s=96&d=mm&r=g\",\"contentUrl\":\"https:\/\/secure.gravatar.com\/avatar\/1a0d93e6db5dbe7dac96bae4757d256f?s=96&d=mm&r=g\",\"caption\":\"Gestions hospitali\u00e8res\"},\"url\":\"https:\/\/www.ricom-web8.com\/gestions\/author\/benjamin\/\"}]}<\/script>\n<!-- \/ Yoast SEO plugin. -->","yoast_head_json":{"title":"Sport sant\u00e9\u2009: bougeons les lignes\u2009! - Gestions hospitali\u00e8res","robots":{"index":"index","follow":"follow","max-snippet":"max-snippet:-1","max-image-preview":"max-image-preview:large","max-video-preview":"max-video-preview:-1"},"canonical":"https:\/\/www.ricom-web8.com\/gestions\/sport-sante-bougeons-les-lignes\/","og_locale":"fr_FR","og_type":"article","og_title":"Sport sant\u00e9\u2009: bougeons les lignes\u2009! - Gestions hospitali\u00e8res","og_description":"Lors du Conseil olympique et paralympique en date du 25\u202fjuillet 2022, le pr\u00e9sident de la R\u00e9publique a d\u00e9sign\u00e9 la promotion de l\u2019activit\u00e9 physique et sportive (APS) comme la grande cause nationale 2024 (GCN2024). Cette d\u00e9cision marque un tournant significatif, soulignant l\u2019importance capitale de l\u2019APS pour la sant\u00e9 publique et sociale. Outre l\u2019av\u00e8nement des Jeux olympiques et paralympiques, cette d\u00e9cision fait suite aux constats marquants concernant la s\u00e9dentarit\u00e9, qui repr\u00e9sente aujourd\u2019hui&hellip;","og_url":"https:\/\/www.ricom-web8.com\/gestions\/sport-sante-bougeons-les-lignes\/","og_site_name":"Gestions hospitali\u00e8res","article_publisher":"https:\/\/www.facebook.com\/gestionshospitalieres\/","article_published_time":"2024-05-01T10:06:59+00:00","article_modified_time":"2024-06-17T08:28:32+00:00","og_image":[{"url":"https:\/\/gestions-hospitalieres.fr\/wp-content\/uploads\/2024\/06\/ANAP_visuel_ESSMS6-300x300.jpg","type":"","width":"","height":""}],"author":"Gestions hospitali\u00e8res","twitter_card":"summary_large_image","twitter_creator":"@revue_GH","twitter_site":"@revue_GH","twitter_misc":{"\u00c9crit par":"Gestions hospitali\u00e8res","Dur\u00e9e de lecture estim\u00e9e":"6 minutes"},"schema":{"@context":"https:\/\/schema.org","@graph":[{"@type":"Article","@id":"https:\/\/www.ricom-web8.com\/gestions\/sport-sante-bougeons-les-lignes\/#article","isPartOf":{"@id":"https:\/\/www.ricom-web8.com\/gestions\/sport-sante-bougeons-les-lignes\/"},"author":{"name":"Gestions hospitali\u00e8res","@id":"https:\/\/www.ricom-web8.com\/gestions\/#\/schema\/person\/3ba9fe913190dfe9507feb621e902c1f"},"headline":"Sport sant\u00e9\u2009: bougeons les lignes\u2009!","datePublished":"2024-05-01T10:06:59+00:00","dateModified":"2024-06-17T08:28:32+00:00","mainEntityOfPage":{"@id":"https:\/\/www.ricom-web8.com\/gestions\/sport-sante-bougeons-les-lignes\/"},"wordCount":1338,"publisher":{"@id":"https:\/\/www.ricom-web8.com\/gestions\/#organization"},"image":{"@id":"https:\/\/www.ricom-web8.com\/gestions\/sport-sante-bougeons-les-lignes\/#primaryimage"},"thumbnailUrl":"https:\/\/gestions-hospitalieres.fr\/wp-content\/uploads\/2024\/06\/ANAP_visuel_ESSMS6-300x300.jpg","keywords":["activit\u00e9 physique et sportive","Anap","handicap","personnes \u00e2g\u00e9es","sport","sport adapt\u00e9"],"articleSection":["Gestions Hospitali\u00e8res","performance"],"inLanguage":"fr-FR"},{"@type":"WebPage","@id":"https:\/\/www.ricom-web8.com\/gestions\/sport-sante-bougeons-les-lignes\/","url":"https:\/\/www.ricom-web8.com\/gestions\/sport-sante-bougeons-les-lignes\/","name":"Sport sant\u00e9\u2009: bougeons les lignes\u2009! - Gestions hospitali\u00e8res","isPartOf":{"@id":"https:\/\/www.ricom-web8.com\/gestions\/#website"},"primaryImageOfPage":{"@id":"https:\/\/www.ricom-web8.com\/gestions\/sport-sante-bougeons-les-lignes\/#primaryimage"},"image":{"@id":"https:\/\/www.ricom-web8.com\/gestions\/sport-sante-bougeons-les-lignes\/#primaryimage"},"thumbnailUrl":"https:\/\/gestions-hospitalieres.fr\/wp-content\/uploads\/2024\/06\/ANAP_visuel_ESSMS6-300x300.jpg","datePublished":"2024-05-01T10:06:59+00:00","dateModified":"2024-06-17T08:28:32+00:00","breadcrumb":{"@id":"https:\/\/www.ricom-web8.com\/gestions\/sport-sante-bougeons-les-lignes\/#breadcrumb"},"inLanguage":"fr-FR","potentialAction":[{"@type":"ReadAction","target":["https:\/\/www.ricom-web8.com\/gestions\/sport-sante-bougeons-les-lignes\/"]}]},{"@type":"ImageObject","inLanguage":"fr-FR","@id":"https:\/\/www.ricom-web8.com\/gestions\/sport-sante-bougeons-les-lignes\/#primaryimage","url":"https:\/\/gestions-hospitalieres.fr\/wp-content\/uploads\/2024\/06\/ANAP_visuel_ESSMS6-300x300.jpg","contentUrl":"https:\/\/gestions-hospitalieres.fr\/wp-content\/uploads\/2024\/06\/ANAP_visuel_ESSMS6-300x300.jpg"},{"@type":"BreadcrumbList","@id":"https:\/\/www.ricom-web8.com\/gestions\/sport-sante-bougeons-les-lignes\/#breadcrumb","itemListElement":[{"@type":"ListItem","position":1,"name":"Accueil","item":"https:\/\/www.ricom-web8.com\/gestions\/"},{"@type":"ListItem","position":2,"name":"Sport sant\u00e9\u2009: bougeons les lignes\u2009!"}]},{"@type":"WebSite","@id":"https:\/\/www.ricom-web8.com\/gestions\/#website","url":"https:\/\/www.ricom-web8.com\/gestions\/","name":"Gestions hospitali\u00e8res","description":"la revue des d\u00e9cideurs hospitaliers","publisher":{"@id":"https:\/\/www.ricom-web8.com\/gestions\/#organization"},"potentialAction":[{"@type":"SearchAction","target":{"@type":"EntryPoint","urlTemplate":"https:\/\/www.ricom-web8.com\/gestions\/?s={search_term_string}"},"query-input":{"@type":"PropertyValueSpecification","valueRequired":true,"valueName":"search_term_string"}}],"inLanguage":"fr-FR"},{"@type":"Organization","@id":"https:\/\/www.ricom-web8.com\/gestions\/#organization","name":"Gestions hospitali\u00e8res","url":"https:\/\/www.ricom-web8.com\/gestions\/","logo":{"@type":"ImageObject","inLanguage":"fr-FR","@id":"https:\/\/www.ricom-web8.com\/gestions\/#\/schema\/logo\/image\/","url":"https:\/\/gestions-hospitalieres.fr\/wp-content\/uploads\/2017\/02\/picto_Gif-GH-trans.png","contentUrl":"https:\/\/gestions-hospitalieres.fr\/wp-content\/uploads\/2017\/02\/picto_Gif-GH-trans.png","width":512,"height":512,"caption":"Gestions hospitali\u00e8res"},"image":{"@id":"https:\/\/www.ricom-web8.com\/gestions\/#\/schema\/logo\/image\/"},"sameAs":["https:\/\/www.facebook.com\/gestionshospitalieres\/","https:\/\/x.com\/revue_GH","https:\/\/www.linkedin.com\/company\/gestions-hospitalieres?trk=top_nav_home"]},{"@type":"Person","@id":"https:\/\/www.ricom-web8.com\/gestions\/#\/schema\/person\/3ba9fe913190dfe9507feb621e902c1f","name":"Gestions hospitali\u00e8res","image":{"@type":"ImageObject","inLanguage":"fr-FR","@id":"https:\/\/www.ricom-web8.com\/gestions\/#\/schema\/person\/image\/","url":"https:\/\/secure.gravatar.com\/avatar\/1a0d93e6db5dbe7dac96bae4757d256f?s=96&d=mm&r=g","contentUrl":"https:\/\/secure.gravatar.com\/avatar\/1a0d93e6db5dbe7dac96bae4757d256f?s=96&d=mm&r=g","caption":"Gestions hospitali\u00e8res"},"url":"https:\/\/www.ricom-web8.com\/gestions\/author\/benjamin\/"}]}},"_links":{"self":[{"href":"https:\/\/www.ricom-web8.com\/gestions\/wp-json\/wp\/v2\/posts\/48325","targetHints":{"allow":["GET"]}}],"collection":[{"href":"https:\/\/www.ricom-web8.com\/gestions\/wp-json\/wp\/v2\/posts"}],"about":[{"href":"https:\/\/www.ricom-web8.com\/gestions\/wp-json\/wp\/v2\/types\/post"}],"author":[{"embeddable":true,"href":"https:\/\/www.ricom-web8.com\/gestions\/wp-json\/wp\/v2\/users\/23133"}],"replies":[{"embeddable":true,"href":"https:\/\/www.ricom-web8.com\/gestions\/wp-json\/wp\/v2\/comments?post=48325"}],"version-history":[{"count":2,"href":"https:\/\/www.ricom-web8.com\/gestions\/wp-json\/wp\/v2\/posts\/48325\/revisions"}],"predecessor-version":[{"id":48334,"href":"https:\/\/www.ricom-web8.com\/gestions\/wp-json\/wp\/v2\/posts\/48325\/revisions\/48334"}],"wp:attachment":[{"href":"https:\/\/www.ricom-web8.com\/gestions\/wp-json\/wp\/v2\/media?parent=48325"}],"wp:term":[{"taxonomy":"category","embeddable":true,"href":"https:\/\/www.ricom-web8.com\/gestions\/wp-json\/wp\/v2\/categories?post=48325"},{"taxonomy":"post_tag","embeddable":true,"href":"https:\/\/www.ricom-web8.com\/gestions\/wp-json\/wp\/v2\/tags?post=48325"}],"curies":[{"name":"wp","href":"https:\/\/api.w.org\/{rel}","templated":true}]}}