

{"id":48362,"date":"2024-05-01T12:56:07","date_gmt":"2024-05-01T10:56:07","guid":{"rendered":"https:\/\/gestions-hospitalieres.fr\/?p=48362"},"modified":"2024-06-17T10:28:07","modified_gmt":"2024-06-17T08:28:07","slug":"de-lactivite-physique-adaptee-en-pediatrie-avec-lassociation-du-sport-et-plus","status":"publish","type":"post","link":"https:\/\/www.ricom-web8.com\/gestions\/de-lactivite-physique-adaptee-en-pediatrie-avec-lassociation-du-sport-et-plus\/","title":{"rendered":"De l&#8217;activit\u00e9 physique adapt\u00e9e en p\u00e9diatrie avec l\u2019association \u00ab\u2009Du sport et plus\u2009\u00bb"},"content":{"rendered":"<span class=\"span-reading-time rt-reading-time\" style=\"display: block;\"><span class=\"rt-label rt-prefix\">Temps de lecture\u00a0: <\/span> <span class=\"rt-time\"> &lt;\u00a01<\/span> <span class=\"rt-label rt-postfix\">minute<\/span><\/span><p>Depuis onze ans, l\u2019association \u00ab\u2009Du sport et plus\u2009\u00bb \u0153uvre pour am\u00e9liorer le quotidien des enfants hospitalis\u00e9s gr\u00e2ce au sport. Plus d\u2019une trentaine de services p\u00e9diatriques en France b\u00e9n\u00e9ficient aujourd&#8217;hui des actions de cette organisation, ce qui repr\u00e9sente plus de 20\u2009000 enfants malades soutenus tout au long de l\u2019ann\u00e9e.<\/p>\n<p>\u00c0 la demande de diff\u00e9rentes \u00e9quipes soignantes, l\u2019association \u00ab\u2009Du sport et plus\u2009\u00bb a cr\u00e9\u00e9 en 2021 le programme \u00ab\u2009Activit\u00e9 physique adapt\u00e9e en p\u00e9diatrie\u2009\u00bb. Ce dispositif permet aux enfants hospitalis\u00e9s de pratiquer chaque semaine diff\u00e9rentes activit\u00e9s adapt\u00e9es \u00e0 leurs pathologies\u2009; l\u2019objectif de ces s\u00e9ances est de mobiliser, dynamiser et remotiver les enfants hospitalis\u00e9s en leur permettant une pratique physique diverse et ludique. Ces s\u00e9ances sont encadr\u00e9es par un enseignant APA, pr\u00e9sent deux heures au sein des services p\u00e9diatriques.<\/p>\n<p>Depuis le d\u00e9but 2024, ce programme est actif dans sept h\u00f4pitaux (Amiens, Arcachon, Argenteuil, Clamart, Marseille, Montpellier et Villefranche-sur-Sa\u00f4ne). Les r\u00e9sultats y sont largement positifs, tant au niveau des enfants que des parents ou des \u00e9quipes m\u00e9dicales. D\u2019autres h\u00f4pitaux devraient b\u00e9n\u00e9ficier prochainement du programme APA en p\u00e9diatrie, notamment \u00e0 Paris, Bayonne et Versailles. Avec l\u2019aide de diff\u00e9rents partenaires tels que Terre d\u2019Impact, Porsche-France, Allianz-Partners, Impact 2024 et le FDVA \u00cele-de-France, l\u2019association \u00ab\u2009Du sport et plus\u2009\u00bb va accentuer le d\u00e9ploiement de ce programme en France.<\/p>\n<p>Suivez l\u2019actualit\u00e9 de l\u2019association sur les r\u00e9seaux sociaux et via son site web &#8211; <a href=\"https:\/\/www.dusportetplus.fr\/Association_Du_Sport_et_Plus\/DSEP-01.html\" target=\"_blank\" rel=\"noopener\">www.dusportetplus.fr<\/a><\/p>\n<p><img decoding=\"async\" class=\"alignnone wp-image-48364 size-medium\" src=\"https:\/\/gestions-hospitalieres.fr\/wp-content\/uploads\/2024\/06\/Visuel-APA-05c-300x300.jpg\" alt=\"\" width=\"300\" height=\"300\" srcset=\"https:\/\/www.ricom-web8.com\/gestions\/wp-content\/uploads\/2024\/06\/Visuel-APA-05c-300x300.jpg 300w, https:\/\/www.ricom-web8.com\/gestions\/wp-content\/uploads\/2024\/06\/Visuel-APA-05c-200x200.jpg 200w, https:\/\/www.ricom-web8.com\/gestions\/wp-content\/uploads\/2024\/06\/Visuel-APA-05c-768x768.jpg 768w, https:\/\/www.ricom-web8.com\/gestions\/wp-content\/uploads\/2024\/06\/Visuel-APA-05c.jpg 1000w\" sizes=\"(max-width: 300px) 100vw, 300px\" \/><\/p>\n<script>function PlayerjsAsync(){} if(window[\"Playerjs\"]){PlayerjsAsync();}<\/script>","protected":false},"excerpt":{"rendered":"<p><span class=\"span-reading-time rt-reading-time\" style=\"display: block;\"><span class=\"rt-label rt-prefix\">Temps de lecture\u00a0: <\/span> <span class=\"rt-time\"> &lt;\u00a01<\/span> <span class=\"rt-label rt-postfix\">minute<\/span><\/span>Depuis onze ans, l\u2019association \u00ab\u2009Du sport et plus\u2009\u00bb \u0153uvre pour am\u00e9liorer le quotidien des enfants hospitalis\u00e9s gr\u00e2ce au sport. Plus d\u2019une trentaine de services p\u00e9diatriques en France b\u00e9n\u00e9ficient aujourd&#8217;hui des actions de cette organisation, ce qui repr\u00e9sente plus de 20\u2009000 enfants malades soutenus tout au long de l\u2019ann\u00e9e. \u00c0 la demande de diff\u00e9rentes \u00e9quipes soignantes, l\u2019association \u00ab\u2009Du sport et plus\u2009\u00bb a cr\u00e9\u00e9 en 2021 le programme \u00ab\u2009Activit\u00e9 physique adapt\u00e9e en&hellip; <\/p>\n","protected":false},"author":23133,"featured_media":0,"comment_status":"closed","ping_status":"closed","sticky":false,"template":"","format":"standard","meta":{"_acf_changed":false,"_relevanssi_hide_post":"","_relevanssi_hide_content":"","_relevanssi_pin_for_all":"","_relevanssi_pin_keywords":"","_relevanssi_unpin_keywords":"","_relevanssi_related_keywords":"","_relevanssi_related_include_ids":"","_relevanssi_related_exclude_ids":"","_relevanssi_related_no_append":"","_relevanssi_related_not_related":"","_relevanssi_related_posts":"","_relevanssi_noindex_reason":"","footnotes":""},"categories":[26,2],"tags":[],"class_list":["post-48362","post","type-post","status-publish","format-standard","hentry","category-dossier","category-gestions-hospitalieres"],"acf":[],"yoast_head":"<!-- This site is optimized with the Yoast SEO plugin v24.8.1 - https:\/\/yoast.com\/wordpress\/plugins\/seo\/ -->\n<title>De l&#039;activit\u00e9 physique adapt\u00e9e en p\u00e9diatrie avec l\u2019association \u00ab\u2009Du sport et plus\u2009\u00bb - Gestions hospitali\u00e8res<\/title>\n<meta name=\"robots\" content=\"index, follow, max-snippet:-1, max-image-preview:large, max-video-preview:-1\" \/>\n<link rel=\"canonical\" href=\"https:\/\/www.ricom-web8.com\/gestions\/de-lactivite-physique-adaptee-en-pediatrie-avec-lassociation-du-sport-et-plus\/\" \/>\n<meta property=\"og:locale\" content=\"fr_FR\" \/>\n<meta property=\"og:type\" content=\"article\" \/>\n<meta property=\"og:title\" content=\"De l&#039;activit\u00e9 physique adapt\u00e9e en p\u00e9diatrie avec l\u2019association \u00ab\u2009Du sport et plus\u2009\u00bb - Gestions hospitali\u00e8res\" \/>\n<meta property=\"og:description\" content=\"Temps de lecture\u00a0:  &lt;\u00a01 minuteDepuis onze ans, l\u2019association \u00ab\u2009Du sport et plus\u2009\u00bb \u0153uvre pour am\u00e9liorer le quotidien des enfants hospitalis\u00e9s gr\u00e2ce au sport. Plus d\u2019une trentaine de services p\u00e9diatriques en France b\u00e9n\u00e9ficient aujourd&#8217;hui des actions de cette organisation, ce qui repr\u00e9sente plus de 20\u2009000 enfants malades soutenus tout au long de l\u2019ann\u00e9e. \u00c0 la demande de diff\u00e9rentes \u00e9quipes soignantes, l\u2019association \u00ab\u2009Du sport et plus\u2009\u00bb a cr\u00e9\u00e9 en 2021 le programme \u00ab\u2009Activit\u00e9 physique adapt\u00e9e en&hellip;\" \/>\n<meta property=\"og:url\" content=\"https:\/\/www.ricom-web8.com\/gestions\/de-lactivite-physique-adaptee-en-pediatrie-avec-lassociation-du-sport-et-plus\/\" \/>\n<meta property=\"og:site_name\" content=\"Gestions hospitali\u00e8res\" \/>\n<meta property=\"article:publisher\" content=\"https:\/\/www.facebook.com\/gestionshospitalieres\/\" \/>\n<meta property=\"article:published_time\" content=\"2024-05-01T10:56:07+00:00\" \/>\n<meta property=\"article:modified_time\" content=\"2024-06-17T08:28:07+00:00\" \/>\n<meta property=\"og:image\" content=\"https:\/\/gestions-hospitalieres.fr\/wp-content\/uploads\/2024\/06\/Visuel-APA-05c-300x300.jpg\" \/>\n<meta name=\"author\" content=\"Gestions hospitali\u00e8res\" \/>\n<meta name=\"twitter:card\" content=\"summary_large_image\" \/>\n<meta name=\"twitter:creator\" content=\"@revue_GH\" \/>\n<meta name=\"twitter:site\" content=\"@revue_GH\" \/>\n<meta name=\"twitter:label1\" content=\"\u00c9crit par\" \/>\n\t<meta name=\"twitter:data1\" content=\"Gestions hospitali\u00e8res\" \/>\n\t<meta name=\"twitter:label2\" content=\"Dur\u00e9e de lecture estim\u00e9e\" \/>\n\t<meta name=\"twitter:data2\" content=\"2 minutes\" \/>\n<script type=\"application\/ld+json\" class=\"yoast-schema-graph\">{\"@context\":\"https:\/\/schema.org\",\"@graph\":[{\"@type\":\"Article\",\"@id\":\"https:\/\/www.ricom-web8.com\/gestions\/de-lactivite-physique-adaptee-en-pediatrie-avec-lassociation-du-sport-et-plus\/#article\",\"isPartOf\":{\"@id\":\"https:\/\/www.ricom-web8.com\/gestions\/de-lactivite-physique-adaptee-en-pediatrie-avec-lassociation-du-sport-et-plus\/\"},\"author\":{\"name\":\"Gestions hospitali\u00e8res\",\"@id\":\"https:\/\/www.ricom-web8.com\/gestions\/#\/schema\/person\/3ba9fe913190dfe9507feb621e902c1f\"},\"headline\":\"De l&#8217;activit\u00e9 physique adapt\u00e9e en p\u00e9diatrie avec l\u2019association \u00ab\u2009Du sport et plus\u2009\u00bb\",\"datePublished\":\"2024-05-01T10:56:07+00:00\",\"dateModified\":\"2024-06-17T08:28:07+00:00\",\"mainEntityOfPage\":{\"@id\":\"https:\/\/www.ricom-web8.com\/gestions\/de-lactivite-physique-adaptee-en-pediatrie-avec-lassociation-du-sport-et-plus\/\"},\"wordCount\":280,\"publisher\":{\"@id\":\"https:\/\/www.ricom-web8.com\/gestions\/#organization\"},\"image\":{\"@id\":\"https:\/\/www.ricom-web8.com\/gestions\/de-lactivite-physique-adaptee-en-pediatrie-avec-lassociation-du-sport-et-plus\/#primaryimage\"},\"thumbnailUrl\":\"https:\/\/gestions-hospitalieres.fr\/wp-content\/uploads\/2024\/06\/Visuel-APA-05c-300x300.jpg\",\"articleSection\":[\"dossier\",\"Gestions Hospitali\u00e8res\"],\"inLanguage\":\"fr-FR\"},{\"@type\":\"WebPage\",\"@id\":\"https:\/\/www.ricom-web8.com\/gestions\/de-lactivite-physique-adaptee-en-pediatrie-avec-lassociation-du-sport-et-plus\/\",\"url\":\"https:\/\/www.ricom-web8.com\/gestions\/de-lactivite-physique-adaptee-en-pediatrie-avec-lassociation-du-sport-et-plus\/\",\"name\":\"De l'activit\u00e9 physique adapt\u00e9e en p\u00e9diatrie avec l\u2019association \u00ab\u2009Du sport et plus\u2009\u00bb - Gestions hospitali\u00e8res\",\"isPartOf\":{\"@id\":\"https:\/\/www.ricom-web8.com\/gestions\/#website\"},\"primaryImageOfPage\":{\"@id\":\"https:\/\/www.ricom-web8.com\/gestions\/de-lactivite-physique-adaptee-en-pediatrie-avec-lassociation-du-sport-et-plus\/#primaryimage\"},\"image\":{\"@id\":\"https:\/\/www.ricom-web8.com\/gestions\/de-lactivite-physique-adaptee-en-pediatrie-avec-lassociation-du-sport-et-plus\/#primaryimage\"},\"thumbnailUrl\":\"https:\/\/gestions-hospitalieres.fr\/wp-content\/uploads\/2024\/06\/Visuel-APA-05c-300x300.jpg\",\"datePublished\":\"2024-05-01T10:56:07+00:00\",\"dateModified\":\"2024-06-17T08:28:07+00:00\",\"breadcrumb\":{\"@id\":\"https:\/\/www.ricom-web8.com\/gestions\/de-lactivite-physique-adaptee-en-pediatrie-avec-lassociation-du-sport-et-plus\/#breadcrumb\"},\"inLanguage\":\"fr-FR\",\"potentialAction\":[{\"@type\":\"ReadAction\",\"target\":[\"https:\/\/www.ricom-web8.com\/gestions\/de-lactivite-physique-adaptee-en-pediatrie-avec-lassociation-du-sport-et-plus\/\"]}]},{\"@type\":\"ImageObject\",\"inLanguage\":\"fr-FR\",\"@id\":\"https:\/\/www.ricom-web8.com\/gestions\/de-lactivite-physique-adaptee-en-pediatrie-avec-lassociation-du-sport-et-plus\/#primaryimage\",\"url\":\"https:\/\/gestions-hospitalieres.fr\/wp-content\/uploads\/2024\/06\/Visuel-APA-05c-300x300.jpg\",\"contentUrl\":\"https:\/\/gestions-hospitalieres.fr\/wp-content\/uploads\/2024\/06\/Visuel-APA-05c-300x300.jpg\"},{\"@type\":\"BreadcrumbList\",\"@id\":\"https:\/\/www.ricom-web8.com\/gestions\/de-lactivite-physique-adaptee-en-pediatrie-avec-lassociation-du-sport-et-plus\/#breadcrumb\",\"itemListElement\":[{\"@type\":\"ListItem\",\"position\":1,\"name\":\"Accueil\",\"item\":\"https:\/\/www.ricom-web8.com\/gestions\/\"},{\"@type\":\"ListItem\",\"position\":2,\"name\":\"De l&#8217;activit\u00e9 physique adapt\u00e9e en p\u00e9diatrie avec l\u2019association \u00ab\u2009Du sport et plus\u2009\u00bb\"}]},{\"@type\":\"WebSite\",\"@id\":\"https:\/\/www.ricom-web8.com\/gestions\/#website\",\"url\":\"https:\/\/www.ricom-web8.com\/gestions\/\",\"name\":\"Gestions hospitali\u00e8res\",\"description\":\"la revue des d\u00e9cideurs hospitaliers\",\"publisher\":{\"@id\":\"https:\/\/www.ricom-web8.com\/gestions\/#organization\"},\"potentialAction\":[{\"@type\":\"SearchAction\",\"target\":{\"@type\":\"EntryPoint\",\"urlTemplate\":\"https:\/\/www.ricom-web8.com\/gestions\/?s={search_term_string}\"},\"query-input\":{\"@type\":\"PropertyValueSpecification\",\"valueRequired\":true,\"valueName\":\"search_term_string\"}}],\"inLanguage\":\"fr-FR\"},{\"@type\":\"Organization\",\"@id\":\"https:\/\/www.ricom-web8.com\/gestions\/#organization\",\"name\":\"Gestions hospitali\u00e8res\",\"url\":\"https:\/\/www.ricom-web8.com\/gestions\/\",\"logo\":{\"@type\":\"ImageObject\",\"inLanguage\":\"fr-FR\",\"@id\":\"https:\/\/www.ricom-web8.com\/gestions\/#\/schema\/logo\/image\/\",\"url\":\"https:\/\/gestions-hospitalieres.fr\/wp-content\/uploads\/2017\/02\/picto_Gif-GH-trans.png\",\"contentUrl\":\"https:\/\/gestions-hospitalieres.fr\/wp-content\/uploads\/2017\/02\/picto_Gif-GH-trans.png\",\"width\":512,\"height\":512,\"caption\":\"Gestions hospitali\u00e8res\"},\"image\":{\"@id\":\"https:\/\/www.ricom-web8.com\/gestions\/#\/schema\/logo\/image\/\"},\"sameAs\":[\"https:\/\/www.facebook.com\/gestionshospitalieres\/\",\"https:\/\/x.com\/revue_GH\",\"https:\/\/www.linkedin.com\/company\/gestions-hospitalieres?trk=top_nav_home\"]},{\"@type\":\"Person\",\"@id\":\"https:\/\/www.ricom-web8.com\/gestions\/#\/schema\/person\/3ba9fe913190dfe9507feb621e902c1f\",\"name\":\"Gestions hospitali\u00e8res\",\"image\":{\"@type\":\"ImageObject\",\"inLanguage\":\"fr-FR\",\"@id\":\"https:\/\/www.ricom-web8.com\/gestions\/#\/schema\/person\/image\/\",\"url\":\"https:\/\/secure.gravatar.com\/avatar\/1a0d93e6db5dbe7dac96bae4757d256f?s=96&d=mm&r=g\",\"contentUrl\":\"https:\/\/secure.gravatar.com\/avatar\/1a0d93e6db5dbe7dac96bae4757d256f?s=96&d=mm&r=g\",\"caption\":\"Gestions hospitali\u00e8res\"},\"url\":\"https:\/\/www.ricom-web8.com\/gestions\/author\/benjamin\/\"}]}<\/script>\n<!-- \/ Yoast SEO plugin. -->","yoast_head_json":{"title":"De l'activit\u00e9 physique adapt\u00e9e en p\u00e9diatrie avec l\u2019association \u00ab\u2009Du sport et plus\u2009\u00bb - Gestions hospitali\u00e8res","robots":{"index":"index","follow":"follow","max-snippet":"max-snippet:-1","max-image-preview":"max-image-preview:large","max-video-preview":"max-video-preview:-1"},"canonical":"https:\/\/www.ricom-web8.com\/gestions\/de-lactivite-physique-adaptee-en-pediatrie-avec-lassociation-du-sport-et-plus\/","og_locale":"fr_FR","og_type":"article","og_title":"De l'activit\u00e9 physique adapt\u00e9e en p\u00e9diatrie avec l\u2019association \u00ab\u2009Du sport et plus\u2009\u00bb - Gestions hospitali\u00e8res","og_description":"Temps de lecture\u00a0:  &lt;\u00a01 minuteDepuis onze ans, l\u2019association \u00ab\u2009Du sport et plus\u2009\u00bb \u0153uvre pour am\u00e9liorer le quotidien des enfants hospitalis\u00e9s gr\u00e2ce au sport. Plus d\u2019une trentaine de services p\u00e9diatriques en France b\u00e9n\u00e9ficient aujourd&#8217;hui des actions de cette organisation, ce qui repr\u00e9sente plus de 20\u2009000 enfants malades soutenus tout au long de l\u2019ann\u00e9e. \u00c0 la demande de diff\u00e9rentes \u00e9quipes soignantes, l\u2019association \u00ab\u2009Du sport et plus\u2009\u00bb a cr\u00e9\u00e9 en 2021 le programme \u00ab\u2009Activit\u00e9 physique adapt\u00e9e en&hellip;","og_url":"https:\/\/www.ricom-web8.com\/gestions\/de-lactivite-physique-adaptee-en-pediatrie-avec-lassociation-du-sport-et-plus\/","og_site_name":"Gestions hospitali\u00e8res","article_publisher":"https:\/\/www.facebook.com\/gestionshospitalieres\/","article_published_time":"2024-05-01T10:56:07+00:00","article_modified_time":"2024-06-17T08:28:07+00:00","og_image":[{"url":"https:\/\/gestions-hospitalieres.fr\/wp-content\/uploads\/2024\/06\/Visuel-APA-05c-300x300.jpg","type":"","width":"","height":""}],"author":"Gestions hospitali\u00e8res","twitter_card":"summary_large_image","twitter_creator":"@revue_GH","twitter_site":"@revue_GH","twitter_misc":{"\u00c9crit par":"Gestions hospitali\u00e8res","Dur\u00e9e de lecture estim\u00e9e":"2 minutes"},"schema":{"@context":"https:\/\/schema.org","@graph":[{"@type":"Article","@id":"https:\/\/www.ricom-web8.com\/gestions\/de-lactivite-physique-adaptee-en-pediatrie-avec-lassociation-du-sport-et-plus\/#article","isPartOf":{"@id":"https:\/\/www.ricom-web8.com\/gestions\/de-lactivite-physique-adaptee-en-pediatrie-avec-lassociation-du-sport-et-plus\/"},"author":{"name":"Gestions hospitali\u00e8res","@id":"https:\/\/www.ricom-web8.com\/gestions\/#\/schema\/person\/3ba9fe913190dfe9507feb621e902c1f"},"headline":"De l&#8217;activit\u00e9 physique adapt\u00e9e en p\u00e9diatrie avec l\u2019association \u00ab\u2009Du sport et plus\u2009\u00bb","datePublished":"2024-05-01T10:56:07+00:00","dateModified":"2024-06-17T08:28:07+00:00","mainEntityOfPage":{"@id":"https:\/\/www.ricom-web8.com\/gestions\/de-lactivite-physique-adaptee-en-pediatrie-avec-lassociation-du-sport-et-plus\/"},"wordCount":280,"publisher":{"@id":"https:\/\/www.ricom-web8.com\/gestions\/#organization"},"image":{"@id":"https:\/\/www.ricom-web8.com\/gestions\/de-lactivite-physique-adaptee-en-pediatrie-avec-lassociation-du-sport-et-plus\/#primaryimage"},"thumbnailUrl":"https:\/\/gestions-hospitalieres.fr\/wp-content\/uploads\/2024\/06\/Visuel-APA-05c-300x300.jpg","articleSection":["dossier","Gestions Hospitali\u00e8res"],"inLanguage":"fr-FR"},{"@type":"WebPage","@id":"https:\/\/www.ricom-web8.com\/gestions\/de-lactivite-physique-adaptee-en-pediatrie-avec-lassociation-du-sport-et-plus\/","url":"https:\/\/www.ricom-web8.com\/gestions\/de-lactivite-physique-adaptee-en-pediatrie-avec-lassociation-du-sport-et-plus\/","name":"De l'activit\u00e9 physique adapt\u00e9e en p\u00e9diatrie avec l\u2019association \u00ab\u2009Du sport et plus\u2009\u00bb - Gestions hospitali\u00e8res","isPartOf":{"@id":"https:\/\/www.ricom-web8.com\/gestions\/#website"},"primaryImageOfPage":{"@id":"https:\/\/www.ricom-web8.com\/gestions\/de-lactivite-physique-adaptee-en-pediatrie-avec-lassociation-du-sport-et-plus\/#primaryimage"},"image":{"@id":"https:\/\/www.ricom-web8.com\/gestions\/de-lactivite-physique-adaptee-en-pediatrie-avec-lassociation-du-sport-et-plus\/#primaryimage"},"thumbnailUrl":"https:\/\/gestions-hospitalieres.fr\/wp-content\/uploads\/2024\/06\/Visuel-APA-05c-300x300.jpg","datePublished":"2024-05-01T10:56:07+00:00","dateModified":"2024-06-17T08:28:07+00:00","breadcrumb":{"@id":"https:\/\/www.ricom-web8.com\/gestions\/de-lactivite-physique-adaptee-en-pediatrie-avec-lassociation-du-sport-et-plus\/#breadcrumb"},"inLanguage":"fr-FR","potentialAction":[{"@type":"ReadAction","target":["https:\/\/www.ricom-web8.com\/gestions\/de-lactivite-physique-adaptee-en-pediatrie-avec-lassociation-du-sport-et-plus\/"]}]},{"@type":"ImageObject","inLanguage":"fr-FR","@id":"https:\/\/www.ricom-web8.com\/gestions\/de-lactivite-physique-adaptee-en-pediatrie-avec-lassociation-du-sport-et-plus\/#primaryimage","url":"https:\/\/gestions-hospitalieres.fr\/wp-content\/uploads\/2024\/06\/Visuel-APA-05c-300x300.jpg","contentUrl":"https:\/\/gestions-hospitalieres.fr\/wp-content\/uploads\/2024\/06\/Visuel-APA-05c-300x300.jpg"},{"@type":"BreadcrumbList","@id":"https:\/\/www.ricom-web8.com\/gestions\/de-lactivite-physique-adaptee-en-pediatrie-avec-lassociation-du-sport-et-plus\/#breadcrumb","itemListElement":[{"@type":"ListItem","position":1,"name":"Accueil","item":"https:\/\/www.ricom-web8.com\/gestions\/"},{"@type":"ListItem","position":2,"name":"De l&#8217;activit\u00e9 physique adapt\u00e9e en p\u00e9diatrie avec l\u2019association \u00ab\u2009Du sport et plus\u2009\u00bb"}]},{"@type":"WebSite","@id":"https:\/\/www.ricom-web8.com\/gestions\/#website","url":"https:\/\/www.ricom-web8.com\/gestions\/","name":"Gestions hospitali\u00e8res","description":"la revue des d\u00e9cideurs hospitaliers","publisher":{"@id":"https:\/\/www.ricom-web8.com\/gestions\/#organization"},"potentialAction":[{"@type":"SearchAction","target":{"@type":"EntryPoint","urlTemplate":"https:\/\/www.ricom-web8.com\/gestions\/?s={search_term_string}"},"query-input":{"@type":"PropertyValueSpecification","valueRequired":true,"valueName":"search_term_string"}}],"inLanguage":"fr-FR"},{"@type":"Organization","@id":"https:\/\/www.ricom-web8.com\/gestions\/#organization","name":"Gestions hospitali\u00e8res","url":"https:\/\/www.ricom-web8.com\/gestions\/","logo":{"@type":"ImageObject","inLanguage":"fr-FR","@id":"https:\/\/www.ricom-web8.com\/gestions\/#\/schema\/logo\/image\/","url":"https:\/\/gestions-hospitalieres.fr\/wp-content\/uploads\/2017\/02\/picto_Gif-GH-trans.png","contentUrl":"https:\/\/gestions-hospitalieres.fr\/wp-content\/uploads\/2017\/02\/picto_Gif-GH-trans.png","width":512,"height":512,"caption":"Gestions hospitali\u00e8res"},"image":{"@id":"https:\/\/www.ricom-web8.com\/gestions\/#\/schema\/logo\/image\/"},"sameAs":["https:\/\/www.facebook.com\/gestionshospitalieres\/","https:\/\/x.com\/revue_GH","https:\/\/www.linkedin.com\/company\/gestions-hospitalieres?trk=top_nav_home"]},{"@type":"Person","@id":"https:\/\/www.ricom-web8.com\/gestions\/#\/schema\/person\/3ba9fe913190dfe9507feb621e902c1f","name":"Gestions hospitali\u00e8res","image":{"@type":"ImageObject","inLanguage":"fr-FR","@id":"https:\/\/www.ricom-web8.com\/gestions\/#\/schema\/person\/image\/","url":"https:\/\/secure.gravatar.com\/avatar\/1a0d93e6db5dbe7dac96bae4757d256f?s=96&d=mm&r=g","contentUrl":"https:\/\/secure.gravatar.com\/avatar\/1a0d93e6db5dbe7dac96bae4757d256f?s=96&d=mm&r=g","caption":"Gestions hospitali\u00e8res"},"url":"https:\/\/www.ricom-web8.com\/gestions\/author\/benjamin\/"}]}},"_links":{"self":[{"href":"https:\/\/www.ricom-web8.com\/gestions\/wp-json\/wp\/v2\/posts\/48362","targetHints":{"allow":["GET"]}}],"collection":[{"href":"https:\/\/www.ricom-web8.com\/gestions\/wp-json\/wp\/v2\/posts"}],"about":[{"href":"https:\/\/www.ricom-web8.com\/gestions\/wp-json\/wp\/v2\/types\/post"}],"author":[{"embeddable":true,"href":"https:\/\/www.ricom-web8.com\/gestions\/wp-json\/wp\/v2\/users\/23133"}],"replies":[{"embeddable":true,"href":"https:\/\/www.ricom-web8.com\/gestions\/wp-json\/wp\/v2\/comments?post=48362"}],"version-history":[{"count":1,"href":"https:\/\/www.ricom-web8.com\/gestions\/wp-json\/wp\/v2\/posts\/48362\/revisions"}],"predecessor-version":[{"id":48365,"href":"https:\/\/www.ricom-web8.com\/gestions\/wp-json\/wp\/v2\/posts\/48362\/revisions\/48365"}],"wp:attachment":[{"href":"https:\/\/www.ricom-web8.com\/gestions\/wp-json\/wp\/v2\/media?parent=48362"}],"wp:term":[{"taxonomy":"category","embeddable":true,"href":"https:\/\/www.ricom-web8.com\/gestions\/wp-json\/wp\/v2\/categories?post=48362"},{"taxonomy":"post_tag","embeddable":true,"href":"https:\/\/www.ricom-web8.com\/gestions\/wp-json\/wp\/v2\/tags?post=48362"}],"curies":[{"name":"wp","href":"https:\/\/api.w.org\/{rel}","templated":true}]}}