

{"id":48406,"date":"2024-05-01T20:52:45","date_gmt":"2024-05-01T18:52:45","guid":{"rendered":"https:\/\/gestions-hospitalieres.fr\/?p=48406"},"modified":"2024-06-17T10:27:11","modified_gmt":"2024-06-17T08:27:11","slug":"sport-et-sante-connectes","status":"publish","type":"post","link":"https:\/\/www.ricom-web8.com\/gestions\/sport-et-sante-connectes\/","title":{"rendered":"Sport et sant\u00e9 connect\u00e9s"},"content":{"rendered":"<span class=\"span-reading-time rt-reading-time\" style=\"display: block;\"><span class=\"rt-label rt-prefix\">Temps de lecture\u00a0: <\/span> <span class=\"rt-time\"> 4<\/span> <span class=\"rt-label rt-postfix\">minutes<\/span><\/span><p>Le monde du sport est de plus en plus exigeant pour ses athl\u00e8tes. Repousser ses limites pour aller plus loin, plus haut ou plus vite met \u00e0 mal l\u2019organisme \u00e0 court, moyen et plus long termes.<span class=\"Apple-converted-space\">\u00a0<\/span><\/p>\n<p>L\u2019encadrement m\u00e9dical qui accompagne ces grands sportifs tout au long de leur carri\u00e8re ne peut assurer le \u00ab\u2009service apr\u00e8s-vente\u2009\u00bb lorsqu\u2019ils reprennent une vie normale et qu\u2019ils se r\u00e9f\u00e8rent \u00e0 leur m\u00e9decin traitant. Surcharge d\u2019entra\u00eenement, contraintes pond\u00e9rales ou morphologiques, souffrances psychologiques et autres traitements justifient en effet un suivi m\u00e9dical au long cours que l\u2019organisation actuelle du sport n\u2019est malheureusement pas en mesure d\u2019assurer.<span class=\"Apple-converted-space\">\u00a0<\/span><\/p>\n<p>Mais si notre m\u00e9decine sportive fran\u00e7aise est \u00e0 l\u2019avant-garde, sous la conduite des soci\u00e9t\u00e9s savantes telles que la Soci\u00e9t\u00e9 fran\u00e7aise de la m\u00e9decine et de l&#8217;expertise du sport (SFMES) et la Soci\u00e9t\u00e9 fran\u00e7aise de traumatologie du sport (SFTS), nous connaissons de s\u00e9rieuses difficult\u00e9s \u00e0 la transmettre aux m\u00e9decins qui sont au plus pr\u00e8s des patients, pourtant confront\u00e9s \u00e0 \u00e9tablir des certificats de non-contre-indication \u00e0 des pratiques comp\u00e9titives comme \u00e0 prescrire une activit\u00e9 physique document\u00e9e et adapt\u00e9e aux besoins de leurs patients atteints d\u2019affections de longue dur\u00e9e (ALD). <span class=\"Apple-converted-space\">\u00a0<\/span><\/p>\n<p>D\u2019importants travaux ont \u00e9t\u00e9 men\u00e9s pour transmettre ce savoir aux m\u00e9decins traitants\u2009: le M\u00e9dicoSport-Sant\u00e9, d\u00e9velopp\u00e9 r\u00e9cemment par le Comit\u00e9 national olympique et sportif fran\u00e7ais (CNOSF) leur en facilite l\u2019acquisition, au terme cependant d\u2019une recherche malheureusement peu compatible avec le flux de leurs consultations\u2009<sup>(1)<\/sup>.<span class=\"Apple-converted-space\">\u00a0<\/span><\/p>\n<p>Ancien athl\u00e8te olympique et issu d\u2019une famille de praticiens, je me suis tr\u00e8s t\u00f4t interrog\u00e9 sur le suivi post-carri\u00e8re des athl\u00e8tes. Mon p\u00e8re, m\u00e9decin sans doute un peu vieux jeu, portait un jugement s\u00e9v\u00e8re sur nos pratiques. Consacrant une part non n\u00e9gligeable de son temps \u00e0 soigner nos blessures ou celles occasionn\u00e9es par la pratique sportive de ses patients, son regard ne se portait pas sur les effets qu\u2019occasionneraient nos exc\u00e8s et moins encore sur les effets d\u2019une s\u00e9dentarit\u00e9 que leur \u00e9poque ne permettait pas d\u2019anticiper.<\/p>\n<p>Deux constats se posent aujourd\u2019hui\u2009:<span class=\"Apple-converted-space\">\u00a0<\/span><\/p>\n<ul>\n<li>comment pr\u00e9munir nos jeunes champions contre des pratiques sportives inad\u00e9quates si nous ne savons pas ce qu\u2019ils deviennent 20 ou 30\u00a0ans plus tard\u2009?<span class=\"Apple-converted-space\">\u00a0<\/span><\/li>\n<li>comment repousser les effets de nos modes de vie moderne si nous ne disposons pas de solutions d\u2019accueil adapt\u00e9es \u00e0 des profils fragiles\u2009?<span class=\"Apple-converted-space\">\u00a0<\/span><\/li>\n<\/ul>\n<p>La pratique sportive intensive, au m\u00eame titre que la s\u00e9dentarit\u00e9 ou le manque d\u2019activit\u00e9 physique pour certains, induit des effets \u00e0 plus ou moins long terme que nous sommes tenus de mieux appr\u00e9hender. Pour y parvenir, m\u00e9decins, kin\u00e9sith\u00e9rapeutes, nutritionnistes et \u00e9ducateurs sportifs doivent pouvoir coordonner leurs actions et interagir au service d\u2019une activit\u00e9 physique adapt\u00e9e (APA) \u00e0 chacun.<span class=\"Apple-converted-space\">\u00a0<\/span><\/p>\n<h1>Vers une interaction suivie des acteurs<span class=\"Apple-converted-space\">\u00a0<\/span><\/h1>\n<p>Les athl\u00e8tes, sans doute plus t\u00f4t que d\u2019autres professionnels, connaissent des changements rapides d\u2019environnement et de statut. Mutations et pluralit\u00e9 des intervenants qui se succ\u00e8dent \u00e0 leur chevet justifient le d\u00e9ploiement d\u2019une plateforme num\u00e9rique universelle et accessible \u00e0 tous. Il en est de m\u00eame pour les patients qui doivent inscrire l\u2019activit\u00e9 physique dans leur parcours de soin.<\/p>\n<p>Entra\u00eeneurs et \u00e9ducateurs en APA doivent ainsi pouvoir acc\u00e9der aux recommandations m\u00e9dicales pour optimiser leur encadrement et interagir avec le corps m\u00e9dical pour en suivre les effets.<span class=\"Apple-converted-space\">\u00a0 \u00a0<\/span><\/p>\n<p>La r\u00e9ciproque est donc tout aussi importante. Qu\u2019il s\u2019agisse de pr\u00e9venir les risques d\u2019une pratique sportive trop intensive ou d\u2019adapter les traitements th\u00e9rapeutiques d\u2019un patient en ALD, m\u00e9decins, kin\u00e9sith\u00e9rapeutes et \u00e9ducateurs doivent pouvoir partager leurs observations au profit d\u2019une activit\u00e9 durable et bienfaitrice pour tous.<\/p>\n<h1>Mon bilan sport-sant\u00e9<\/h1>\n<h2>Un dossier m\u00e9dical compartiment\u00e9<\/h2>\n<p>D\u2019anciens athl\u00e8tes et m\u00e9decins du sport se sont ainsi mobilis\u00e9s pour rapprocher leurs univers et leurs efforts se sont port\u00e9s sur la cr\u00e9ation d&#8217;un dossier m\u00e9dico-sportif num\u00e9rique compartiment\u00e9 en fonction des droits et des besoins des professionnels concern\u00e9s pour faciliter et s\u00e9curiser leurs interactions\u2009: Mon bilan sport-sant\u00e9.<span class=\"Apple-converted-space\">\u00a0<\/span><\/p>\n<p>H\u00e9berg\u00e9 en donn\u00e9es de sant\u00e9 HDS, ce dossier interactif permet \u00e0 tous les professionnels choisis par le patient lui-m\u00eame d\u2019acc\u00e9der aux informations n\u00e9cessaires \u00e0 l\u2019optimisation de leurs interventions respectives et d\u2019y consigner leurs commentaires et le r\u00e9sultat de leurs tests.<\/p>\n<p>Ce dossier \u00e9tant cloisonn\u00e9 en fonction des droits consentis selon le statut professionnel de son utilisateur, la d\u00e9ontologie m\u00e9dicale peut \u00eatre scrupuleusement respect\u00e9e. Ainsi, un m\u00e9decin acc\u00e8de \u00e0 l\u2019int\u00e9gralit\u00e9 du dossier m\u00e9dico-sportif tandis qu\u2019un professionnel de l\u2019activit\u00e9 physique n\u2019acc\u00e8de qu\u2019\u00e0 la recommandation m\u00e9dicale \u00e9tablie par le m\u00e9decin prescripteur, ainsi qu\u2019au suivi de ses performances physiques.<span class=\"Apple-converted-space\">\u00a0<\/span><\/p>\n<h2>Un outil de r\u00e9f\u00e9rencement in\u00e9dit<\/h2>\n<p>La seconde composante indispensable \u00e0 ce d\u00e9fi est le r\u00e9f\u00e9rencement des professionnels sur le terrain.<span class=\"Apple-converted-space\">\u00a0 <\/span>Les internautes comme les professionnels doivent pouvoir disposer d\u2019un maillage suffisamment dense pour r\u00e9pondre \u00e0 la diversit\u00e9 des besoins et des profils.<span class=\"Apple-converted-space\">\u00a0<\/span><\/p>\n<p>Au-del\u00e0 du dossier m\u00e9dical, cette plateforme permet aux professionnels qui s\u2019y r\u00e9f\u00e9rencent d\u2019administrer leurs informations et de g\u00e9olocaliser leurs installations sur des cartes interactives. En reliant leurs profils, m\u00e9decins, param\u00e9dicaux, maisons sport sant\u00e9, clubs et \u00e9ducateurs sportifs peuvent coordonner leurs actions au plus pr\u00e8s des patients.<\/p>\n<h2>Un engagement soci\u00e9tal important<\/h2>\n<p>La g\u00e9n\u00e9ralisation de l\u2019activit\u00e9 physique et le renforcement de la pr\u00e9vention constituent des \u00e9l\u00e9ments importants pour l\u2019avenir d\u2019un syst\u00e8me de sant\u00e9 menac\u00e9 par la s\u00e9dentarit\u00e9 et le vieillissement de nos populations. Face \u00e0 cette urgence, il importe de d\u00e9cupler nos efforts pour mobiliser les forces en pr\u00e9sence et de constituer les relais qui nous permettront de promouvoir les enjeux d\u2019une telle d\u00e9marche.<span class=\"Apple-converted-space\">\u00a0<\/span><\/p>\n<p>Mis \u00e0 la disposition des professionnels avec le soutien de la d\u00e9l\u00e9gation r\u00e9gionale acad\u00e9mique \u00e0 la jeunesse, \u00e0 l\u2019engagement et aux sports (Drajes) \u00cele-de-France, Mon bilan sport-sant\u00e9 f\u00e9d\u00e8re d\u2019ores et d\u00e9j\u00e0 plus de 4\u2009500 utilisateurs en France m\u00e9tropolitaine et outre-mer. Au c\u0153ur du dispositif Prescri\u2019Forme en \u00cele-de-France, son mod\u00e8le fait aujourd\u2019hui r\u00e9f\u00e9rence sur l\u2019ensemble du territoire, o\u00f9 sa singularit\u00e9, son ergonomie et sa pertinence d\u00e9montrent que sport et sant\u00e9 peuvent enfin se parler\u2009!<\/p>\n<script>function PlayerjsAsync(){} if(window[\"Playerjs\"]){PlayerjsAsync();}<\/script>","protected":false},"excerpt":{"rendered":"<p><span class=\"span-reading-time rt-reading-time\" style=\"display: block;\"><span class=\"rt-label rt-prefix\">Temps de lecture\u00a0: <\/span> <span class=\"rt-time\"> 4<\/span> <span class=\"rt-label rt-postfix\">minutes<\/span><\/span>Le monde du sport est de plus en plus exigeant pour ses athl\u00e8tes. Repousser ses limites pour aller plus loin, plus haut ou plus vite met \u00e0 mal l\u2019organisme \u00e0 court, moyen et plus long termes.\u00a0 L\u2019encadrement m\u00e9dical qui accompagne ces grands sportifs tout au long de leur carri\u00e8re ne peut assurer le \u00ab\u2009service apr\u00e8s-vente\u2009\u00bb lorsqu\u2019ils reprennent une vie normale et qu\u2019ils se r\u00e9f\u00e8rent \u00e0 leur m\u00e9decin traitant. Surcharge d\u2019entra\u00eenement,&hellip; <\/p>\n","protected":false},"author":23133,"featured_media":0,"comment_status":"closed","ping_status":"closed","sticky":false,"template":"","format":"standard","meta":{"_acf_changed":false,"_relevanssi_hide_post":"","_relevanssi_hide_content":"","_relevanssi_pin_for_all":"","_relevanssi_pin_keywords":"","_relevanssi_unpin_keywords":"","_relevanssi_related_keywords":"","_relevanssi_related_include_ids":"","_relevanssi_related_exclude_ids":"","_relevanssi_related_no_append":"","_relevanssi_related_not_related":"","_relevanssi_related_posts":"","_relevanssi_noindex_reason":"","footnotes":""},"categories":[26,2],"tags":[10278,10310,619,10311,7726],"class_list":["post-48406","post","type-post","status-publish","format-standard","hentry","category-dossier","category-gestions-hospitalieres","tag-activite-physique-adaptee","tag-application","tag-dossier-medical","tag-mon-bilan-sport-sante","tag-sport-sante"],"acf":[],"yoast_head":"<!-- This site is optimized with the Yoast SEO plugin v24.8.1 - https:\/\/yoast.com\/wordpress\/plugins\/seo\/ -->\n<title>Sport et sant\u00e9 connect\u00e9s - Gestions hospitali\u00e8res<\/title>\n<meta name=\"robots\" content=\"index, follow, max-snippet:-1, max-image-preview:large, max-video-preview:-1\" \/>\n<link rel=\"canonical\" href=\"https:\/\/www.ricom-web8.com\/gestions\/sport-et-sante-connectes\/\" \/>\n<meta property=\"og:locale\" content=\"fr_FR\" \/>\n<meta property=\"og:type\" content=\"article\" \/>\n<meta property=\"og:title\" content=\"Sport et sant\u00e9 connect\u00e9s - Gestions hospitali\u00e8res\" \/>\n<meta property=\"og:description\" content=\"Temps de lecture\u00a0:  4 minutesLe monde du sport est de plus en plus exigeant pour ses athl\u00e8tes. Repousser ses limites pour aller plus loin, plus haut ou plus vite met \u00e0 mal l\u2019organisme \u00e0 court, moyen et plus long termes.\u00a0 L\u2019encadrement m\u00e9dical qui accompagne ces grands sportifs tout au long de leur carri\u00e8re ne peut assurer le \u00ab\u2009service apr\u00e8s-vente\u2009\u00bb lorsqu\u2019ils reprennent une vie normale et qu\u2019ils se r\u00e9f\u00e8rent \u00e0 leur m\u00e9decin traitant. Surcharge d\u2019entra\u00eenement,&hellip;\" \/>\n<meta property=\"og:url\" content=\"https:\/\/www.ricom-web8.com\/gestions\/sport-et-sante-connectes\/\" \/>\n<meta property=\"og:site_name\" content=\"Gestions hospitali\u00e8res\" \/>\n<meta property=\"article:publisher\" content=\"https:\/\/www.facebook.com\/gestionshospitalieres\/\" \/>\n<meta property=\"article:published_time\" content=\"2024-05-01T18:52:45+00:00\" \/>\n<meta property=\"article:modified_time\" content=\"2024-06-17T08:27:11+00:00\" \/>\n<meta name=\"author\" content=\"Gestions hospitali\u00e8res\" \/>\n<meta name=\"twitter:card\" content=\"summary_large_image\" \/>\n<meta name=\"twitter:creator\" content=\"@revue_GH\" \/>\n<meta name=\"twitter:site\" content=\"@revue_GH\" \/>\n<meta name=\"twitter:label1\" content=\"\u00c9crit par\" \/>\n\t<meta name=\"twitter:data1\" content=\"Gestions hospitali\u00e8res\" \/>\n\t<meta name=\"twitter:label2\" content=\"Dur\u00e9e de lecture estim\u00e9e\" \/>\n\t<meta name=\"twitter:data2\" content=\"5 minutes\" \/>\n<script type=\"application\/ld+json\" class=\"yoast-schema-graph\">{\"@context\":\"https:\/\/schema.org\",\"@graph\":[{\"@type\":\"Article\",\"@id\":\"https:\/\/www.ricom-web8.com\/gestions\/sport-et-sante-connectes\/#article\",\"isPartOf\":{\"@id\":\"https:\/\/www.ricom-web8.com\/gestions\/sport-et-sante-connectes\/\"},\"author\":{\"name\":\"Gestions hospitali\u00e8res\",\"@id\":\"https:\/\/www.ricom-web8.com\/gestions\/#\/schema\/person\/3ba9fe913190dfe9507feb621e902c1f\"},\"headline\":\"Sport et sant\u00e9 connect\u00e9s\",\"datePublished\":\"2024-05-01T18:52:45+00:00\",\"dateModified\":\"2024-06-17T08:27:11+00:00\",\"mainEntityOfPage\":{\"@id\":\"https:\/\/www.ricom-web8.com\/gestions\/sport-et-sante-connectes\/\"},\"wordCount\":1106,\"publisher\":{\"@id\":\"https:\/\/www.ricom-web8.com\/gestions\/#organization\"},\"keywords\":[\"activit\u00e9 physique adapt\u00e9e\",\"application\",\"dossier m\u00e9dical\",\"mon bilan sport-sant\u00e9\",\"sport sant\u00e9\"],\"articleSection\":[\"dossier\",\"Gestions Hospitali\u00e8res\"],\"inLanguage\":\"fr-FR\"},{\"@type\":\"WebPage\",\"@id\":\"https:\/\/www.ricom-web8.com\/gestions\/sport-et-sante-connectes\/\",\"url\":\"https:\/\/www.ricom-web8.com\/gestions\/sport-et-sante-connectes\/\",\"name\":\"Sport et sant\u00e9 connect\u00e9s - Gestions hospitali\u00e8res\",\"isPartOf\":{\"@id\":\"https:\/\/www.ricom-web8.com\/gestions\/#website\"},\"datePublished\":\"2024-05-01T18:52:45+00:00\",\"dateModified\":\"2024-06-17T08:27:11+00:00\",\"breadcrumb\":{\"@id\":\"https:\/\/www.ricom-web8.com\/gestions\/sport-et-sante-connectes\/#breadcrumb\"},\"inLanguage\":\"fr-FR\",\"potentialAction\":[{\"@type\":\"ReadAction\",\"target\":[\"https:\/\/www.ricom-web8.com\/gestions\/sport-et-sante-connectes\/\"]}]},{\"@type\":\"BreadcrumbList\",\"@id\":\"https:\/\/www.ricom-web8.com\/gestions\/sport-et-sante-connectes\/#breadcrumb\",\"itemListElement\":[{\"@type\":\"ListItem\",\"position\":1,\"name\":\"Accueil\",\"item\":\"https:\/\/www.ricom-web8.com\/gestions\/\"},{\"@type\":\"ListItem\",\"position\":2,\"name\":\"Sport et sant\u00e9 connect\u00e9s\"}]},{\"@type\":\"WebSite\",\"@id\":\"https:\/\/www.ricom-web8.com\/gestions\/#website\",\"url\":\"https:\/\/www.ricom-web8.com\/gestions\/\",\"name\":\"Gestions hospitali\u00e8res\",\"description\":\"la revue des d\u00e9cideurs hospitaliers\",\"publisher\":{\"@id\":\"https:\/\/www.ricom-web8.com\/gestions\/#organization\"},\"potentialAction\":[{\"@type\":\"SearchAction\",\"target\":{\"@type\":\"EntryPoint\",\"urlTemplate\":\"https:\/\/www.ricom-web8.com\/gestions\/?s={search_term_string}\"},\"query-input\":{\"@type\":\"PropertyValueSpecification\",\"valueRequired\":true,\"valueName\":\"search_term_string\"}}],\"inLanguage\":\"fr-FR\"},{\"@type\":\"Organization\",\"@id\":\"https:\/\/www.ricom-web8.com\/gestions\/#organization\",\"name\":\"Gestions hospitali\u00e8res\",\"url\":\"https:\/\/www.ricom-web8.com\/gestions\/\",\"logo\":{\"@type\":\"ImageObject\",\"inLanguage\":\"fr-FR\",\"@id\":\"https:\/\/www.ricom-web8.com\/gestions\/#\/schema\/logo\/image\/\",\"url\":\"https:\/\/gestions-hospitalieres.fr\/wp-content\/uploads\/2017\/02\/picto_Gif-GH-trans.png\",\"contentUrl\":\"https:\/\/gestions-hospitalieres.fr\/wp-content\/uploads\/2017\/02\/picto_Gif-GH-trans.png\",\"width\":512,\"height\":512,\"caption\":\"Gestions hospitali\u00e8res\"},\"image\":{\"@id\":\"https:\/\/www.ricom-web8.com\/gestions\/#\/schema\/logo\/image\/\"},\"sameAs\":[\"https:\/\/www.facebook.com\/gestionshospitalieres\/\",\"https:\/\/x.com\/revue_GH\",\"https:\/\/www.linkedin.com\/company\/gestions-hospitalieres?trk=top_nav_home\"]},{\"@type\":\"Person\",\"@id\":\"https:\/\/www.ricom-web8.com\/gestions\/#\/schema\/person\/3ba9fe913190dfe9507feb621e902c1f\",\"name\":\"Gestions hospitali\u00e8res\",\"image\":{\"@type\":\"ImageObject\",\"inLanguage\":\"fr-FR\",\"@id\":\"https:\/\/www.ricom-web8.com\/gestions\/#\/schema\/person\/image\/\",\"url\":\"https:\/\/secure.gravatar.com\/avatar\/1a0d93e6db5dbe7dac96bae4757d256f?s=96&d=mm&r=g\",\"contentUrl\":\"https:\/\/secure.gravatar.com\/avatar\/1a0d93e6db5dbe7dac96bae4757d256f?s=96&d=mm&r=g\",\"caption\":\"Gestions hospitali\u00e8res\"},\"url\":\"https:\/\/www.ricom-web8.com\/gestions\/author\/benjamin\/\"}]}<\/script>\n<!-- \/ Yoast SEO plugin. -->","yoast_head_json":{"title":"Sport et sant\u00e9 connect\u00e9s - Gestions hospitali\u00e8res","robots":{"index":"index","follow":"follow","max-snippet":"max-snippet:-1","max-image-preview":"max-image-preview:large","max-video-preview":"max-video-preview:-1"},"canonical":"https:\/\/www.ricom-web8.com\/gestions\/sport-et-sante-connectes\/","og_locale":"fr_FR","og_type":"article","og_title":"Sport et sant\u00e9 connect\u00e9s - Gestions hospitali\u00e8res","og_description":"Temps de lecture\u00a0:  4 minutesLe monde du sport est de plus en plus exigeant pour ses athl\u00e8tes. Repousser ses limites pour aller plus loin, plus haut ou plus vite met \u00e0 mal l\u2019organisme \u00e0 court, moyen et plus long termes.\u00a0 L\u2019encadrement m\u00e9dical qui accompagne ces grands sportifs tout au long de leur carri\u00e8re ne peut assurer le \u00ab\u2009service apr\u00e8s-vente\u2009\u00bb lorsqu\u2019ils reprennent une vie normale et qu\u2019ils se r\u00e9f\u00e8rent \u00e0 leur m\u00e9decin traitant. Surcharge d\u2019entra\u00eenement,&hellip;","og_url":"https:\/\/www.ricom-web8.com\/gestions\/sport-et-sante-connectes\/","og_site_name":"Gestions hospitali\u00e8res","article_publisher":"https:\/\/www.facebook.com\/gestionshospitalieres\/","article_published_time":"2024-05-01T18:52:45+00:00","article_modified_time":"2024-06-17T08:27:11+00:00","author":"Gestions hospitali\u00e8res","twitter_card":"summary_large_image","twitter_creator":"@revue_GH","twitter_site":"@revue_GH","twitter_misc":{"\u00c9crit par":"Gestions hospitali\u00e8res","Dur\u00e9e de lecture estim\u00e9e":"5 minutes"},"schema":{"@context":"https:\/\/schema.org","@graph":[{"@type":"Article","@id":"https:\/\/www.ricom-web8.com\/gestions\/sport-et-sante-connectes\/#article","isPartOf":{"@id":"https:\/\/www.ricom-web8.com\/gestions\/sport-et-sante-connectes\/"},"author":{"name":"Gestions hospitali\u00e8res","@id":"https:\/\/www.ricom-web8.com\/gestions\/#\/schema\/person\/3ba9fe913190dfe9507feb621e902c1f"},"headline":"Sport et sant\u00e9 connect\u00e9s","datePublished":"2024-05-01T18:52:45+00:00","dateModified":"2024-06-17T08:27:11+00:00","mainEntityOfPage":{"@id":"https:\/\/www.ricom-web8.com\/gestions\/sport-et-sante-connectes\/"},"wordCount":1106,"publisher":{"@id":"https:\/\/www.ricom-web8.com\/gestions\/#organization"},"keywords":["activit\u00e9 physique adapt\u00e9e","application","dossier m\u00e9dical","mon bilan sport-sant\u00e9","sport sant\u00e9"],"articleSection":["dossier","Gestions Hospitali\u00e8res"],"inLanguage":"fr-FR"},{"@type":"WebPage","@id":"https:\/\/www.ricom-web8.com\/gestions\/sport-et-sante-connectes\/","url":"https:\/\/www.ricom-web8.com\/gestions\/sport-et-sante-connectes\/","name":"Sport et sant\u00e9 connect\u00e9s - Gestions hospitali\u00e8res","isPartOf":{"@id":"https:\/\/www.ricom-web8.com\/gestions\/#website"},"datePublished":"2024-05-01T18:52:45+00:00","dateModified":"2024-06-17T08:27:11+00:00","breadcrumb":{"@id":"https:\/\/www.ricom-web8.com\/gestions\/sport-et-sante-connectes\/#breadcrumb"},"inLanguage":"fr-FR","potentialAction":[{"@type":"ReadAction","target":["https:\/\/www.ricom-web8.com\/gestions\/sport-et-sante-connectes\/"]}]},{"@type":"BreadcrumbList","@id":"https:\/\/www.ricom-web8.com\/gestions\/sport-et-sante-connectes\/#breadcrumb","itemListElement":[{"@type":"ListItem","position":1,"name":"Accueil","item":"https:\/\/www.ricom-web8.com\/gestions\/"},{"@type":"ListItem","position":2,"name":"Sport et sant\u00e9 connect\u00e9s"}]},{"@type":"WebSite","@id":"https:\/\/www.ricom-web8.com\/gestions\/#website","url":"https:\/\/www.ricom-web8.com\/gestions\/","name":"Gestions hospitali\u00e8res","description":"la revue des d\u00e9cideurs hospitaliers","publisher":{"@id":"https:\/\/www.ricom-web8.com\/gestions\/#organization"},"potentialAction":[{"@type":"SearchAction","target":{"@type":"EntryPoint","urlTemplate":"https:\/\/www.ricom-web8.com\/gestions\/?s={search_term_string}"},"query-input":{"@type":"PropertyValueSpecification","valueRequired":true,"valueName":"search_term_string"}}],"inLanguage":"fr-FR"},{"@type":"Organization","@id":"https:\/\/www.ricom-web8.com\/gestions\/#organization","name":"Gestions hospitali\u00e8res","url":"https:\/\/www.ricom-web8.com\/gestions\/","logo":{"@type":"ImageObject","inLanguage":"fr-FR","@id":"https:\/\/www.ricom-web8.com\/gestions\/#\/schema\/logo\/image\/","url":"https:\/\/gestions-hospitalieres.fr\/wp-content\/uploads\/2017\/02\/picto_Gif-GH-trans.png","contentUrl":"https:\/\/gestions-hospitalieres.fr\/wp-content\/uploads\/2017\/02\/picto_Gif-GH-trans.png","width":512,"height":512,"caption":"Gestions hospitali\u00e8res"},"image":{"@id":"https:\/\/www.ricom-web8.com\/gestions\/#\/schema\/logo\/image\/"},"sameAs":["https:\/\/www.facebook.com\/gestionshospitalieres\/","https:\/\/x.com\/revue_GH","https:\/\/www.linkedin.com\/company\/gestions-hospitalieres?trk=top_nav_home"]},{"@type":"Person","@id":"https:\/\/www.ricom-web8.com\/gestions\/#\/schema\/person\/3ba9fe913190dfe9507feb621e902c1f","name":"Gestions hospitali\u00e8res","image":{"@type":"ImageObject","inLanguage":"fr-FR","@id":"https:\/\/www.ricom-web8.com\/gestions\/#\/schema\/person\/image\/","url":"https:\/\/secure.gravatar.com\/avatar\/1a0d93e6db5dbe7dac96bae4757d256f?s=96&d=mm&r=g","contentUrl":"https:\/\/secure.gravatar.com\/avatar\/1a0d93e6db5dbe7dac96bae4757d256f?s=96&d=mm&r=g","caption":"Gestions hospitali\u00e8res"},"url":"https:\/\/www.ricom-web8.com\/gestions\/author\/benjamin\/"}]}},"_links":{"self":[{"href":"https:\/\/www.ricom-web8.com\/gestions\/wp-json\/wp\/v2\/posts\/48406","targetHints":{"allow":["GET"]}}],"collection":[{"href":"https:\/\/www.ricom-web8.com\/gestions\/wp-json\/wp\/v2\/posts"}],"about":[{"href":"https:\/\/www.ricom-web8.com\/gestions\/wp-json\/wp\/v2\/types\/post"}],"author":[{"embeddable":true,"href":"https:\/\/www.ricom-web8.com\/gestions\/wp-json\/wp\/v2\/users\/23133"}],"replies":[{"embeddable":true,"href":"https:\/\/www.ricom-web8.com\/gestions\/wp-json\/wp\/v2\/comments?post=48406"}],"version-history":[{"count":1,"href":"https:\/\/www.ricom-web8.com\/gestions\/wp-json\/wp\/v2\/posts\/48406\/revisions"}],"predecessor-version":[{"id":48408,"href":"https:\/\/www.ricom-web8.com\/gestions\/wp-json\/wp\/v2\/posts\/48406\/revisions\/48408"}],"wp:attachment":[{"href":"https:\/\/www.ricom-web8.com\/gestions\/wp-json\/wp\/v2\/media?parent=48406"}],"wp:term":[{"taxonomy":"category","embeddable":true,"href":"https:\/\/www.ricom-web8.com\/gestions\/wp-json\/wp\/v2\/categories?post=48406"},{"taxonomy":"post_tag","embeddable":true,"href":"https:\/\/www.ricom-web8.com\/gestions\/wp-json\/wp\/v2\/tags?post=48406"}],"curies":[{"name":"wp","href":"https:\/\/api.w.org\/{rel}","templated":true}]}}