

{"id":48600,"date":"2024-09-01T11:26:22","date_gmt":"2024-09-01T09:26:22","guid":{"rendered":"https:\/\/gestions-hospitalieres.fr\/?p=48600"},"modified":"2024-10-02T10:55:50","modified_gmt":"2024-10-02T08:55:50","slug":"selection-de-rentree","status":"publish","type":"post","link":"https:\/\/www.ricom-web8.com\/gestions\/selection-de-rentree\/","title":{"rendered":"S\u00e9lection de rentr\u00e9e"},"content":{"rendered":"<span class=\"span-reading-time rt-reading-time\" style=\"display: block;\"><span class=\"rt-label rt-prefix\">Temps de lecture\u00a0: <\/span> <span class=\"rt-time\"> 4<\/span> <span class=\"rt-label rt-postfix\">minutes<\/span><\/span><h1>La lecture<span class=\"Apple-converted-space\">\u00a0<\/span><\/h1>\n<h2>Ivan Vladislavic<\/h2>\n<p>Dans la cat\u00e9gorie des textes brefs tutoyant les classiques, cette lecture est un bijou d\u2019ironie dramatique. Maryam Akello, jeune autrice ougandaise, lit en acholi un extrait de son livre. Son traducteur, dans une deuxi\u00e8me partie de la s\u00e9ance, lira \u00e9galement quelques passages. En une cinquantaine de pages, Ivan Vladislavic d\u00e9crit les pens\u00e9es des participants pendant cette lecture. Face au tragique \u2013 incompris lors de la lecture dans la langue d\u2019origine, p\u00e9nible lors de celle du traducteur \u2013, les petits soucis \u2013 d\u2019ego et du quotidien \u2013 des uns et des autres virevoltent dans leurs pens\u00e9es. Cette lecture est une irr\u00e9sistible description de ce qui se passe dans la t\u00eate des participants lors d\u2019une conf\u00e9rence \u00e0 vocation humaine.<\/p>\n<p><strong><i>Elyzad, juillet 2024, 61 pages, 13 \u20ac<\/i><\/strong><\/p>\n<p><img decoding=\"async\" class=\"alignnone wp-image-48601 size-medium\" src=\"https:\/\/gestions-hospitalieres.fr\/wp-content\/uploads\/2024\/09\/La-lecture-WEB-1199x2048-1-176x300.jpg\" alt=\"\" width=\"176\" height=\"300\" srcset=\"https:\/\/www.ricom-web8.com\/gestions\/wp-content\/uploads\/2024\/09\/La-lecture-WEB-1199x2048-1-176x300.jpg 176w, https:\/\/www.ricom-web8.com\/gestions\/wp-content\/uploads\/2024\/09\/La-lecture-WEB-1199x2048-1.jpg 585w\" sizes=\"(max-width: 176px) 100vw, 176px\" \/><\/p>\n<p>&nbsp;<\/p>\n<h1>Les mains pleines<span class=\"Apple-converted-space\">\u00a0<\/span><\/h1>\n<h2>Guillaume Collet<\/h2>\n<p>Guillaume Collet raconte l\u2019histoire de Petit-Fils, apprenti cascadeur qui r\u00eave de vivre de la destruction des engins motoris\u00e9s pour le 7<sup>e<\/sup> art, moins occup\u00e9 que son fr\u00e8re et le reste de sa famille, \u00e0 qui l\u2019on demande de passer voir Grande-M\u00e8re et Grand-P\u00e8re. Ais\u00e9s, ces a\u00efeuls ont pour principe de ne jamais demander d\u2019aide et pour philosophie de vie de ne pas s\u2019encombrer avec la famille. Mais Petit-Fils constate que Grande-M\u00e8re sombre dans la parano\u00efa, \u00e9puise les gendarmes et que Grand-P\u00e8re jongle entre la maigreur et le mutisme. Alors Petit-Fils vient r\u00e9guli\u00e8rement s\u2019occuper de ces Grands-Parents au pass\u00e9 de voyageurs absents pour les autres et constate que, seul, il ne peut y arriver. Un roman sans artifice ni banalit\u00e9 sur le grand \u00e2ge et les relations familiales \u2013 toujours singuli\u00e8res.<\/p>\n<p><strong><i>Christian Bourgois, ao\u00fbt 2024, 111 pages, 17 \u20ac<\/i><\/strong><\/p>\n<p><img decoding=\"async\" class=\"alignnone wp-image-48602 size-medium\" src=\"https:\/\/gestions-hospitalieres.fr\/wp-content\/uploads\/2024\/09\/Collet_Les-mains-pleines_HD-188x300.jpg\" alt=\"\" width=\"188\" height=\"300\" srcset=\"https:\/\/www.ricom-web8.com\/gestions\/wp-content\/uploads\/2024\/09\/Collet_Les-mains-pleines_HD-188x300.jpg 188w, https:\/\/www.ricom-web8.com\/gestions\/wp-content\/uploads\/2024\/09\/Collet_Les-mains-pleines_HD.jpg 628w\" sizes=\"(max-width: 188px) 100vw, 188px\" \/><\/p>\n<p>&nbsp;<\/p>\n<h1>Toujours l\u2019aimer<span class=\"Apple-converted-space\">\u00a0<\/span><\/h1>\n<h2>Matthieu Gounelle<\/h2>\n<p>Matthieu Goumelle nous met mal \u00e0 l\u2019aise\u2009: une femme a abandonn\u00e9 son enfant sur la plage, \u00e0 la merci des vagues, qui seules peuvent d\u00e9cider de son sort. \u00ab\u2009<i>Je sais que les femmes qui tuent leur enfant font horreur. On les regarde avec effroi, les yeux remplis d\u2019\u00e9pouvante et de m\u00e9pris. Bien plus s\u00e9v\u00e8rement que les hommes qui, \u00e0 la guerre, tuent les enfants des autres.\u2009<\/i>\u00bb En une centaine de pages, l\u2019auteur nous offre les d\u00e9positions de cette femme, cultiv\u00e9e, qui h\u00e9site entre le futur, le pr\u00e9sent et un pass\u00e9 confus ; qui h\u00e9site entre la vie et la mort de son enfant. \u00ab\u2009<i>Dans la mer, rien n\u2019encl\u00f4t la mort. Elle est un sein perp\u00e9tuellement renouvel\u00e9, une grande \u00e9tendue sans faille dont les vagues ne faiblissent jamais, et dont la tendresse autorise tous les espoirs.<\/i>\u2009\u00bb<\/p>\n<p>L\u2019incoh\u00e9rence de la narratrice est subtilement restitu\u00e9e et nous entra\u00eene, au-del\u00e0 du bien et du mal, \u00e0 r\u00e9fl\u00e9chir, comme le pr\u00e9cise l\u2019\u00e9diteur sur la 4<sup>e\u00a0<\/sup>de couverture \u00ab\u2009\u00e0 ce qui ne s\u2019explique pas\u2009\u00bb.<\/p>\n<p><strong><i>Arl\u00e9a, ao\u00fbt 2024, 103 pages, 17 \u20ac<\/i><\/strong><\/p>\n<p><img decoding=\"async\" class=\"alignnone wp-image-48603 size-medium\" src=\"https:\/\/gestions-hospitalieres.fr\/wp-content\/uploads\/2024\/09\/couv_gounelle-183x300.jpg\" alt=\"\" width=\"183\" height=\"300\" srcset=\"https:\/\/www.ricom-web8.com\/gestions\/wp-content\/uploads\/2024\/09\/couv_gounelle-183x300.jpg 183w, https:\/\/www.ricom-web8.com\/gestions\/wp-content\/uploads\/2024\/09\/couv_gounelle.jpg 610w\" sizes=\"(max-width: 183px) 100vw, 183px\" \/><\/p>\n<p>&nbsp;<\/p>\n<h1>Soudain Nijinski<\/h1>\n<h2>Perrine Le Querrec<\/h2>\n<p>Attention OLNI (objet litt\u00e9raire non identifi\u00e9) ! Ou plut\u00f4t si. Biographie atypique et po\u00e9tique. Perrine le Querrec r\u00e9invente un genre. Car il s\u2019agit bien d\u2019une biographie\u2009: le livre est ponctu\u00e9 d\u2019articles de presse, de t\u00e9moignages de l\u2019\u00e9poque. Mais entre ces pages de classicisme du genre, elle distille, invente, compose, dans un long po\u00e8me l\u2019histoire du danseur. Trois phases : danser \u2013 danser ou mourir \u2013 mourir. Elle d\u00e9crit la gr\u00e2ce, les ann\u00e9es fastes, le g\u00e9nie comme l\u2019agonie, de clinique psychiatrique en clinique psychiatrique, sa vie, ses doutes, ses carnets\u2026 Elle d\u00e9crit Nijinski bien mieux que n\u2019importe quelle biographie puisqu\u2019elle y met son c\u0153ur et son \u00e2me.<\/p>\n<p><strong><i>La Contre All\u00e9e, octobre 2024, 166 pages, 18 \u20ac<\/i><\/strong><\/p>\n<p><img decoding=\"async\" class=\"alignnone wp-image-48604 size-medium\" src=\"https:\/\/gestions-hospitalieres.fr\/wp-content\/uploads\/2024\/09\/soudain-nijinski_couvc1-400x575-1-209x300.jpg\" alt=\"\" width=\"209\" height=\"300\" srcset=\"https:\/\/www.ricom-web8.com\/gestions\/wp-content\/uploads\/2024\/09\/soudain-nijinski_couvc1-400x575-1-209x300.jpg 209w, https:\/\/www.ricom-web8.com\/gestions\/wp-content\/uploads\/2024\/09\/soudain-nijinski_couvc1-400x575-1.jpg 400w\" sizes=\"(max-width: 209px) 100vw, 209px\" \/><\/p>\n<p>&nbsp;<\/p>\n<h1>L\u2019impossible retour<\/h1>\n<h2>Am\u00e9lie Nothomb<\/h2>\n<p>Nous avons pris pour ligne directrice de cette chronique de mettre en avant principalement des livres aim\u00e9s qui ne faisaient pas l\u2019objet d\u2019une grande presse, de ne pas chroniquer les succ\u00e8s maintes fois cit\u00e9s. Mais pour cette s\u00e9lection de rentr\u00e9e, un petit pas de c\u00f4t\u00e9\u2026 Certains n\u2019aiment pas, n\u2019aiment plus pour \u00eatre plus juste, les auteurs qui ont du succ\u00e8s, une sorte de vanit\u00e9 de la raret\u00e9. Je pr\u00e9f\u00e8re rester fid\u00e8le. Je lis le Nothomb dans les trois jours de sa sortie depuis 1998 et <i>Mercure<\/i>. Ce serait mentir que de dire que <i>L\u2019Impossible Retour<\/i> justifie davantage d\u2019\u00eatre cit\u00e9 que les pr\u00e9c\u00e9dents livres. Un Nothomb est un Nothomb. Et je crois que l\u2019histoire de ses livres me laisse toujours indiff\u00e9rent. Je m\u2019en explique. Lorsque je ne lis pas pour \u00e9crire une chronique, j\u2019ai une pratique tr\u00e8s h\u00e9doniste de la lecture : je me souviens du lieu o\u00f9 j\u2019\u00e9tais, de l\u2019atmosph\u00e8re et de ce que le livre a pu changer ou susciter en moi. C\u2019est une lecture \u00e9go\u00efste. Dans <i>L\u2019Impossible Retour,<\/i> vous entendrez qu\u2019Am\u00e9lie Nothomb est retourn\u00e9e au Japon, sur le lieu de <i>Stupeur et tremblements<\/i>. Mais il y a beaucoup plus, comme toujours. Il y a le deuil du p\u00e8re, la m\u00e9taphysique, le sens de l\u2019existence. \u00ab\u2009Peut-\u00eatre ne serais-je jamais une grande vivante.\u2009\u00bb Est-ce moi qui ai m\u00fbri, est-ce l\u2019auteure qui a chang\u00e9, sont-ce les deux ? Mais depuis <i>Soif<\/i> en 2019, il y a quelque chose de spirituel qui d\u00e9passe le cadre strict du roman. Et il y a toujours cette fonction de passeur. Cette fois, c\u2019est Huysmans qu\u2019elle nous pousse indirectement \u00e0 lire ou relire (comme Houellebecq d\u2019ailleurs dans <i>Soumission<\/i>). En fait, un livre d\u2019Am\u00e9lie Nothomb, on n\u2019en parle pas, on le lit, on le vit.<\/p>\n<p><strong><i>Albin Michel, ao\u00fbt 2024, 161 pages, 18,90 \u20ac<\/i><\/strong><\/p>\n<p><img decoding=\"async\" class=\"alignnone wp-image-48605 size-medium\" src=\"https:\/\/gestions-hospitalieres.fr\/wp-content\/uploads\/2024\/09\/amelieNothomb-195x300.jpg\" alt=\"\" width=\"195\" height=\"300\" srcset=\"https:\/\/www.ricom-web8.com\/gestions\/wp-content\/uploads\/2024\/09\/amelieNothomb-195x300.jpg 195w, https:\/\/www.ricom-web8.com\/gestions\/wp-content\/uploads\/2024\/09\/amelieNothomb.jpg 520w\" sizes=\"(max-width: 195px) 100vw, 195px\" \/><\/p>\n<script>function PlayerjsAsync(){} if(window[\"Playerjs\"]){PlayerjsAsync();}<\/script>","protected":false},"excerpt":{"rendered":"<p><span class=\"span-reading-time rt-reading-time\" style=\"display: block;\"><span class=\"rt-label rt-prefix\">Temps de lecture\u00a0: <\/span> <span class=\"rt-time\"> 4<\/span> <span class=\"rt-label rt-postfix\">minutes<\/span><\/span>La lecture\u00a0 Ivan Vladislavic Dans la cat\u00e9gorie des textes brefs tutoyant les classiques, cette lecture est un bijou d\u2019ironie dramatique. Maryam Akello, jeune autrice ougandaise, lit en acholi un extrait de son livre. Son traducteur, dans une deuxi\u00e8me partie de la s\u00e9ance, lira \u00e9galement quelques passages. En une cinquantaine de pages, Ivan Vladislavic d\u00e9crit les pens\u00e9es des participants pendant cette lecture. Face au tragique \u2013 incompris lors de la lecture&hellip; <\/p>\n","protected":false},"author":23133,"featured_media":0,"comment_status":"closed","ping_status":"closed","sticky":false,"template":"","format":"standard","meta":{"_acf_changed":false,"_relevanssi_hide_post":"","_relevanssi_hide_content":"","_relevanssi_pin_for_all":"","_relevanssi_pin_keywords":"","_relevanssi_unpin_keywords":"","_relevanssi_related_keywords":"","_relevanssi_related_include_ids":"","_relevanssi_related_exclude_ids":"","_relevanssi_related_no_append":"","_relevanssi_related_not_related":"","_relevanssi_related_posts":"","_relevanssi_noindex_reason":"","footnotes":""},"categories":[2,6515],"tags":[],"class_list":["post-48600","post","type-post","status-publish","format-standard","hentry","category-gestions-hospitalieres","category-livres"],"acf":[],"yoast_head":"<!-- This site is optimized with the Yoast SEO plugin v24.8.1 - https:\/\/yoast.com\/wordpress\/plugins\/seo\/ -->\n<title>S\u00e9lection de rentr\u00e9e - Gestions hospitali\u00e8res<\/title>\n<meta name=\"robots\" content=\"index, follow, max-snippet:-1, max-image-preview:large, max-video-preview:-1\" \/>\n<link rel=\"canonical\" href=\"https:\/\/www.ricom-web8.com\/gestions\/selection-de-rentree\/\" \/>\n<meta property=\"og:locale\" content=\"fr_FR\" \/>\n<meta property=\"og:type\" content=\"article\" \/>\n<meta property=\"og:title\" content=\"S\u00e9lection de rentr\u00e9e - Gestions hospitali\u00e8res\" \/>\n<meta property=\"og:description\" content=\"Temps de lecture\u00a0:  4 minutesLa lecture\u00a0 Ivan Vladislavic Dans la cat\u00e9gorie des textes brefs tutoyant les classiques, cette lecture est un bijou d\u2019ironie dramatique. Maryam Akello, jeune autrice ougandaise, lit en acholi un extrait de son livre. Son traducteur, dans une deuxi\u00e8me partie de la s\u00e9ance, lira \u00e9galement quelques passages. En une cinquantaine de pages, Ivan Vladislavic d\u00e9crit les pens\u00e9es des participants pendant cette lecture. Face au tragique \u2013 incompris lors de la lecture&hellip;\" \/>\n<meta property=\"og:url\" content=\"https:\/\/www.ricom-web8.com\/gestions\/selection-de-rentree\/\" \/>\n<meta property=\"og:site_name\" content=\"Gestions hospitali\u00e8res\" \/>\n<meta property=\"article:publisher\" content=\"https:\/\/www.facebook.com\/gestionshospitalieres\/\" \/>\n<meta property=\"article:published_time\" content=\"2024-09-01T09:26:22+00:00\" \/>\n<meta property=\"article:modified_time\" content=\"2024-10-02T08:55:50+00:00\" \/>\n<meta property=\"og:image\" content=\"https:\/\/gestions-hospitalieres.fr\/wp-content\/uploads\/2024\/09\/La-lecture-WEB-1199x2048-1-176x300.jpg\" \/>\n<meta name=\"author\" content=\"Gestions hospitali\u00e8res\" \/>\n<meta name=\"twitter:card\" content=\"summary_large_image\" \/>\n<meta name=\"twitter:creator\" content=\"@revue_GH\" \/>\n<meta name=\"twitter:site\" content=\"@revue_GH\" \/>\n<meta name=\"twitter:label1\" content=\"\u00c9crit par\" \/>\n\t<meta name=\"twitter:data1\" content=\"Gestions hospitali\u00e8res\" \/>\n\t<meta name=\"twitter:label2\" content=\"Dur\u00e9e de lecture estim\u00e9e\" \/>\n\t<meta name=\"twitter:data2\" content=\"6 minutes\" \/>\n<script type=\"application\/ld+json\" class=\"yoast-schema-graph\">{\"@context\":\"https:\/\/schema.org\",\"@graph\":[{\"@type\":\"Article\",\"@id\":\"https:\/\/www.ricom-web8.com\/gestions\/selection-de-rentree\/#article\",\"isPartOf\":{\"@id\":\"https:\/\/www.ricom-web8.com\/gestions\/selection-de-rentree\/\"},\"author\":{\"name\":\"Gestions hospitali\u00e8res\",\"@id\":\"https:\/\/www.ricom-web8.com\/gestions\/#\/schema\/person\/3ba9fe913190dfe9507feb621e902c1f\"},\"headline\":\"S\u00e9lection de rentr\u00e9e\",\"datePublished\":\"2024-09-01T09:26:22+00:00\",\"dateModified\":\"2024-10-02T08:55:50+00:00\",\"mainEntityOfPage\":{\"@id\":\"https:\/\/www.ricom-web8.com\/gestions\/selection-de-rentree\/\"},\"wordCount\":967,\"publisher\":{\"@id\":\"https:\/\/www.ricom-web8.com\/gestions\/#organization\"},\"image\":{\"@id\":\"https:\/\/www.ricom-web8.com\/gestions\/selection-de-rentree\/#primaryimage\"},\"thumbnailUrl\":\"https:\/\/gestions-hospitalieres.fr\/wp-content\/uploads\/2024\/09\/La-lecture-WEB-1199x2048-1-176x300.jpg\",\"articleSection\":[\"Gestions Hospitali\u00e8res\",\"livres\"],\"inLanguage\":\"fr-FR\"},{\"@type\":\"WebPage\",\"@id\":\"https:\/\/www.ricom-web8.com\/gestions\/selection-de-rentree\/\",\"url\":\"https:\/\/www.ricom-web8.com\/gestions\/selection-de-rentree\/\",\"name\":\"S\u00e9lection de rentr\u00e9e - Gestions hospitali\u00e8res\",\"isPartOf\":{\"@id\":\"https:\/\/www.ricom-web8.com\/gestions\/#website\"},\"primaryImageOfPage\":{\"@id\":\"https:\/\/www.ricom-web8.com\/gestions\/selection-de-rentree\/#primaryimage\"},\"image\":{\"@id\":\"https:\/\/www.ricom-web8.com\/gestions\/selection-de-rentree\/#primaryimage\"},\"thumbnailUrl\":\"https:\/\/gestions-hospitalieres.fr\/wp-content\/uploads\/2024\/09\/La-lecture-WEB-1199x2048-1-176x300.jpg\",\"datePublished\":\"2024-09-01T09:26:22+00:00\",\"dateModified\":\"2024-10-02T08:55:50+00:00\",\"breadcrumb\":{\"@id\":\"https:\/\/www.ricom-web8.com\/gestions\/selection-de-rentree\/#breadcrumb\"},\"inLanguage\":\"fr-FR\",\"potentialAction\":[{\"@type\":\"ReadAction\",\"target\":[\"https:\/\/www.ricom-web8.com\/gestions\/selection-de-rentree\/\"]}]},{\"@type\":\"ImageObject\",\"inLanguage\":\"fr-FR\",\"@id\":\"https:\/\/www.ricom-web8.com\/gestions\/selection-de-rentree\/#primaryimage\",\"url\":\"https:\/\/gestions-hospitalieres.fr\/wp-content\/uploads\/2024\/09\/La-lecture-WEB-1199x2048-1-176x300.jpg\",\"contentUrl\":\"https:\/\/gestions-hospitalieres.fr\/wp-content\/uploads\/2024\/09\/La-lecture-WEB-1199x2048-1-176x300.jpg\"},{\"@type\":\"BreadcrumbList\",\"@id\":\"https:\/\/www.ricom-web8.com\/gestions\/selection-de-rentree\/#breadcrumb\",\"itemListElement\":[{\"@type\":\"ListItem\",\"position\":1,\"name\":\"Accueil\",\"item\":\"https:\/\/www.ricom-web8.com\/gestions\/\"},{\"@type\":\"ListItem\",\"position\":2,\"name\":\"S\u00e9lection de rentr\u00e9e\"}]},{\"@type\":\"WebSite\",\"@id\":\"https:\/\/www.ricom-web8.com\/gestions\/#website\",\"url\":\"https:\/\/www.ricom-web8.com\/gestions\/\",\"name\":\"Gestions hospitali\u00e8res\",\"description\":\"la revue des d\u00e9cideurs hospitaliers\",\"publisher\":{\"@id\":\"https:\/\/www.ricom-web8.com\/gestions\/#organization\"},\"potentialAction\":[{\"@type\":\"SearchAction\",\"target\":{\"@type\":\"EntryPoint\",\"urlTemplate\":\"https:\/\/www.ricom-web8.com\/gestions\/?s={search_term_string}\"},\"query-input\":{\"@type\":\"PropertyValueSpecification\",\"valueRequired\":true,\"valueName\":\"search_term_string\"}}],\"inLanguage\":\"fr-FR\"},{\"@type\":\"Organization\",\"@id\":\"https:\/\/www.ricom-web8.com\/gestions\/#organization\",\"name\":\"Gestions hospitali\u00e8res\",\"url\":\"https:\/\/www.ricom-web8.com\/gestions\/\",\"logo\":{\"@type\":\"ImageObject\",\"inLanguage\":\"fr-FR\",\"@id\":\"https:\/\/www.ricom-web8.com\/gestions\/#\/schema\/logo\/image\/\",\"url\":\"https:\/\/gestions-hospitalieres.fr\/wp-content\/uploads\/2017\/02\/picto_Gif-GH-trans.png\",\"contentUrl\":\"https:\/\/gestions-hospitalieres.fr\/wp-content\/uploads\/2017\/02\/picto_Gif-GH-trans.png\",\"width\":512,\"height\":512,\"caption\":\"Gestions hospitali\u00e8res\"},\"image\":{\"@id\":\"https:\/\/www.ricom-web8.com\/gestions\/#\/schema\/logo\/image\/\"},\"sameAs\":[\"https:\/\/www.facebook.com\/gestionshospitalieres\/\",\"https:\/\/x.com\/revue_GH\",\"https:\/\/www.linkedin.com\/company\/gestions-hospitalieres?trk=top_nav_home\"]},{\"@type\":\"Person\",\"@id\":\"https:\/\/www.ricom-web8.com\/gestions\/#\/schema\/person\/3ba9fe913190dfe9507feb621e902c1f\",\"name\":\"Gestions hospitali\u00e8res\",\"image\":{\"@type\":\"ImageObject\",\"inLanguage\":\"fr-FR\",\"@id\":\"https:\/\/www.ricom-web8.com\/gestions\/#\/schema\/person\/image\/\",\"url\":\"https:\/\/secure.gravatar.com\/avatar\/1a0d93e6db5dbe7dac96bae4757d256f?s=96&d=mm&r=g\",\"contentUrl\":\"https:\/\/secure.gravatar.com\/avatar\/1a0d93e6db5dbe7dac96bae4757d256f?s=96&d=mm&r=g\",\"caption\":\"Gestions hospitali\u00e8res\"},\"url\":\"https:\/\/www.ricom-web8.com\/gestions\/author\/benjamin\/\"}]}<\/script>\n<!-- \/ Yoast SEO plugin. -->","yoast_head_json":{"title":"S\u00e9lection de rentr\u00e9e - Gestions hospitali\u00e8res","robots":{"index":"index","follow":"follow","max-snippet":"max-snippet:-1","max-image-preview":"max-image-preview:large","max-video-preview":"max-video-preview:-1"},"canonical":"https:\/\/www.ricom-web8.com\/gestions\/selection-de-rentree\/","og_locale":"fr_FR","og_type":"article","og_title":"S\u00e9lection de rentr\u00e9e - Gestions hospitali\u00e8res","og_description":"Temps de lecture\u00a0:  4 minutesLa lecture\u00a0 Ivan Vladislavic Dans la cat\u00e9gorie des textes brefs tutoyant les classiques, cette lecture est un bijou d\u2019ironie dramatique. Maryam Akello, jeune autrice ougandaise, lit en acholi un extrait de son livre. Son traducteur, dans une deuxi\u00e8me partie de la s\u00e9ance, lira \u00e9galement quelques passages. En une cinquantaine de pages, Ivan Vladislavic d\u00e9crit les pens\u00e9es des participants pendant cette lecture. Face au tragique \u2013 incompris lors de la lecture&hellip;","og_url":"https:\/\/www.ricom-web8.com\/gestions\/selection-de-rentree\/","og_site_name":"Gestions hospitali\u00e8res","article_publisher":"https:\/\/www.facebook.com\/gestionshospitalieres\/","article_published_time":"2024-09-01T09:26:22+00:00","article_modified_time":"2024-10-02T08:55:50+00:00","og_image":[{"url":"https:\/\/gestions-hospitalieres.fr\/wp-content\/uploads\/2024\/09\/La-lecture-WEB-1199x2048-1-176x300.jpg","type":"","width":"","height":""}],"author":"Gestions hospitali\u00e8res","twitter_card":"summary_large_image","twitter_creator":"@revue_GH","twitter_site":"@revue_GH","twitter_misc":{"\u00c9crit par":"Gestions hospitali\u00e8res","Dur\u00e9e de lecture estim\u00e9e":"6 minutes"},"schema":{"@context":"https:\/\/schema.org","@graph":[{"@type":"Article","@id":"https:\/\/www.ricom-web8.com\/gestions\/selection-de-rentree\/#article","isPartOf":{"@id":"https:\/\/www.ricom-web8.com\/gestions\/selection-de-rentree\/"},"author":{"name":"Gestions hospitali\u00e8res","@id":"https:\/\/www.ricom-web8.com\/gestions\/#\/schema\/person\/3ba9fe913190dfe9507feb621e902c1f"},"headline":"S\u00e9lection de rentr\u00e9e","datePublished":"2024-09-01T09:26:22+00:00","dateModified":"2024-10-02T08:55:50+00:00","mainEntityOfPage":{"@id":"https:\/\/www.ricom-web8.com\/gestions\/selection-de-rentree\/"},"wordCount":967,"publisher":{"@id":"https:\/\/www.ricom-web8.com\/gestions\/#organization"},"image":{"@id":"https:\/\/www.ricom-web8.com\/gestions\/selection-de-rentree\/#primaryimage"},"thumbnailUrl":"https:\/\/gestions-hospitalieres.fr\/wp-content\/uploads\/2024\/09\/La-lecture-WEB-1199x2048-1-176x300.jpg","articleSection":["Gestions Hospitali\u00e8res","livres"],"inLanguage":"fr-FR"},{"@type":"WebPage","@id":"https:\/\/www.ricom-web8.com\/gestions\/selection-de-rentree\/","url":"https:\/\/www.ricom-web8.com\/gestions\/selection-de-rentree\/","name":"S\u00e9lection de rentr\u00e9e - Gestions hospitali\u00e8res","isPartOf":{"@id":"https:\/\/www.ricom-web8.com\/gestions\/#website"},"primaryImageOfPage":{"@id":"https:\/\/www.ricom-web8.com\/gestions\/selection-de-rentree\/#primaryimage"},"image":{"@id":"https:\/\/www.ricom-web8.com\/gestions\/selection-de-rentree\/#primaryimage"},"thumbnailUrl":"https:\/\/gestions-hospitalieres.fr\/wp-content\/uploads\/2024\/09\/La-lecture-WEB-1199x2048-1-176x300.jpg","datePublished":"2024-09-01T09:26:22+00:00","dateModified":"2024-10-02T08:55:50+00:00","breadcrumb":{"@id":"https:\/\/www.ricom-web8.com\/gestions\/selection-de-rentree\/#breadcrumb"},"inLanguage":"fr-FR","potentialAction":[{"@type":"ReadAction","target":["https:\/\/www.ricom-web8.com\/gestions\/selection-de-rentree\/"]}]},{"@type":"ImageObject","inLanguage":"fr-FR","@id":"https:\/\/www.ricom-web8.com\/gestions\/selection-de-rentree\/#primaryimage","url":"https:\/\/gestions-hospitalieres.fr\/wp-content\/uploads\/2024\/09\/La-lecture-WEB-1199x2048-1-176x300.jpg","contentUrl":"https:\/\/gestions-hospitalieres.fr\/wp-content\/uploads\/2024\/09\/La-lecture-WEB-1199x2048-1-176x300.jpg"},{"@type":"BreadcrumbList","@id":"https:\/\/www.ricom-web8.com\/gestions\/selection-de-rentree\/#breadcrumb","itemListElement":[{"@type":"ListItem","position":1,"name":"Accueil","item":"https:\/\/www.ricom-web8.com\/gestions\/"},{"@type":"ListItem","position":2,"name":"S\u00e9lection de rentr\u00e9e"}]},{"@type":"WebSite","@id":"https:\/\/www.ricom-web8.com\/gestions\/#website","url":"https:\/\/www.ricom-web8.com\/gestions\/","name":"Gestions hospitali\u00e8res","description":"la revue des d\u00e9cideurs hospitaliers","publisher":{"@id":"https:\/\/www.ricom-web8.com\/gestions\/#organization"},"potentialAction":[{"@type":"SearchAction","target":{"@type":"EntryPoint","urlTemplate":"https:\/\/www.ricom-web8.com\/gestions\/?s={search_term_string}"},"query-input":{"@type":"PropertyValueSpecification","valueRequired":true,"valueName":"search_term_string"}}],"inLanguage":"fr-FR"},{"@type":"Organization","@id":"https:\/\/www.ricom-web8.com\/gestions\/#organization","name":"Gestions hospitali\u00e8res","url":"https:\/\/www.ricom-web8.com\/gestions\/","logo":{"@type":"ImageObject","inLanguage":"fr-FR","@id":"https:\/\/www.ricom-web8.com\/gestions\/#\/schema\/logo\/image\/","url":"https:\/\/gestions-hospitalieres.fr\/wp-content\/uploads\/2017\/02\/picto_Gif-GH-trans.png","contentUrl":"https:\/\/gestions-hospitalieres.fr\/wp-content\/uploads\/2017\/02\/picto_Gif-GH-trans.png","width":512,"height":512,"caption":"Gestions hospitali\u00e8res"},"image":{"@id":"https:\/\/www.ricom-web8.com\/gestions\/#\/schema\/logo\/image\/"},"sameAs":["https:\/\/www.facebook.com\/gestionshospitalieres\/","https:\/\/x.com\/revue_GH","https:\/\/www.linkedin.com\/company\/gestions-hospitalieres?trk=top_nav_home"]},{"@type":"Person","@id":"https:\/\/www.ricom-web8.com\/gestions\/#\/schema\/person\/3ba9fe913190dfe9507feb621e902c1f","name":"Gestions hospitali\u00e8res","image":{"@type":"ImageObject","inLanguage":"fr-FR","@id":"https:\/\/www.ricom-web8.com\/gestions\/#\/schema\/person\/image\/","url":"https:\/\/secure.gravatar.com\/avatar\/1a0d93e6db5dbe7dac96bae4757d256f?s=96&d=mm&r=g","contentUrl":"https:\/\/secure.gravatar.com\/avatar\/1a0d93e6db5dbe7dac96bae4757d256f?s=96&d=mm&r=g","caption":"Gestions hospitali\u00e8res"},"url":"https:\/\/www.ricom-web8.com\/gestions\/author\/benjamin\/"}]}},"_links":{"self":[{"href":"https:\/\/www.ricom-web8.com\/gestions\/wp-json\/wp\/v2\/posts\/48600","targetHints":{"allow":["GET"]}}],"collection":[{"href":"https:\/\/www.ricom-web8.com\/gestions\/wp-json\/wp\/v2\/posts"}],"about":[{"href":"https:\/\/www.ricom-web8.com\/gestions\/wp-json\/wp\/v2\/types\/post"}],"author":[{"embeddable":true,"href":"https:\/\/www.ricom-web8.com\/gestions\/wp-json\/wp\/v2\/users\/23133"}],"replies":[{"embeddable":true,"href":"https:\/\/www.ricom-web8.com\/gestions\/wp-json\/wp\/v2\/comments?post=48600"}],"version-history":[{"count":2,"href":"https:\/\/www.ricom-web8.com\/gestions\/wp-json\/wp\/v2\/posts\/48600\/revisions"}],"predecessor-version":[{"id":48715,"href":"https:\/\/www.ricom-web8.com\/gestions\/wp-json\/wp\/v2\/posts\/48600\/revisions\/48715"}],"wp:attachment":[{"href":"https:\/\/www.ricom-web8.com\/gestions\/wp-json\/wp\/v2\/media?parent=48600"}],"wp:term":[{"taxonomy":"category","embeddable":true,"href":"https:\/\/www.ricom-web8.com\/gestions\/wp-json\/wp\/v2\/categories?post=48600"},{"taxonomy":"post_tag","embeddable":true,"href":"https:\/\/www.ricom-web8.com\/gestions\/wp-json\/wp\/v2\/tags?post=48600"}],"curies":[{"name":"wp","href":"https:\/\/api.w.org\/{rel}","templated":true}]}}