

{"id":48640,"date":"2024-08-01T16:36:43","date_gmt":"2024-08-01T14:36:43","guid":{"rendered":"https:\/\/gestions-hospitalieres.fr\/?p=48640"},"modified":"2024-10-02T10:47:32","modified_gmt":"2024-10-02T08:47:32","slug":"les-metiers-de-la-sante-font-ils-encore-rever","status":"publish","type":"post","link":"https:\/\/www.ricom-web8.com\/gestions\/les-metiers-de-la-sante-font-ils-encore-rever\/","title":{"rendered":"Les m\u00e9tiers de la sant\u00e9 font-ils encore r\u00eaver\u2009?"},"content":{"rendered":"<span class=\"span-reading-time rt-reading-time\" style=\"display: block;\"><span class=\"rt-label rt-prefix\">Temps de lecture\u00a0: <\/span> <span class=\"rt-time\"> 7<\/span> <span class=\"rt-label rt-postfix\">minutes<\/span><\/span><p>Si la repr\u00e9sentation des m\u00e9tiers de la sant\u00e9 b\u00e9n\u00e9ficie d\u2019une gr\u00e2ce particuli\u00e8re au regard du service qu\u2019ils peuvent rendre \u00e0 la population, la qualification \u00ab\u2009beau m\u00e9tier\u2009\u00bb qui leur est attribu\u00e9e est-elle devenue une l\u00e9gende\u2009? La vocation, le d\u00e9vouement\u2009et les serments propres aux professions de sant\u00e9 ont laiss\u00e9 place \u00e0 de nouveaux attributs\u2009: p\u00e9nibilit\u00e9, p\u00e9nurie, contrainte, entra\u00eenant un d\u00e9ficit criant d\u2019attractivit\u00e9. Les instituts de formation peinent \u00e0 remplir leurs promotions et les taux d\u2019abandon et d\u2019\u00e9chec n\u2019ont jamais \u00e9t\u00e9 aussi \u00e9lev\u00e9s. La r\u00e9forme des \u00e9tudes m\u00e9dicales<sup class=\"appel\" data-toggle=\"modal\" data-target=\"#notes\">(1)<\/sup> n\u2019a pas davantage permis d\u2019am\u00e9liorer les conditions d\u2019acc\u00e8s \u00e0 la formation, tout comme l\u2019instauration des primes dans le cadre du S\u00e9gur de la sant\u00e9<sup class=\"appel\" data-toggle=\"modal\" data-target=\"#notes\">(2)<\/sup>. Qu\u2019il s\u2019agisse des m\u00e9tiers du soin (param\u00e9dical et m\u00e9dical), des manageurs, administratifs et techniques, tous contribuent au fonctionnement de la sant\u00e9 dans un contexte de plus en plus politique\u2009: d\u00e9sert m\u00e9dical, vieillissement de la population, d\u00e9mographie m\u00e9dicale. Face aux reconversions de plus en plus nombreuses, comment redonner un nouveau souffle aux m\u00e9tiers qui entourent la sant\u00e9\u2009?<\/p>\n<h1>De l\u2019h\u00f4pital magn\u00e9tique \u00e0 la crise des vocations<\/h1>\n<h2>Des professions majoritairement r\u00e9glement\u00e9es<\/h2>\n<p>Exercer un m\u00e9tier de la sant\u00e9 ne s\u2019improvise pas\u2009: les formations sont g\u00e9n\u00e9ralement s\u00e9lectives et reposent sur un socle th\u00e9orique et pratique solide pouvant durer plusieurs ann\u00e9es, laissant peu de place \u00e0 la cr\u00e9ativit\u00e9 et \u00e0 l\u2019autonomie, notamment en institution. Si la concurrence avec le milieu lib\u00e9ral ne causait jusque-l\u00e0 pas de probl\u00e8me, la p\u00e9nurie des professionnels, coupl\u00e9e aux diff\u00e9rences de r\u00e9mun\u00e9ration et aux conditions de travail, a eu raison du d\u00e9samour pour l\u2019h\u00f4pital, consid\u00e9r\u00e9 encore comme trop bureaucratique et hi\u00e9rarchis\u00e9. Selon une \u00e9tude men\u00e9e sur trente ans par la Direction de la recherche, des \u00e9tudes, de l\u2019\u00e9valuation et des statistiques, \u00ab\u2009pr\u00e8s d\u2019une infirmi\u00e8re hospitali\u00e8re sur deux a chang\u00e9 de m\u00e9tier apr\u00e8s dix ans de carri\u00e8re <sup class=\"appel\" data-toggle=\"modal\" data-target=\"#notes\">(3)\u2009<\/sup>\u00bb. Comment expliquer ce ph\u00e9nom\u00e8ne\u2009?<\/p>\n<p>Si les \u00e9tablissements ont jou\u00e9 plusieurs strat\u00e9gies en diversifiant les process de recrutement et en instaurant un management plus agile et participatif pour faire face \u00e0 cette situation, malheureusement le compte n\u2019y est pas. L\u2019image ternie de l\u2019h\u00f4pital par les crises successives n\u2019a \u00e9videmment pas permis d\u2019am\u00e9liorer l\u2019attractivit\u00e9 des m\u00e9tiers de la sant\u00e9. Cette situation a plusieurs cons\u00e9quences, notamment un recours important \u00e0 l\u2019int\u00e9rim pour faire face \u00e0 la fois aux difficult\u00e9s de recrutement et \u00e0 l\u2019inflexion \u00e0 la hausse du taux d\u2019absent\u00e9isme, modifiant tous les codes li\u00e9s au fonctionnement en \u00e9quipe, les organisations et les plannings \u00e9tant continuellement d\u00e9construits pour s\u2019adapter au mieux aux p\u00e9nuries et aux situations de crise. Au-del\u00e0 du fait que ces modifications permanentes compromettent toute stabilit\u00e9 du syst\u00e8me, elles g\u00e9n\u00e8rent chez les professionnels inqui\u00e9tude et perte de confiance dans l\u2019institution, les valeurs socles aux effets structurants et protecteurs n\u2019\u00e9tant plus garanties.<\/p>\n<h2>Des m\u00e9tiers qui ne font plus r\u00eaver les nouvelles g\u00e9n\u00e9rations<\/h2>\n<p>Contraintes, exigences, violence, charge \u00e9motionnelle, perte de sens\u2026, les professionnels de sant\u00e9 sont en proie \u00e0 de nombreux tourments qui peuvent rendre le quotidien \u00e9prouvant. En premier lieu la contrainte des heures et jours de travail li\u00e9e \u00e0 la permanence des soins<sup class=\"appel\" data-toggle=\"modal\" data-target=\"#notes\">(4)<\/sup> coupl\u00e9e \u00e0 la p\u00e9nibilit\u00e9\u2009: de jour comme de nuit, dimanches, jours de f\u00eate ou f\u00e9ri\u00e9s, il faut r\u00e9pondre pr\u00e9sent, la sant\u00e9 n\u2019attend pas, au d\u00e9triment parfois de la vie de famille, notamment pour les familles monoparentales. Ces m\u00e9tiers sont par ailleurs exigeants tant d\u2019un point de vue relationnel que technique du fait de la vuln\u00e9rabilit\u00e9, de l\u2019isolement parfois des patients et du d\u00e9veloppement incessant des technologies conduisant \u00e0 un rythme effr\u00e9n\u00e9. Face \u00e0 la charge \u00e9motionnelle et au changement permanent, notre cerveau ne nourrit plus notre syst\u00e8me de r\u00e9compense qui donne du sens \u00e0 notre action<sup class=\"appel\" data-toggle=\"modal\" data-target=\"#notes\">(5)<\/sup>.<\/p>\n<p>Les nouvelles g\u00e9n\u00e9rations sont par ailleurs en attente d\u2019un meilleur \u00e9quilibre vie priv\u00e9e\/vie professionnelle et nous ne pouvons les en bl\u00e2mer. Leurs priorit\u00e9s portent avant tout sur le bien-\u00eatre et les loisirs\u2009; leur dicton pourrait \u00eatre\u2009: \u00ab\u2009Il faut travailler pour vivre et non vivre pour travailler.\u2009\u00bb Ce d\u00e9tachement s\u2019est fait progressivement entre la g\u00e9n\u00e9ration\u00a0X et les mill\u00e9niaux puis les g\u00e9n\u00e9rations\u00a0Z, occasionnant des conflits<sup class=\"appel\" data-toggle=\"modal\" data-target=\"#notes\">(6)<\/sup> mais aussi un renouveau dans le management des m\u00e9tiers. Nous ne pouvons faire l\u2019\u00e9conomie de cette prise de conscience collective\u2009; le travail n\u2019est plus autant qu\u2019avant le d\u00e9terminant de l\u2019accomplissement d\u2019une vie, le sens de l\u2019engagement et la valeur travail ont bel et bien perdu de leur splendeur. Tout comme les contraintes organisationnelles auxquelles nos \u00e9tablissements sont soumis\u2009: il est d\u00e9sormais impensable de manager sans tenir compte de l\u2019\u00e9volution de la place du travail chez ces nouveaux professionnels.<\/p>\n<h1>Du capital humain au plafond de verre<\/h1>\n<h2>Formation et professionnalisation\u2009: des leviers incontournables pour maintenir et d\u00e9velopper les comp\u00e9tences<\/h2>\n<p>La pr\u00e9servation de la sant\u00e9 ne serait rien sans le capital humain, moteur de la qualit\u00e9 des soins prodigu\u00e9s aux patients. La vision extensive de la sant\u00e9 par l\u2019Organisation mondiale de la sant\u00e9 (OMS) nous conduit vers une approche holistique o\u00f9 les facteurs environnementaux comptent autant que les facteurs individuels\u2009: la sant\u00e9, cet \u00ab\u2009\u00e9tat de complet bien-\u00eatre physique, mental et social [\u2026], ne consiste pas seulement en une absence de maladie ou d\u2019infirmit\u00e9<sup class=\"appel\" data-toggle=\"modal\" data-target=\"#notes\">(7)\u2009<\/sup>\u00bb. Aussi la vision tr\u00e8s cart\u00e9sienne fond\u00e9e sur l\u2019<i>evidence based medecine<\/i> ne suffit-elle plus \u00e0 soigner correctement. De nouvelles comp\u00e9tences sont donc attendues dans la relation soignant\/soign\u00e9. D\u00e9sormais, un \u00e9quilibre entre<i> soft skill<\/i> et <i>hard skill<\/i> est recherch\u00e9, autant par les recruteurs que par les salari\u00e9s. Ces savoirs \u00e9voluent, s\u2019entretiennent et se d\u00e9veloppent tout au long de la carri\u00e8re par le biais de la formation continue ou de la promotion professionnelle, accompagn\u00e9es par le conseil en \u00e9volution professionnelle depuis sa mise en place en 2022<sup class=\"appel\" data-toggle=\"modal\" data-target=\"#notes\">(8)<\/sup>. Les carri\u00e8res ne sont plus aussi lin\u00e9aires\u2009: formation, promotion, mobilit\u00e9, reconversion font d\u00e9sormais partie int\u00e9grante des parcours professionnels tout au long de la vie. Mais cela ne suffit pas pour rester attractif.<\/p>\n<p>En parall\u00e8le, l\u2019inflation normative qui touche les \u00e9tablissements de sante\u0301 depuis vingt ans, tout comme la transition d\u00e9mographique, \u00e9pid\u00e9miologique et technologique, attestait d\u00e9j\u00e0 du n\u00e9cessaire imp\u00e9ratif d\u2019\u00e9volution vers des pratiques manag\u00e9riales plus collaboratives. Plus qu\u2019avant, les manageurs hospitaliers sont confront\u00e9s a\u0300 des prises de d\u00e9cisions quotidiennes qui impactent les organisations. Les m\u00e9tiers se professionnalisent au gr\u00e9 des r\u00e9formes et des sp\u00e9cialit\u00e9s m\u00e9dicales (infirmier en pratique avanc\u00e9e, enseignant en activit\u00e9 physique adapt\u00e9e, assistant de soin en g\u00e9rontologie\u2026). N\u00e9anmoins, les femmes se heurtent plus que les hommes \u00e0 un plafond de verre dans leur ascension professionnelle\u2009: alors que la fonction publique hospitali\u00e8re compte 78\u2009% de femmes, cette proportion chute \u00e0 54\u2009% lorsqu\u2019il s\u2019agit d\u2019acc\u00e9der \u00e0 des postes \u00e0 responsabilit\u00e9<sup class=\"appel\" data-toggle=\"modal\" data-target=\"#notes\">(9)<\/sup>.<\/p>\n<h2>\u00c9galit\u00e9 femmes\/hommes\u2009: un objectif \u00e0 atteindre<\/h2>\n<p>Si la sp\u00e9cialisation et la professionnalisation des m\u00e9tiers de la sant\u00e9 sont incontournables, il reste encore un long chemin \u00e0 parcourir avant de parvenir \u00e0 une \u00e9volution \u00e9galitaire entre les femmes et les hommes. En effet, la sant\u00e9 ne fait pas exception, et si les professions qui entourent la sant\u00e9 sont marqu\u00e9es par une majorit\u00e9 de femmes, force est de constater que ce ratio n\u2019est plus conserv\u00e9 lorsqu\u2019il s\u2019agit d\u2019\u00e9voluer en son sein. Les causes sont multiples \u2013 d\u00e9placement, distance, mobilit\u00e9, mode de garde des enfants, avance des frais de formation, perte de primes parfois\u2026 \u2013, autant de freins qui peuvent contrevenir aux ambitions individuelles.<\/p>\n<p>De m\u00eame, il est d\u2019usage de consid\u00e9rer que la comp\u00e9tence attend le poids des ann\u00e9es, aussi faut-il actuellement attendre dix ans en moyenne pour \u00e9voluer en tant que cadre, et vingt ans de plus pour acc\u00e9der aux postes de direction. Des carri\u00e8res qui s\u2019\u00e9tirent de fait dans la longueur sur un principe d\u2019\u00e9lection le plus souvent, quitte \u00e0 d\u00e9courager les plus vaillants. Un projet de r\u00e9forme est n\u00e9anmoins \u00e0 l\u2019\u00e9tude afin de modifier les modalit\u00e9s d\u2019entr\u00e9e en formation, tout comme les \u00e9preuves des concours doivent \u00eatre retoilett\u00e9es afin de d\u00e9velopper plus de comp\u00e9tences collectives et ainsi mieux se pr\u00e9parer aux r\u00e9alit\u00e9s du terrain.<\/p>\n<h1>La sant\u00e9, de l\u2019objet de soin \u00e0 l\u2019objet politique<\/h1>\n<h2>La politique de la sant\u00e9<\/h2>\n<p>Depuis le Conseil national de la r\u00e9sistance, et plus particuli\u00e8rement l\u2019instauration de la s\u00e9curit\u00e9 sociale par l\u2019ordonnance du 4\u202foctobre 1945<sup class=\"appel\" data-toggle=\"modal\" data-target=\"#notes\">(10)<\/sup>, la sant\u00e9 est devenue un objet politique autant qu\u2019un objet de soin. Qu\u2019il s\u2019agisse du financement de la sant\u00e9, de l\u2019organisation ou de la r\u00e9mun\u00e9ration des professionnels de sant\u00e9, la politique est au c\u0153ur des \u00e9quilibres. \u00c9lus, comit\u00e9 de d\u00e9fense de l\u2019h\u00f4pital, syndicats, associations, corps m\u00e9dical, agences r\u00e9gionales de sant\u00e9\u2026, nombreux sont les intervenants qui participent \u00e0 la d\u00e9finition du management de l\u2019h\u00f4pital. Pour autant, les \u00e9tablissements se trouvent face \u00e0 des obligations de r\u00e9sultat sans n\u00e9cessairement disposer des moyens n\u00e9cessaires.<\/p>\n<p>De m\u00eame, les interactions de l\u2019h\u00f4pital et la cit\u00e9, par le biais des m\u00e9dias, coupl\u00e9es \u00e0 l\u2019influence progressive des relations externes sur le management des \u00e9tablissements, ont complexifi\u00e9 les rapports de force internes. D\u00e9sormais, \u00e0 des int\u00e9r\u00eats collectifs viennent se confronter des int\u00e9r\u00eats parfois individuels pouvant biaiser les prises de d\u00e9cision. Au gr\u00e9 des alternances politiques et des mobilit\u00e9s r\u00e9guli\u00e8res des chefs d\u2019\u00e9tablissement, s\u2019instaure un climat de changement permanent peu propice \u00e0 la stabilisation des institutions, rendant inconfortable la mise en responsabilit\u00e9 pour les manageurs.<\/p>\n<h2>Le management de la sant\u00e9<\/h2>\n<p>Au carrefour des motivations et influences individuelles comme collectives, et confronte\u0301 a\u0300 des distorsions dans le traitement de l\u2019information, le d\u00e9cideur doit se montrer clairvoyant et exemplaire en objectivant ses choix sur la base de crit\u00e8res de s\u00e9lection et d\u2019\u00e9valuation sous peine de discr\u00e9diter son action. Pourtant, nombreuses sont les d\u00e9cisions qui ne reposent sur aucun argumentaire, ni \u00e9l\u00e9ment factuel autre que les jeux d\u2019influence et d\u2019acteurs<sup class=\"appel\" data-toggle=\"modal\" data-target=\"#notes\">(11)<\/sup>, compromettant toute \u00e9galit\u00e9 des droits et des chances, toute honn\u00eatet\u00e9 intellectuelle et objectivit\u00e9.<\/p>\n<p>Dans la fonction publique hospitali\u00e8re, l\u2019augmentation de l\u2019int\u00e9rim et le recrutement croissant de contractuels conduisent \u00e9galement \u00e0 un effacement des valeurs de service public, une moindre acculturation aux droits et obligations des fonctionnaires<sup class=\"appel\" data-toggle=\"modal\" data-target=\"#notes\">(12)<\/sup>, des\u00a0disparit\u00e9s de salaire et des in\u00e9galit\u00e9s de traitement. L\u2019organisation matricielle nuit par ailleurs au management en favorisant les doubles discours et les injonctions paradoxales, tout comme les imbrications entre l\u2019intra et l\u2019extrahospitalier influencent les prises de position. Aussi, le bon agent serait identifi\u00e9 comme le \u00ab\u2009marginal s\u00e9quent<sup class=\"appel\" data-toggle=\"modal\" data-target=\"#notes\">(13)<\/sup>\u2009\u00bb dot\u00e9 du meilleur r\u00e9seau d\u2019influence capable de passer outre ses valeurs, gagn\u00e9 par une ambition sans limite ou, au contraire, gagn\u00e9 par l\u2019adoption d\u2019une position de retrait. Sans ligne hi\u00e9rarchique clairement \u00e9tablie, ni soutien, les manageurs perdent toute la motivation, la cr\u00e9dibilit\u00e9 et l\u2019autonomie essentielles \u00e0 l\u2019exercice de leurs fonctions. Ainsi la p\u00e9nurie des professionnels de sant\u00e9 s\u2019\u00e9tend-elle jusqu\u2019\u00e0 atteindre les professions \u00e0 col blanc\u2009: cadres, ing\u00e9nieurs, attach\u00e9s, directeurs. Face \u00e0 cette situation, les conditions d\u2019acc\u00e8s sont d\u00e9grad\u00e9es pour permettre \u00e0 un plus grand nombre de professionnels d\u2019acc\u00e9der \u00e0 ces fonctions, le recours accru aux \u00ab\u2009faisant fonction\u2009\u00bb compromettant l\u2019image et le respect dus \u00e0 ces professions.<\/p>\n<h1>Conclusion<\/h1>\n<p>Sans se laisser gagner par une vision trop pessimiste, il faut reconna\u00eetre que les m\u00e9tiers de la sant\u00e9 sont loin de l\u2019id\u00e9al un peu na\u00eff que l\u2019on veut bien leur pr\u00eater, loin aussi des phrases toute faites auxquelles il faudrait adh\u00e9rer sans concession. Certes, les m\u00e9tiers de la sant\u00e9 rendent un service majeur \u00e0 la population et, \u00e0 ce titre, nous pouvons \u00eatre fiers de contribuer \u00e0 sa r\u00e9alisation, mais le quotidien est loin d\u2019\u00eatre une routine bien huil\u00e9e\u2009: al\u00e9as, erreur m\u00e9dicale, plainte, r\u00e9clamation, d\u00e9c\u00e8s, violence et agressivit\u00e9 sont aussi le lot du quotidien des professionnels de sant\u00e9.<\/p>\n<p>Les m\u00e9tiers de la sant\u00e9 sont peut-\u00eatre ceux qui rencontrent le plus souvent \u00e9chec, insatisfaction et ingratitude au regard des enjeux. La dictature de l\u2019optimisme<sup class=\"appel\" data-toggle=\"modal\" data-target=\"#notes\">(14)<\/sup> qui domine aujourd\u2019hui ne semble plus en ad\u00e9quation avec le contexte que nous traversons. Une meilleure connaissance des contraintes et limites permettrait probablement de r\u00e9duire le nombre d\u2019abandons ou de carri\u00e8res courtes.<\/p>\n<p>\u00c0 force de se cacher derri\u00e8re des concepts tout faits, dans un monde particuli\u00e8rement hi\u00e9rarchis\u00e9 et rompu \u00e0 l\u2019exercice du corporatisme, la r\u00e9alit\u00e9 du terrain est gomm\u00e9e, l\u2019engagement et les valeurs inh\u00e9rentes \u00e0 l\u2019exercice de ces fonctions sont d\u00e9ni\u00e9s, au risque de parvenir \u00e0 des g\u00e9n\u00e9rations d\u00e9senchant\u00e9es.<\/p>\n<script>function PlayerjsAsync(){} if(window[\"Playerjs\"]){PlayerjsAsync();}<\/script>","protected":false},"excerpt":{"rendered":"<p><span class=\"span-reading-time rt-reading-time\" style=\"display: block;\"><span class=\"rt-label rt-prefix\">Temps de lecture\u00a0: <\/span> <span class=\"rt-time\"> 7<\/span> <span class=\"rt-label rt-postfix\">minutes<\/span><\/span>Si la repr\u00e9sentation des m\u00e9tiers de la sant\u00e9 b\u00e9n\u00e9ficie d\u2019une gr\u00e2ce particuli\u00e8re au regard du service qu\u2019ils peuvent rendre \u00e0 la population, la qualification \u00ab\u2009beau m\u00e9tier\u2009\u00bb qui leur est attribu\u00e9e est-elle devenue une l\u00e9gende\u2009? La vocation, le d\u00e9vouement\u2009et les serments propres aux professions de sant\u00e9 ont laiss\u00e9 place \u00e0 de nouveaux attributs\u2009: p\u00e9nibilit\u00e9, p\u00e9nurie, contrainte, entra\u00eenant un d\u00e9ficit criant d\u2019attractivit\u00e9. Les instituts de formation peinent \u00e0 remplir leurs promotions et&hellip; <\/p>\n","protected":false},"author":23133,"featured_media":0,"comment_status":"closed","ping_status":"closed","sticky":false,"template":"","format":"standard","meta":{"_acf_changed":false,"_relevanssi_hide_post":"","_relevanssi_hide_content":"","_relevanssi_pin_for_all":"","_relevanssi_pin_keywords":"","_relevanssi_unpin_keywords":"","_relevanssi_related_keywords":"","_relevanssi_related_include_ids":"","_relevanssi_related_exclude_ids":"","_relevanssi_related_no_append":"","_relevanssi_related_not_related":"","_relevanssi_related_posts":"","_relevanssi_noindex_reason":"","footnotes":""},"categories":[26,2],"tags":[799,9324,10408,10409,10407,5,5697],"class_list":["post-48640","post","type-post","status-publish","format-standard","hentry","category-dossier","category-gestions-hospitalieres","tag-attractivite","tag-capital-humain","tag-dictature-de-loptimisme","tag-generation","tag-metiers-de-la-sante","tag-permanence-des-soins","tag-qvt"],"acf":[],"yoast_head":"<!-- This site is optimized with the Yoast SEO plugin v24.8.1 - https:\/\/yoast.com\/wordpress\/plugins\/seo\/ -->\n<title>Les m\u00e9tiers de la sant\u00e9 font-ils encore r\u00eaver\u2009? - Gestions hospitali\u00e8res<\/title>\n<meta name=\"robots\" content=\"index, follow, max-snippet:-1, max-image-preview:large, max-video-preview:-1\" \/>\n<link rel=\"canonical\" href=\"https:\/\/www.ricom-web8.com\/gestions\/les-metiers-de-la-sante-font-ils-encore-rever\/\" \/>\n<meta property=\"og:locale\" content=\"fr_FR\" \/>\n<meta property=\"og:type\" content=\"article\" \/>\n<meta property=\"og:title\" content=\"Les m\u00e9tiers de la sant\u00e9 font-ils encore r\u00eaver\u2009? - Gestions hospitali\u00e8res\" \/>\n<meta property=\"og:description\" content=\"Temps de lecture\u00a0:  7 minutesSi la repr\u00e9sentation des m\u00e9tiers de la sant\u00e9 b\u00e9n\u00e9ficie d\u2019une gr\u00e2ce particuli\u00e8re au regard du service qu\u2019ils peuvent rendre \u00e0 la population, la qualification \u00ab\u2009beau m\u00e9tier\u2009\u00bb qui leur est attribu\u00e9e est-elle devenue une l\u00e9gende\u2009? La vocation, le d\u00e9vouement\u2009et les serments propres aux professions de sant\u00e9 ont laiss\u00e9 place \u00e0 de nouveaux attributs\u2009: p\u00e9nibilit\u00e9, p\u00e9nurie, contrainte, entra\u00eenant un d\u00e9ficit criant d\u2019attractivit\u00e9. Les instituts de formation peinent \u00e0 remplir leurs promotions et&hellip;\" \/>\n<meta property=\"og:url\" content=\"https:\/\/www.ricom-web8.com\/gestions\/les-metiers-de-la-sante-font-ils-encore-rever\/\" \/>\n<meta property=\"og:site_name\" content=\"Gestions hospitali\u00e8res\" \/>\n<meta property=\"article:publisher\" content=\"https:\/\/www.facebook.com\/gestionshospitalieres\/\" \/>\n<meta property=\"article:published_time\" content=\"2024-08-01T14:36:43+00:00\" \/>\n<meta property=\"article:modified_time\" content=\"2024-10-02T08:47:32+00:00\" \/>\n<meta name=\"author\" content=\"Gestions hospitali\u00e8res\" \/>\n<meta name=\"twitter:card\" content=\"summary_large_image\" \/>\n<meta name=\"twitter:creator\" content=\"@revue_GH\" \/>\n<meta name=\"twitter:site\" content=\"@revue_GH\" \/>\n<meta name=\"twitter:label1\" content=\"\u00c9crit par\" \/>\n\t<meta name=\"twitter:data1\" content=\"Gestions hospitali\u00e8res\" \/>\n\t<meta name=\"twitter:label2\" content=\"Dur\u00e9e de lecture estim\u00e9e\" \/>\n\t<meta name=\"twitter:data2\" content=\"11 minutes\" \/>\n<script type=\"application\/ld+json\" class=\"yoast-schema-graph\">{\"@context\":\"https:\/\/schema.org\",\"@graph\":[{\"@type\":\"Article\",\"@id\":\"https:\/\/www.ricom-web8.com\/gestions\/les-metiers-de-la-sante-font-ils-encore-rever\/#article\",\"isPartOf\":{\"@id\":\"https:\/\/www.ricom-web8.com\/gestions\/les-metiers-de-la-sante-font-ils-encore-rever\/\"},\"author\":{\"name\":\"Gestions hospitali\u00e8res\",\"@id\":\"https:\/\/www.ricom-web8.com\/gestions\/#\/schema\/person\/3ba9fe913190dfe9507feb621e902c1f\"},\"headline\":\"Les m\u00e9tiers de la sant\u00e9 font-ils encore r\u00eaver\u2009?\",\"datePublished\":\"2024-08-01T14:36:43+00:00\",\"dateModified\":\"2024-10-02T08:47:32+00:00\",\"mainEntityOfPage\":{\"@id\":\"https:\/\/www.ricom-web8.com\/gestions\/les-metiers-de-la-sante-font-ils-encore-rever\/\"},\"wordCount\":2258,\"publisher\":{\"@id\":\"https:\/\/www.ricom-web8.com\/gestions\/#organization\"},\"keywords\":[\"attractivit\u00e9\",\"capital humain\",\"dictature de l'optimisme\",\"g\u00e9n\u00e9ration\",\"m\u00e9tiers de la sant\u00e9\",\"permanence des soins\",\"QVT\"],\"articleSection\":[\"dossier\",\"Gestions Hospitali\u00e8res\"],\"inLanguage\":\"fr-FR\"},{\"@type\":\"WebPage\",\"@id\":\"https:\/\/www.ricom-web8.com\/gestions\/les-metiers-de-la-sante-font-ils-encore-rever\/\",\"url\":\"https:\/\/www.ricom-web8.com\/gestions\/les-metiers-de-la-sante-font-ils-encore-rever\/\",\"name\":\"Les m\u00e9tiers de la sant\u00e9 font-ils encore r\u00eaver\u2009? - Gestions hospitali\u00e8res\",\"isPartOf\":{\"@id\":\"https:\/\/www.ricom-web8.com\/gestions\/#website\"},\"datePublished\":\"2024-08-01T14:36:43+00:00\",\"dateModified\":\"2024-10-02T08:47:32+00:00\",\"breadcrumb\":{\"@id\":\"https:\/\/www.ricom-web8.com\/gestions\/les-metiers-de-la-sante-font-ils-encore-rever\/#breadcrumb\"},\"inLanguage\":\"fr-FR\",\"potentialAction\":[{\"@type\":\"ReadAction\",\"target\":[\"https:\/\/www.ricom-web8.com\/gestions\/les-metiers-de-la-sante-font-ils-encore-rever\/\"]}]},{\"@type\":\"BreadcrumbList\",\"@id\":\"https:\/\/www.ricom-web8.com\/gestions\/les-metiers-de-la-sante-font-ils-encore-rever\/#breadcrumb\",\"itemListElement\":[{\"@type\":\"ListItem\",\"position\":1,\"name\":\"Accueil\",\"item\":\"https:\/\/www.ricom-web8.com\/gestions\/\"},{\"@type\":\"ListItem\",\"position\":2,\"name\":\"Les m\u00e9tiers de la sant\u00e9 font-ils encore r\u00eaver\u2009?\"}]},{\"@type\":\"WebSite\",\"@id\":\"https:\/\/www.ricom-web8.com\/gestions\/#website\",\"url\":\"https:\/\/www.ricom-web8.com\/gestions\/\",\"name\":\"Gestions hospitali\u00e8res\",\"description\":\"la revue des d\u00e9cideurs hospitaliers\",\"publisher\":{\"@id\":\"https:\/\/www.ricom-web8.com\/gestions\/#organization\"},\"potentialAction\":[{\"@type\":\"SearchAction\",\"target\":{\"@type\":\"EntryPoint\",\"urlTemplate\":\"https:\/\/www.ricom-web8.com\/gestions\/?s={search_term_string}\"},\"query-input\":{\"@type\":\"PropertyValueSpecification\",\"valueRequired\":true,\"valueName\":\"search_term_string\"}}],\"inLanguage\":\"fr-FR\"},{\"@type\":\"Organization\",\"@id\":\"https:\/\/www.ricom-web8.com\/gestions\/#organization\",\"name\":\"Gestions hospitali\u00e8res\",\"url\":\"https:\/\/www.ricom-web8.com\/gestions\/\",\"logo\":{\"@type\":\"ImageObject\",\"inLanguage\":\"fr-FR\",\"@id\":\"https:\/\/www.ricom-web8.com\/gestions\/#\/schema\/logo\/image\/\",\"url\":\"https:\/\/gestions-hospitalieres.fr\/wp-content\/uploads\/2017\/02\/picto_Gif-GH-trans.png\",\"contentUrl\":\"https:\/\/gestions-hospitalieres.fr\/wp-content\/uploads\/2017\/02\/picto_Gif-GH-trans.png\",\"width\":512,\"height\":512,\"caption\":\"Gestions hospitali\u00e8res\"},\"image\":{\"@id\":\"https:\/\/www.ricom-web8.com\/gestions\/#\/schema\/logo\/image\/\"},\"sameAs\":[\"https:\/\/www.facebook.com\/gestionshospitalieres\/\",\"https:\/\/x.com\/revue_GH\",\"https:\/\/www.linkedin.com\/company\/gestions-hospitalieres?trk=top_nav_home\"]},{\"@type\":\"Person\",\"@id\":\"https:\/\/www.ricom-web8.com\/gestions\/#\/schema\/person\/3ba9fe913190dfe9507feb621e902c1f\",\"name\":\"Gestions hospitali\u00e8res\",\"image\":{\"@type\":\"ImageObject\",\"inLanguage\":\"fr-FR\",\"@id\":\"https:\/\/www.ricom-web8.com\/gestions\/#\/schema\/person\/image\/\",\"url\":\"https:\/\/secure.gravatar.com\/avatar\/1a0d93e6db5dbe7dac96bae4757d256f?s=96&d=mm&r=g\",\"contentUrl\":\"https:\/\/secure.gravatar.com\/avatar\/1a0d93e6db5dbe7dac96bae4757d256f?s=96&d=mm&r=g\",\"caption\":\"Gestions hospitali\u00e8res\"},\"url\":\"https:\/\/www.ricom-web8.com\/gestions\/author\/benjamin\/\"}]}<\/script>\n<!-- \/ Yoast SEO plugin. -->","yoast_head_json":{"title":"Les m\u00e9tiers de la sant\u00e9 font-ils encore r\u00eaver\u2009? - Gestions hospitali\u00e8res","robots":{"index":"index","follow":"follow","max-snippet":"max-snippet:-1","max-image-preview":"max-image-preview:large","max-video-preview":"max-video-preview:-1"},"canonical":"https:\/\/www.ricom-web8.com\/gestions\/les-metiers-de-la-sante-font-ils-encore-rever\/","og_locale":"fr_FR","og_type":"article","og_title":"Les m\u00e9tiers de la sant\u00e9 font-ils encore r\u00eaver\u2009? - Gestions hospitali\u00e8res","og_description":"Temps de lecture\u00a0:  7 minutesSi la repr\u00e9sentation des m\u00e9tiers de la sant\u00e9 b\u00e9n\u00e9ficie d\u2019une gr\u00e2ce particuli\u00e8re au regard du service qu\u2019ils peuvent rendre \u00e0 la population, la qualification \u00ab\u2009beau m\u00e9tier\u2009\u00bb qui leur est attribu\u00e9e est-elle devenue une l\u00e9gende\u2009? La vocation, le d\u00e9vouement\u2009et les serments propres aux professions de sant\u00e9 ont laiss\u00e9 place \u00e0 de nouveaux attributs\u2009: p\u00e9nibilit\u00e9, p\u00e9nurie, contrainte, entra\u00eenant un d\u00e9ficit criant d\u2019attractivit\u00e9. Les instituts de formation peinent \u00e0 remplir leurs promotions et&hellip;","og_url":"https:\/\/www.ricom-web8.com\/gestions\/les-metiers-de-la-sante-font-ils-encore-rever\/","og_site_name":"Gestions hospitali\u00e8res","article_publisher":"https:\/\/www.facebook.com\/gestionshospitalieres\/","article_published_time":"2024-08-01T14:36:43+00:00","article_modified_time":"2024-10-02T08:47:32+00:00","author":"Gestions hospitali\u00e8res","twitter_card":"summary_large_image","twitter_creator":"@revue_GH","twitter_site":"@revue_GH","twitter_misc":{"\u00c9crit par":"Gestions hospitali\u00e8res","Dur\u00e9e de lecture estim\u00e9e":"11 minutes"},"schema":{"@context":"https:\/\/schema.org","@graph":[{"@type":"Article","@id":"https:\/\/www.ricom-web8.com\/gestions\/les-metiers-de-la-sante-font-ils-encore-rever\/#article","isPartOf":{"@id":"https:\/\/www.ricom-web8.com\/gestions\/les-metiers-de-la-sante-font-ils-encore-rever\/"},"author":{"name":"Gestions hospitali\u00e8res","@id":"https:\/\/www.ricom-web8.com\/gestions\/#\/schema\/person\/3ba9fe913190dfe9507feb621e902c1f"},"headline":"Les m\u00e9tiers de la sant\u00e9 font-ils encore r\u00eaver\u2009?","datePublished":"2024-08-01T14:36:43+00:00","dateModified":"2024-10-02T08:47:32+00:00","mainEntityOfPage":{"@id":"https:\/\/www.ricom-web8.com\/gestions\/les-metiers-de-la-sante-font-ils-encore-rever\/"},"wordCount":2258,"publisher":{"@id":"https:\/\/www.ricom-web8.com\/gestions\/#organization"},"keywords":["attractivit\u00e9","capital humain","dictature de l'optimisme","g\u00e9n\u00e9ration","m\u00e9tiers de la sant\u00e9","permanence des soins","QVT"],"articleSection":["dossier","Gestions Hospitali\u00e8res"],"inLanguage":"fr-FR"},{"@type":"WebPage","@id":"https:\/\/www.ricom-web8.com\/gestions\/les-metiers-de-la-sante-font-ils-encore-rever\/","url":"https:\/\/www.ricom-web8.com\/gestions\/les-metiers-de-la-sante-font-ils-encore-rever\/","name":"Les m\u00e9tiers de la sant\u00e9 font-ils encore r\u00eaver\u2009? - Gestions hospitali\u00e8res","isPartOf":{"@id":"https:\/\/www.ricom-web8.com\/gestions\/#website"},"datePublished":"2024-08-01T14:36:43+00:00","dateModified":"2024-10-02T08:47:32+00:00","breadcrumb":{"@id":"https:\/\/www.ricom-web8.com\/gestions\/les-metiers-de-la-sante-font-ils-encore-rever\/#breadcrumb"},"inLanguage":"fr-FR","potentialAction":[{"@type":"ReadAction","target":["https:\/\/www.ricom-web8.com\/gestions\/les-metiers-de-la-sante-font-ils-encore-rever\/"]}]},{"@type":"BreadcrumbList","@id":"https:\/\/www.ricom-web8.com\/gestions\/les-metiers-de-la-sante-font-ils-encore-rever\/#breadcrumb","itemListElement":[{"@type":"ListItem","position":1,"name":"Accueil","item":"https:\/\/www.ricom-web8.com\/gestions\/"},{"@type":"ListItem","position":2,"name":"Les m\u00e9tiers de la sant\u00e9 font-ils encore r\u00eaver\u2009?"}]},{"@type":"WebSite","@id":"https:\/\/www.ricom-web8.com\/gestions\/#website","url":"https:\/\/www.ricom-web8.com\/gestions\/","name":"Gestions hospitali\u00e8res","description":"la revue des d\u00e9cideurs hospitaliers","publisher":{"@id":"https:\/\/www.ricom-web8.com\/gestions\/#organization"},"potentialAction":[{"@type":"SearchAction","target":{"@type":"EntryPoint","urlTemplate":"https:\/\/www.ricom-web8.com\/gestions\/?s={search_term_string}"},"query-input":{"@type":"PropertyValueSpecification","valueRequired":true,"valueName":"search_term_string"}}],"inLanguage":"fr-FR"},{"@type":"Organization","@id":"https:\/\/www.ricom-web8.com\/gestions\/#organization","name":"Gestions hospitali\u00e8res","url":"https:\/\/www.ricom-web8.com\/gestions\/","logo":{"@type":"ImageObject","inLanguage":"fr-FR","@id":"https:\/\/www.ricom-web8.com\/gestions\/#\/schema\/logo\/image\/","url":"https:\/\/gestions-hospitalieres.fr\/wp-content\/uploads\/2017\/02\/picto_Gif-GH-trans.png","contentUrl":"https:\/\/gestions-hospitalieres.fr\/wp-content\/uploads\/2017\/02\/picto_Gif-GH-trans.png","width":512,"height":512,"caption":"Gestions hospitali\u00e8res"},"image":{"@id":"https:\/\/www.ricom-web8.com\/gestions\/#\/schema\/logo\/image\/"},"sameAs":["https:\/\/www.facebook.com\/gestionshospitalieres\/","https:\/\/x.com\/revue_GH","https:\/\/www.linkedin.com\/company\/gestions-hospitalieres?trk=top_nav_home"]},{"@type":"Person","@id":"https:\/\/www.ricom-web8.com\/gestions\/#\/schema\/person\/3ba9fe913190dfe9507feb621e902c1f","name":"Gestions hospitali\u00e8res","image":{"@type":"ImageObject","inLanguage":"fr-FR","@id":"https:\/\/www.ricom-web8.com\/gestions\/#\/schema\/person\/image\/","url":"https:\/\/secure.gravatar.com\/avatar\/1a0d93e6db5dbe7dac96bae4757d256f?s=96&d=mm&r=g","contentUrl":"https:\/\/secure.gravatar.com\/avatar\/1a0d93e6db5dbe7dac96bae4757d256f?s=96&d=mm&r=g","caption":"Gestions hospitali\u00e8res"},"url":"https:\/\/www.ricom-web8.com\/gestions\/author\/benjamin\/"}]}},"_links":{"self":[{"href":"https:\/\/www.ricom-web8.com\/gestions\/wp-json\/wp\/v2\/posts\/48640","targetHints":{"allow":["GET"]}}],"collection":[{"href":"https:\/\/www.ricom-web8.com\/gestions\/wp-json\/wp\/v2\/posts"}],"about":[{"href":"https:\/\/www.ricom-web8.com\/gestions\/wp-json\/wp\/v2\/types\/post"}],"author":[{"embeddable":true,"href":"https:\/\/www.ricom-web8.com\/gestions\/wp-json\/wp\/v2\/users\/23133"}],"replies":[{"embeddable":true,"href":"https:\/\/www.ricom-web8.com\/gestions\/wp-json\/wp\/v2\/comments?post=48640"}],"version-history":[{"count":1,"href":"https:\/\/www.ricom-web8.com\/gestions\/wp-json\/wp\/v2\/posts\/48640\/revisions"}],"predecessor-version":[{"id":48641,"href":"https:\/\/www.ricom-web8.com\/gestions\/wp-json\/wp\/v2\/posts\/48640\/revisions\/48641"}],"wp:attachment":[{"href":"https:\/\/www.ricom-web8.com\/gestions\/wp-json\/wp\/v2\/media?parent=48640"}],"wp:term":[{"taxonomy":"category","embeddable":true,"href":"https:\/\/www.ricom-web8.com\/gestions\/wp-json\/wp\/v2\/categories?post=48640"},{"taxonomy":"post_tag","embeddable":true,"href":"https:\/\/www.ricom-web8.com\/gestions\/wp-json\/wp\/v2\/tags?post=48640"}],"curies":[{"name":"wp","href":"https:\/\/api.w.org\/{rel}","templated":true}]}}