

{"id":48649,"date":"2024-08-01T20:19:02","date_gmt":"2024-08-01T18:19:02","guid":{"rendered":"https:\/\/gestions-hospitalieres.fr\/?p=48649"},"modified":"2024-10-02T10:47:11","modified_gmt":"2024-10-02T08:47:11","slug":"journee-regionale-de-la-recherche-paramedicale","status":"publish","type":"post","link":"https:\/\/www.ricom-web8.com\/gestions\/journee-regionale-de-la-recherche-paramedicale\/","title":{"rendered":"Journ\u00e9e r\u00e9gionale de la recherche param\u00e9dicale"},"content":{"rendered":"<span class=\"span-reading-time rt-reading-time\" style=\"display: block;\"><span class=\"rt-label rt-prefix\">Temps de lecture\u00a0: <\/span> <span class=\"rt-time\"> 4<\/span> <span class=\"rt-label rt-postfix\">minutes<\/span><\/span><p>Si la recherche param\u00e9dicale permet la d\u00e9couverte de nouveaux savoirs et contribue \u00e0 d\u00e9velopper la qualit\u00e9 des soins, l\u2019innovation est une invention qui rencontre un usage, trouve une application et un march\u00e9 pour cr\u00e9er de la valeur aupr\u00e8s des patients, des soignants, du syst\u00e8me de sant\u00e9, et pour g\u00e9n\u00e9rer de l\u2019efficience. Les domaines d\u2019innovation dans le champ hospitalier sont nombreux et concernent le diagnostic m\u00e9dical, num\u00e9rique, organisationnel (parcours de soins), l\u2019architecture, la transformation \u00e9cologique\u2026 Les liens sont donc \u00e9troits entre ces deux concepts, qui peuvent se rencontrer lors de l\u2019\u00e9laboration d\u2019un projet. Le fauteuil \u00e0 \u00e9treinte pour certaines personnes autistes est un bon exemple puisqu\u2019il est \u00e0 la fois une innovation et une recherche pour en mesurer les impacts sur les personnes autistes.<\/p>\n<p>Au CHRU de Tours, des innovations dans les soins m\u00e9ritent d\u2019\u00eatre soulign\u00e9es, tel le M\u00e9mory Bouche, un outil p\u00e9dagogique cr\u00e9\u00e9 par des soignants qui permet de visualiser les diff\u00e9rents \u00e9tats d\u2019une bouche (mycose, s\u00e9cheresse\u2026) avec les soins et\/ou les traitements \u00e0 mettre en \u0153uvre. Cela permet aux \u00e9quipes d\u2019harmoniser les soins et d\u2019avoir de bons rep\u00e8res m\u00e9motechniques dans la prise en charge des soins de bouche.<\/p>\n<h1>Organisation<\/h1>\n<p>Pour d\u00e9terminer le th\u00e8me de cette cinqui\u00e8me journ\u00e9e r\u00e9gionale de recherche param\u00e9dicale, \u00e9laborer le cahier des charges et monter le programme, le comit\u00e9 d\u2019organisation s\u2019est r\u00e9uni mensuellement pendant plusieurs mois. Ce comit\u00e9 est compos\u00e9 de professionnels du CHRU de Tours\u2009: six cadres de sant\u00e9 de diff\u00e9rents secteurs (r\u00e9\u00e9ducateur, \u00e9quipe op\u00e9rationnelle d&#8217;hygi\u00e8ne [EOH], p\u00e9dopsychiatrie, canc\u00e9rologie et chirurgie cardiaque), deux cadres sup\u00e9rieurs de sant\u00e9, celui du p\u00f4le M\u00e9decine et le coordinateur p\u00e9dagogique de l&#8217;institut de formation en soins infirmiers (Ifsi), deux infirmi\u00e8res en pratique avanc\u00e9e (IPA) en g\u00e9riatrie et psychiatrie, le chef projet de la cellule d&#8217;investigation clinique (CIC) et le directeur des soins pilote du groupe.<span class=\"Apple-converted-space\">\u00a0<\/span><\/p>\n<p>Neuf soci\u00e9t\u00e9s partenaires ont soutenu la d\u00e9marche.<span class=\"Apple-converted-space\">\u00a0<\/span><\/p>\n<h1>D\u00e9roulement<\/h1>\n<p>Le jour J, les interventions du matin \u2013 mod\u00e9r\u00e9es et anim\u00e9es par le cadre de sant\u00e9 kin\u00e9 et le directeur des soins pilote du groupe \u2013 ont permis d\u2019appr\u00e9hender ce que sont la recherche param\u00e9dicale et l\u2019innovation, de pr\u00e9senter le fonctionnement et l\u2019activit\u00e9 du groupement interr\u00e9gional de la recherche clinique et de l\u2019innovation de la r\u00e9gion Grand Ouest (Girci GO), l\u2019articulation entre le Copil Recherche param\u00e9dicale et la cellule d\u2019aide au montage de la direction de l\u2019innovation et de la recherche (DRI) pour l\u2019accompagnement des projets et leur communication, ou encore de pr\u00e9senter des exemples comme le Mercato pour les \u00e9tudiants masseurs-kin\u00e9sith\u00e9rapeutes de l\u2019\u00e9cole universitaire de kin\u00e9sith\u00e9rapie Centre Val-de-Loire (EUKCVL).<\/p>\n<p>L\u2019apr\u00e8s-midi, les participants ont b\u00e9n\u00e9fici\u00e9 de retours d\u2019exp\u00e9rience de la recherche param\u00e9dicale et de ses d\u00e9clinaisons concr\u00e8tes sur le terrain\u2009: \u00ab\u2009De l\u2019id\u00e9e \u00e0 la question de recherche\u2009\u00bb, \u00ab\u2009E-learning en hygi\u00e8ne\u2009\u00bb, \u00ab\u2009Initiation \u00e0 la lecture critique d\u2019article\u2009: 24 points \u00e0 examiner\u2009\u00bb, \u00ab\u2009Le fauteuil OTO\u2009\u00bb\u2026 \u2009Un PU-PH, chirurgien orthop\u00e9diste au CHRU de Tours, a anim\u00e9 le groupe portant sur la formation par simulation des internes en chirurgie orthop\u00e9dique.<\/p>\n<h2>Prix des posters<\/h2>\n<p>Parmi les seize posters re\u00e7us apr\u00e8s appel \u00e0 contributions \u2013 douze r\u00e9alis\u00e9s par des professionnels, deux par des \u00e9tudiants en soins infirmiers et deux par des \u00e9tudiants kin\u00e9 \u2013, un jury en a pr\u00e9s\u00e9lectionn\u00e9 quatre (deux professionnels et deux \u00e9tudiants). Suite \u00e0 l&#8217;affichage et \u00e0 la diffusion des posters tout au long de la journ\u00e9e, les participants ont pu voter via un QR code selon trois crit\u00e8res\u2009: lisibilit\u00e9 et pr\u00e9sentation avec respect des consignes de pr\u00e9sentation, pertinence avec le th\u00e8me de la journ\u00e9e et rigueur scientifique. La remise des prix a eu lieu en fin de journ\u00e9e.<\/p>\n<ul>\n<li>Les travaux des professionnels prim\u00e9s\u2009sont :<br \/>\n\u2022 \u00ab\u2009Impact de la pratique du peau-\u00e0-peau lors du transfert entre la salle de naissance et l\u2019unit\u00e9 de soins chez le nouveau-n\u00e9 grand pr\u00e9matur\u00e9\u2009\u00bb <i>Mme\u202fClenet, IDE pu\u00e9ricultrice au Samu p\u00e9diatrique du CHRU de Tours<br \/>\n<\/i>\u2022 \u00ab\u2009Bruit en SSPI\u2009: incidence d\u2019une musique d\u2019ambiance\u2009\u00bb, <i>Mme\u202fCostes, Mme\u202fJezequel, cadre de sant\u00e9 anesth\u00e9sie<\/i><\/li>\n<li>Ceux des \u00e9tudiants sont\u2009:<br \/>\n\u2022 \u00ab\u2009Apprendre \u00e0 porter secours et les gestes qui sauvent \u2014 Les enfants de CP-CE1 sont-ils capables de conna\u00eetre et d\u2019alerter lors d\u2019une situation d\u2019urgence qui touche leurs proches\u2009?\u2009\u00bb, <i>S. Boisseleau, L. Bouhier, E. Cadorin, N. Klein, \u00e9tudiants de l\u2019Ifsi du CHRU de Tours<br \/>\n<\/i>\u2022 \u00ab\u2009Impact of Isometric Muscle Contractions on Pain Reduction in Patients with Achilles or Patellar Tendinopathies Compared to a Non-Specific Intervention\u2009: a Systematic Review\u2009\u00bb, <i>M.\u202fRamos, \u00e9tudiant kin\u00e9, \u00e9cole universitaire de kin\u00e9sith\u00e9rapie Centre Val-de-Loire<\/i><\/li>\n<\/ul>\n<h1>Conclusion<\/h1>\n<p>Cette journ\u00e9e a rencontr\u00e9 un vif succ\u00e8s (8,80\/10 d\u2019apr\u00e8s l\u2019enqu\u00eate de satisfaction diffus\u00e9e aupr\u00e8s des participants). De par son investissement, le comit\u00e9 d\u2019organisation a permis de d\u00e9velopper la coh\u00e9sion du groupe et le sentiment d\u2019utilit\u00e9 chez les professionnels.<\/p>\n<p>La prochaine \u00e9dition aura lieu le 10\u202fd\u00e9cembre 2024. Nous esp\u00e9rons de nombreux participants pour diffuser, promouvoir la culture de la recherche et d\u00e9velopper des liens avec les \u00e9tablissements de sant\u00e9 et de formation de la r\u00e9gion Centre Val-de-Loire.<\/p>\n<p><img decoding=\"async\" class=\"alignnone wp-image-48652\" src=\"https:\/\/gestions-hospitalieres.fr\/wp-content\/uploads\/2024\/09\/1720451139096-212x300.jpg\" alt=\"\" width=\"270\" height=\"382\" srcset=\"https:\/\/www.ricom-web8.com\/gestions\/wp-content\/uploads\/2024\/09\/1720451139096-212x300.jpg 212w, https:\/\/www.ricom-web8.com\/gestions\/wp-content\/uploads\/2024\/09\/1720451139096.jpg 707w\" sizes=\"(max-width: 270px) 100vw, 270px\" \/><\/p>\n<p><img decoding=\"async\" class=\"alignnone wp-image-48653 size-medium\" src=\"https:\/\/gestions-hospitalieres.fr\/wp-content\/uploads\/2024\/09\/Capture-decran-2024-09-30-a-20.31.11-293x300.png\" alt=\"\" width=\"293\" height=\"300\" srcset=\"https:\/\/www.ricom-web8.com\/gestions\/wp-content\/uploads\/2024\/09\/Capture-decran-2024-09-30-a-20.31.11-293x300.png 293w, https:\/\/www.ricom-web8.com\/gestions\/wp-content\/uploads\/2024\/09\/Capture-decran-2024-09-30-a-20.31.11.png 396w\" sizes=\"(max-width: 293px) 100vw, 293px\" \/><\/p>\n<p>&nbsp;<\/p>\n<hr \/>\n<p><strong>R\u00e9f\u00e9rences<\/strong><\/p>\n<p>\u2022 H. Mintzberg, <i>Le Management, voyage au centre des organisations<\/i>, \u00c9ditions d\u2019organisation, 1989. <i>Le Manager au quotidien\u2009: les dix r\u00f4les du cadre<\/i>, \u00c9ditions d\u2019organisation, 1984.<\/p>\n<p>\u2022 Note d\u2019information n\u00b0 DGOS\/PF4\/2023\/102 du 29 juin 2023 relative aux programmes de recherche sur les soins et l\u2019offre de soins pour 2023.<\/p>\n<p>\u2022 CNPR,<i> Livre blanc de la recherche param\u00e9dicale<\/i>, mars 2022. <a href=\"http:\/\/chu-bordeaux.fr\" target=\"_blank\" rel=\"noopener\">chu-bordeaux.fr<\/a><\/p>\n<script>function PlayerjsAsync(){} if(window[\"Playerjs\"]){PlayerjsAsync();}<\/script>","protected":false},"excerpt":{"rendered":"<p><span class=\"span-reading-time rt-reading-time\" style=\"display: block;\"><span class=\"rt-label rt-prefix\">Temps de lecture\u00a0: <\/span> <span class=\"rt-time\"> 4<\/span> <span class=\"rt-label rt-postfix\">minutes<\/span><\/span>Si la recherche param\u00e9dicale permet la d\u00e9couverte de nouveaux savoirs et contribue \u00e0 d\u00e9velopper la qualit\u00e9 des soins, l\u2019innovation est une invention qui rencontre un usage, trouve une application et un march\u00e9 pour cr\u00e9er de la valeur aupr\u00e8s des patients, des soignants, du syst\u00e8me de sant\u00e9, et pour g\u00e9n\u00e9rer de l\u2019efficience. Les domaines d\u2019innovation dans le champ hospitalier sont nombreux et concernent le diagnostic m\u00e9dical, num\u00e9rique, organisationnel (parcours de soins),&hellip; <\/p>\n","protected":false},"author":23133,"featured_media":0,"comment_status":"closed","ping_status":"closed","sticky":false,"template":"","format":"standard","meta":{"_acf_changed":false,"_relevanssi_hide_post":"","_relevanssi_hide_content":"","_relevanssi_pin_for_all":"","_relevanssi_pin_keywords":"","_relevanssi_unpin_keywords":"","_relevanssi_related_keywords":"","_relevanssi_related_include_ids":"","_relevanssi_related_exclude_ids":"","_relevanssi_related_no_append":"","_relevanssi_related_not_related":"","_relevanssi_related_posts":"","_relevanssi_noindex_reason":"","footnotes":""},"categories":[26,2],"tags":[8814,469,36,6567],"class_list":["post-48649","post","type-post","status-publish","format-standard","hentry","category-dossier","category-gestions-hospitalieres","tag-chru-tours","tag-formation","tag-organisation","tag-recherche-paramedicale"],"acf":[],"yoast_head":"<!-- This site is optimized with the Yoast SEO plugin v24.8.1 - https:\/\/yoast.com\/wordpress\/plugins\/seo\/ -->\n<title>Journ\u00e9e r\u00e9gionale de la recherche param\u00e9dicale - Gestions hospitali\u00e8res<\/title>\n<meta name=\"robots\" content=\"index, follow, max-snippet:-1, max-image-preview:large, max-video-preview:-1\" \/>\n<link rel=\"canonical\" href=\"https:\/\/www.ricom-web8.com\/gestions\/journee-regionale-de-la-recherche-paramedicale\/\" \/>\n<meta property=\"og:locale\" content=\"fr_FR\" \/>\n<meta property=\"og:type\" content=\"article\" \/>\n<meta property=\"og:title\" content=\"Journ\u00e9e r\u00e9gionale de la recherche param\u00e9dicale - Gestions hospitali\u00e8res\" \/>\n<meta property=\"og:description\" content=\"Temps de lecture\u00a0:  4 minutesSi la recherche param\u00e9dicale permet la d\u00e9couverte de nouveaux savoirs et contribue \u00e0 d\u00e9velopper la qualit\u00e9 des soins, l\u2019innovation est une invention qui rencontre un usage, trouve une application et un march\u00e9 pour cr\u00e9er de la valeur aupr\u00e8s des patients, des soignants, du syst\u00e8me de sant\u00e9, et pour g\u00e9n\u00e9rer de l\u2019efficience. Les domaines d\u2019innovation dans le champ hospitalier sont nombreux et concernent le diagnostic m\u00e9dical, num\u00e9rique, organisationnel (parcours de soins),&hellip;\" \/>\n<meta property=\"og:url\" content=\"https:\/\/www.ricom-web8.com\/gestions\/journee-regionale-de-la-recherche-paramedicale\/\" \/>\n<meta property=\"og:site_name\" content=\"Gestions hospitali\u00e8res\" \/>\n<meta property=\"article:publisher\" content=\"https:\/\/www.facebook.com\/gestionshospitalieres\/\" \/>\n<meta property=\"article:published_time\" content=\"2024-08-01T18:19:02+00:00\" \/>\n<meta property=\"article:modified_time\" content=\"2024-10-02T08:47:11+00:00\" \/>\n<meta property=\"og:image\" content=\"https:\/\/gestions-hospitalieres.fr\/wp-content\/uploads\/2024\/09\/1720451139096-212x300.jpg\" \/>\n<meta name=\"author\" content=\"Gestions hospitali\u00e8res\" \/>\n<meta name=\"twitter:card\" content=\"summary_large_image\" \/>\n<meta name=\"twitter:creator\" content=\"@revue_GH\" \/>\n<meta name=\"twitter:site\" content=\"@revue_GH\" \/>\n<meta name=\"twitter:label1\" content=\"\u00c9crit par\" \/>\n\t<meta name=\"twitter:data1\" content=\"Gestions hospitali\u00e8res\" \/>\n\t<meta name=\"twitter:label2\" content=\"Dur\u00e9e de lecture estim\u00e9e\" \/>\n\t<meta name=\"twitter:data2\" content=\"5 minutes\" \/>\n<script type=\"application\/ld+json\" class=\"yoast-schema-graph\">{\"@context\":\"https:\/\/schema.org\",\"@graph\":[{\"@type\":\"Article\",\"@id\":\"https:\/\/www.ricom-web8.com\/gestions\/journee-regionale-de-la-recherche-paramedicale\/#article\",\"isPartOf\":{\"@id\":\"https:\/\/www.ricom-web8.com\/gestions\/journee-regionale-de-la-recherche-paramedicale\/\"},\"author\":{\"name\":\"Gestions hospitali\u00e8res\",\"@id\":\"https:\/\/www.ricom-web8.com\/gestions\/#\/schema\/person\/3ba9fe913190dfe9507feb621e902c1f\"},\"headline\":\"Journ\u00e9e r\u00e9gionale de la recherche param\u00e9dicale\",\"datePublished\":\"2024-08-01T18:19:02+00:00\",\"dateModified\":\"2024-10-02T08:47:11+00:00\",\"mainEntityOfPage\":{\"@id\":\"https:\/\/www.ricom-web8.com\/gestions\/journee-regionale-de-la-recherche-paramedicale\/\"},\"wordCount\":986,\"publisher\":{\"@id\":\"https:\/\/www.ricom-web8.com\/gestions\/#organization\"},\"image\":{\"@id\":\"https:\/\/www.ricom-web8.com\/gestions\/journee-regionale-de-la-recherche-paramedicale\/#primaryimage\"},\"thumbnailUrl\":\"https:\/\/gestions-hospitalieres.fr\/wp-content\/uploads\/2024\/09\/1720451139096-212x300.jpg\",\"keywords\":[\"CHRU Tours\",\"formation\",\"organisation\",\"recherche param\u00e9dicale\"],\"articleSection\":[\"dossier\",\"Gestions Hospitali\u00e8res\"],\"inLanguage\":\"fr-FR\"},{\"@type\":\"WebPage\",\"@id\":\"https:\/\/www.ricom-web8.com\/gestions\/journee-regionale-de-la-recherche-paramedicale\/\",\"url\":\"https:\/\/www.ricom-web8.com\/gestions\/journee-regionale-de-la-recherche-paramedicale\/\",\"name\":\"Journ\u00e9e r\u00e9gionale de la recherche param\u00e9dicale - Gestions hospitali\u00e8res\",\"isPartOf\":{\"@id\":\"https:\/\/www.ricom-web8.com\/gestions\/#website\"},\"primaryImageOfPage\":{\"@id\":\"https:\/\/www.ricom-web8.com\/gestions\/journee-regionale-de-la-recherche-paramedicale\/#primaryimage\"},\"image\":{\"@id\":\"https:\/\/www.ricom-web8.com\/gestions\/journee-regionale-de-la-recherche-paramedicale\/#primaryimage\"},\"thumbnailUrl\":\"https:\/\/gestions-hospitalieres.fr\/wp-content\/uploads\/2024\/09\/1720451139096-212x300.jpg\",\"datePublished\":\"2024-08-01T18:19:02+00:00\",\"dateModified\":\"2024-10-02T08:47:11+00:00\",\"breadcrumb\":{\"@id\":\"https:\/\/www.ricom-web8.com\/gestions\/journee-regionale-de-la-recherche-paramedicale\/#breadcrumb\"},\"inLanguage\":\"fr-FR\",\"potentialAction\":[{\"@type\":\"ReadAction\",\"target\":[\"https:\/\/www.ricom-web8.com\/gestions\/journee-regionale-de-la-recherche-paramedicale\/\"]}]},{\"@type\":\"ImageObject\",\"inLanguage\":\"fr-FR\",\"@id\":\"https:\/\/www.ricom-web8.com\/gestions\/journee-regionale-de-la-recherche-paramedicale\/#primaryimage\",\"url\":\"https:\/\/gestions-hospitalieres.fr\/wp-content\/uploads\/2024\/09\/1720451139096-212x300.jpg\",\"contentUrl\":\"https:\/\/gestions-hospitalieres.fr\/wp-content\/uploads\/2024\/09\/1720451139096-212x300.jpg\"},{\"@type\":\"BreadcrumbList\",\"@id\":\"https:\/\/www.ricom-web8.com\/gestions\/journee-regionale-de-la-recherche-paramedicale\/#breadcrumb\",\"itemListElement\":[{\"@type\":\"ListItem\",\"position\":1,\"name\":\"Accueil\",\"item\":\"https:\/\/www.ricom-web8.com\/gestions\/\"},{\"@type\":\"ListItem\",\"position\":2,\"name\":\"Journ\u00e9e r\u00e9gionale de la recherche param\u00e9dicale\"}]},{\"@type\":\"WebSite\",\"@id\":\"https:\/\/www.ricom-web8.com\/gestions\/#website\",\"url\":\"https:\/\/www.ricom-web8.com\/gestions\/\",\"name\":\"Gestions hospitali\u00e8res\",\"description\":\"la revue des d\u00e9cideurs hospitaliers\",\"publisher\":{\"@id\":\"https:\/\/www.ricom-web8.com\/gestions\/#organization\"},\"potentialAction\":[{\"@type\":\"SearchAction\",\"target\":{\"@type\":\"EntryPoint\",\"urlTemplate\":\"https:\/\/www.ricom-web8.com\/gestions\/?s={search_term_string}\"},\"query-input\":{\"@type\":\"PropertyValueSpecification\",\"valueRequired\":true,\"valueName\":\"search_term_string\"}}],\"inLanguage\":\"fr-FR\"},{\"@type\":\"Organization\",\"@id\":\"https:\/\/www.ricom-web8.com\/gestions\/#organization\",\"name\":\"Gestions hospitali\u00e8res\",\"url\":\"https:\/\/www.ricom-web8.com\/gestions\/\",\"logo\":{\"@type\":\"ImageObject\",\"inLanguage\":\"fr-FR\",\"@id\":\"https:\/\/www.ricom-web8.com\/gestions\/#\/schema\/logo\/image\/\",\"url\":\"https:\/\/gestions-hospitalieres.fr\/wp-content\/uploads\/2017\/02\/picto_Gif-GH-trans.png\",\"contentUrl\":\"https:\/\/gestions-hospitalieres.fr\/wp-content\/uploads\/2017\/02\/picto_Gif-GH-trans.png\",\"width\":512,\"height\":512,\"caption\":\"Gestions hospitali\u00e8res\"},\"image\":{\"@id\":\"https:\/\/www.ricom-web8.com\/gestions\/#\/schema\/logo\/image\/\"},\"sameAs\":[\"https:\/\/www.facebook.com\/gestionshospitalieres\/\",\"https:\/\/x.com\/revue_GH\",\"https:\/\/www.linkedin.com\/company\/gestions-hospitalieres?trk=top_nav_home\"]},{\"@type\":\"Person\",\"@id\":\"https:\/\/www.ricom-web8.com\/gestions\/#\/schema\/person\/3ba9fe913190dfe9507feb621e902c1f\",\"name\":\"Gestions hospitali\u00e8res\",\"image\":{\"@type\":\"ImageObject\",\"inLanguage\":\"fr-FR\",\"@id\":\"https:\/\/www.ricom-web8.com\/gestions\/#\/schema\/person\/image\/\",\"url\":\"https:\/\/secure.gravatar.com\/avatar\/1a0d93e6db5dbe7dac96bae4757d256f?s=96&d=mm&r=g\",\"contentUrl\":\"https:\/\/secure.gravatar.com\/avatar\/1a0d93e6db5dbe7dac96bae4757d256f?s=96&d=mm&r=g\",\"caption\":\"Gestions hospitali\u00e8res\"},\"url\":\"https:\/\/www.ricom-web8.com\/gestions\/author\/benjamin\/\"}]}<\/script>\n<!-- \/ Yoast SEO plugin. -->","yoast_head_json":{"title":"Journ\u00e9e r\u00e9gionale de la recherche param\u00e9dicale - Gestions hospitali\u00e8res","robots":{"index":"index","follow":"follow","max-snippet":"max-snippet:-1","max-image-preview":"max-image-preview:large","max-video-preview":"max-video-preview:-1"},"canonical":"https:\/\/www.ricom-web8.com\/gestions\/journee-regionale-de-la-recherche-paramedicale\/","og_locale":"fr_FR","og_type":"article","og_title":"Journ\u00e9e r\u00e9gionale de la recherche param\u00e9dicale - Gestions hospitali\u00e8res","og_description":"Temps de lecture\u00a0:  4 minutesSi la recherche param\u00e9dicale permet la d\u00e9couverte de nouveaux savoirs et contribue \u00e0 d\u00e9velopper la qualit\u00e9 des soins, l\u2019innovation est une invention qui rencontre un usage, trouve une application et un march\u00e9 pour cr\u00e9er de la valeur aupr\u00e8s des patients, des soignants, du syst\u00e8me de sant\u00e9, et pour g\u00e9n\u00e9rer de l\u2019efficience. Les domaines d\u2019innovation dans le champ hospitalier sont nombreux et concernent le diagnostic m\u00e9dical, num\u00e9rique, organisationnel (parcours de soins),&hellip;","og_url":"https:\/\/www.ricom-web8.com\/gestions\/journee-regionale-de-la-recherche-paramedicale\/","og_site_name":"Gestions hospitali\u00e8res","article_publisher":"https:\/\/www.facebook.com\/gestionshospitalieres\/","article_published_time":"2024-08-01T18:19:02+00:00","article_modified_time":"2024-10-02T08:47:11+00:00","og_image":[{"url":"https:\/\/gestions-hospitalieres.fr\/wp-content\/uploads\/2024\/09\/1720451139096-212x300.jpg","type":"","width":"","height":""}],"author":"Gestions hospitali\u00e8res","twitter_card":"summary_large_image","twitter_creator":"@revue_GH","twitter_site":"@revue_GH","twitter_misc":{"\u00c9crit par":"Gestions hospitali\u00e8res","Dur\u00e9e de lecture estim\u00e9e":"5 minutes"},"schema":{"@context":"https:\/\/schema.org","@graph":[{"@type":"Article","@id":"https:\/\/www.ricom-web8.com\/gestions\/journee-regionale-de-la-recherche-paramedicale\/#article","isPartOf":{"@id":"https:\/\/www.ricom-web8.com\/gestions\/journee-regionale-de-la-recherche-paramedicale\/"},"author":{"name":"Gestions hospitali\u00e8res","@id":"https:\/\/www.ricom-web8.com\/gestions\/#\/schema\/person\/3ba9fe913190dfe9507feb621e902c1f"},"headline":"Journ\u00e9e r\u00e9gionale de la recherche param\u00e9dicale","datePublished":"2024-08-01T18:19:02+00:00","dateModified":"2024-10-02T08:47:11+00:00","mainEntityOfPage":{"@id":"https:\/\/www.ricom-web8.com\/gestions\/journee-regionale-de-la-recherche-paramedicale\/"},"wordCount":986,"publisher":{"@id":"https:\/\/www.ricom-web8.com\/gestions\/#organization"},"image":{"@id":"https:\/\/www.ricom-web8.com\/gestions\/journee-regionale-de-la-recherche-paramedicale\/#primaryimage"},"thumbnailUrl":"https:\/\/gestions-hospitalieres.fr\/wp-content\/uploads\/2024\/09\/1720451139096-212x300.jpg","keywords":["CHRU Tours","formation","organisation","recherche param\u00e9dicale"],"articleSection":["dossier","Gestions Hospitali\u00e8res"],"inLanguage":"fr-FR"},{"@type":"WebPage","@id":"https:\/\/www.ricom-web8.com\/gestions\/journee-regionale-de-la-recherche-paramedicale\/","url":"https:\/\/www.ricom-web8.com\/gestions\/journee-regionale-de-la-recherche-paramedicale\/","name":"Journ\u00e9e r\u00e9gionale de la recherche param\u00e9dicale - Gestions hospitali\u00e8res","isPartOf":{"@id":"https:\/\/www.ricom-web8.com\/gestions\/#website"},"primaryImageOfPage":{"@id":"https:\/\/www.ricom-web8.com\/gestions\/journee-regionale-de-la-recherche-paramedicale\/#primaryimage"},"image":{"@id":"https:\/\/www.ricom-web8.com\/gestions\/journee-regionale-de-la-recherche-paramedicale\/#primaryimage"},"thumbnailUrl":"https:\/\/gestions-hospitalieres.fr\/wp-content\/uploads\/2024\/09\/1720451139096-212x300.jpg","datePublished":"2024-08-01T18:19:02+00:00","dateModified":"2024-10-02T08:47:11+00:00","breadcrumb":{"@id":"https:\/\/www.ricom-web8.com\/gestions\/journee-regionale-de-la-recherche-paramedicale\/#breadcrumb"},"inLanguage":"fr-FR","potentialAction":[{"@type":"ReadAction","target":["https:\/\/www.ricom-web8.com\/gestions\/journee-regionale-de-la-recherche-paramedicale\/"]}]},{"@type":"ImageObject","inLanguage":"fr-FR","@id":"https:\/\/www.ricom-web8.com\/gestions\/journee-regionale-de-la-recherche-paramedicale\/#primaryimage","url":"https:\/\/gestions-hospitalieres.fr\/wp-content\/uploads\/2024\/09\/1720451139096-212x300.jpg","contentUrl":"https:\/\/gestions-hospitalieres.fr\/wp-content\/uploads\/2024\/09\/1720451139096-212x300.jpg"},{"@type":"BreadcrumbList","@id":"https:\/\/www.ricom-web8.com\/gestions\/journee-regionale-de-la-recherche-paramedicale\/#breadcrumb","itemListElement":[{"@type":"ListItem","position":1,"name":"Accueil","item":"https:\/\/www.ricom-web8.com\/gestions\/"},{"@type":"ListItem","position":2,"name":"Journ\u00e9e r\u00e9gionale de la recherche param\u00e9dicale"}]},{"@type":"WebSite","@id":"https:\/\/www.ricom-web8.com\/gestions\/#website","url":"https:\/\/www.ricom-web8.com\/gestions\/","name":"Gestions hospitali\u00e8res","description":"la revue des d\u00e9cideurs hospitaliers","publisher":{"@id":"https:\/\/www.ricom-web8.com\/gestions\/#organization"},"potentialAction":[{"@type":"SearchAction","target":{"@type":"EntryPoint","urlTemplate":"https:\/\/www.ricom-web8.com\/gestions\/?s={search_term_string}"},"query-input":{"@type":"PropertyValueSpecification","valueRequired":true,"valueName":"search_term_string"}}],"inLanguage":"fr-FR"},{"@type":"Organization","@id":"https:\/\/www.ricom-web8.com\/gestions\/#organization","name":"Gestions hospitali\u00e8res","url":"https:\/\/www.ricom-web8.com\/gestions\/","logo":{"@type":"ImageObject","inLanguage":"fr-FR","@id":"https:\/\/www.ricom-web8.com\/gestions\/#\/schema\/logo\/image\/","url":"https:\/\/gestions-hospitalieres.fr\/wp-content\/uploads\/2017\/02\/picto_Gif-GH-trans.png","contentUrl":"https:\/\/gestions-hospitalieres.fr\/wp-content\/uploads\/2017\/02\/picto_Gif-GH-trans.png","width":512,"height":512,"caption":"Gestions hospitali\u00e8res"},"image":{"@id":"https:\/\/www.ricom-web8.com\/gestions\/#\/schema\/logo\/image\/"},"sameAs":["https:\/\/www.facebook.com\/gestionshospitalieres\/","https:\/\/x.com\/revue_GH","https:\/\/www.linkedin.com\/company\/gestions-hospitalieres?trk=top_nav_home"]},{"@type":"Person","@id":"https:\/\/www.ricom-web8.com\/gestions\/#\/schema\/person\/3ba9fe913190dfe9507feb621e902c1f","name":"Gestions hospitali\u00e8res","image":{"@type":"ImageObject","inLanguage":"fr-FR","@id":"https:\/\/www.ricom-web8.com\/gestions\/#\/schema\/person\/image\/","url":"https:\/\/secure.gravatar.com\/avatar\/1a0d93e6db5dbe7dac96bae4757d256f?s=96&d=mm&r=g","contentUrl":"https:\/\/secure.gravatar.com\/avatar\/1a0d93e6db5dbe7dac96bae4757d256f?s=96&d=mm&r=g","caption":"Gestions hospitali\u00e8res"},"url":"https:\/\/www.ricom-web8.com\/gestions\/author\/benjamin\/"}]}},"_links":{"self":[{"href":"https:\/\/www.ricom-web8.com\/gestions\/wp-json\/wp\/v2\/posts\/48649","targetHints":{"allow":["GET"]}}],"collection":[{"href":"https:\/\/www.ricom-web8.com\/gestions\/wp-json\/wp\/v2\/posts"}],"about":[{"href":"https:\/\/www.ricom-web8.com\/gestions\/wp-json\/wp\/v2\/types\/post"}],"author":[{"embeddable":true,"href":"https:\/\/www.ricom-web8.com\/gestions\/wp-json\/wp\/v2\/users\/23133"}],"replies":[{"embeddable":true,"href":"https:\/\/www.ricom-web8.com\/gestions\/wp-json\/wp\/v2\/comments?post=48649"}],"version-history":[{"count":1,"href":"https:\/\/www.ricom-web8.com\/gestions\/wp-json\/wp\/v2\/posts\/48649\/revisions"}],"predecessor-version":[{"id":48654,"href":"https:\/\/www.ricom-web8.com\/gestions\/wp-json\/wp\/v2\/posts\/48649\/revisions\/48654"}],"wp:attachment":[{"href":"https:\/\/www.ricom-web8.com\/gestions\/wp-json\/wp\/v2\/media?parent=48649"}],"wp:term":[{"taxonomy":"category","embeddable":true,"href":"https:\/\/www.ricom-web8.com\/gestions\/wp-json\/wp\/v2\/categories?post=48649"},{"taxonomy":"post_tag","embeddable":true,"href":"https:\/\/www.ricom-web8.com\/gestions\/wp-json\/wp\/v2\/tags?post=48649"}],"curies":[{"name":"wp","href":"https:\/\/api.w.org\/{rel}","templated":true}]}}