

{"id":48757,"date":"2024-10-01T15:40:10","date_gmt":"2024-10-01T13:40:10","guid":{"rendered":"https:\/\/gestions-hospitalieres.fr\/?p=48757"},"modified":"2024-10-29T11:12:51","modified_gmt":"2024-10-29T10:12:51","slug":"derniers-secours","status":"publish","type":"post","link":"https:\/\/www.ricom-web8.com\/gestions\/derniers-secours\/","title":{"rendered":"Derniers Secours"},"content":{"rendered":"<span class=\"span-reading-time rt-reading-time\" style=\"display: block;\"><span class=\"rt-label rt-prefix\">Temps de lecture\u00a0: <\/span> <span class=\"rt-time\"> 7<\/span> <span class=\"rt-label rt-postfix\">minutes<\/span><\/span><p>Deux constats sont \u00e0 l&#8217;origine du projet Derniers Secours\u2009: la mort fait partie de la vie, elle nous concerne tous, et la pr\u00e9sence des proches est tr\u00e8s importante dans la fin de vie.<\/p>\n<p>Alors que le nombre de personnes \u00e2g\u00e9es, malades et d\u00e9pendantes ne cesse d\u2019augmenter, la part d\u2019entre elles qui re\u00e7oit des soins palliatifs adapt\u00e9s ne cesse de baisser\u2009: seulement 25\u2009% des 400\u2009000\u00a0personnes en b\u00e9n\u00e9ficient<sup class=\"appel\" data-toggle=\"modal\" data-target=\"#notes\">(1)<\/sup>. Les moyens ne sont pas \u00e0 la hauteur des besoins et les souhaits des mourants sont souvent ignor\u00e9s\u2009: 85\u2009% des Fran\u00e7ais souhaitent finir leur vie \u00e0 domicile, mais 58\u2009% d\u00e9c\u00e8dent \u00e0 l\u2019h\u00f4pital<sup class=\"appel\" data-toggle=\"modal\" data-target=\"#notes\">(2)<\/sup>.<\/p>\n<p>La mort, historiquement v\u00e9cue en famille, s\u2019est d\u00e9plac\u00e9e \u00e0 l\u2019h\u00f4pital et vers le champ m\u00e9dical. Tout comme la m\u00e9decine influence de plus en plus le d\u00e9but de la vie, elle d\u00e9termine \u00e9galement la derni\u00e8re p\u00e9riode de vie. Souvent d\u00e9l\u00e9gu\u00e9e aux soins palliatifs, elle d\u00e9tache le mourant de ses proches. Pourtant, \u00e0 l\u2019approche de la mort, les soignants et soignantes ne peuvent pas prendre en compte tous les impacts et r\u00e9percussions possibles sur la personne et ses proches. Il faut r\u00e9\u00e9quilibrer cette relation entre les proches et la m\u00e9decine \u00e0 l\u2019approche de la fin de la vie.<\/p>\n<p>Deuxi\u00e8me constat\u2009: la fin de vie n\u2019est pas que m\u00e9dicale, elle concerne aussi et surtout les proches. Il y a plus de 11\u2009000\u2009000\u00a0d\u2019aidants en France<sup class=\"appel\" data-toggle=\"modal\" data-target=\"#notes\">(3)<\/sup> et 86\u2009% des Fran\u00e7ais seront confront\u00e9s ind\u00e9niablement au fait de devoir accompagner un de leurs proches en fin de vie<sup class=\"appel\" data-toggle=\"modal\" data-target=\"#notes\">(4)<\/sup>. Prendre soin d\u2019une personne en fin de vie doit prendre en compte les quatre dimensions du v\u00e9cu de la fin de vie\u2009: physique, psychique, sociale et spirituelle, afin de permettre \u00e0 la vie d\u2019\u00eatre la meilleure possible jusqu\u2019\u00e0 la mort.<\/p>\n<p>Dans d\u2019autres soci\u00e9t\u00e9s, ou simplement il y a 50 ans dans la n\u00f4tre, la mort paraissait moins \u00e9loign\u00e9e. Nombreuses \u00e9taient les personnes qui avaient l\u2019exp\u00e9rience d\u2019une mort \u00e0 la maison, de ce qu\u2019est l\u2019accompagnement de la fin de vie d\u2019un a\u00efeul, des rituels du deuil\u2026 Ces connaissances se sont perdues et les situations de fin de vie sont aujourd&#8217;hui sources de grande inqui\u00e9tude ou d\u2019isolement. La mort est progressivement devenue un sujet tabou, que nous n\u2019avons pas l\u2019habitude d\u2019aborder et avec lequel nous ne sommes pas \u00e0 l\u2019aise.<\/p>\n<h1>Le projet Derniers Secours<\/h1>\n<p>C\u2019est avec ces constats que Derniers Secours a vu le jour. Derniers Secours est convaincu que chacun peut, \u00e0 son \u00e9chelle, prendre soin des personnes en fin de vie, avant tout par la pr\u00e9sence et le soutien, aux c\u00f4t\u00e9s des professionnels de sant\u00e9. Son ambition\u2009? Qu\u2019aucun citoyen en France ne soit d\u00e9muni pour accompagner ses proches en fin de vie. Derniers Secours souhaite une soci\u00e9t\u00e9 plus solidaire o\u00f9 la mort n\u2019est pas cach\u00e9e.<\/p>\n<h2>Histoire et \u00e9volution du projet<\/h2>\n<p>Le projet Derniers Secours est la d\u00e9clinaison fran\u00e7aise du programme Last Aid pr\u00e9sent\u00e9 d\u00e8s 2008 par le Dr Georg Bollig, m\u00e9decin en soins palliatifs et urgentiste, dont le d\u00e9ploiement a commenc\u00e9 en 2015 en Allemagne<sup class=\"appel\" data-toggle=\"modal\" data-target=\"#notes\">(5)<\/sup>. Ce pays pr\u00e9curseur a form\u00e9 plus de 60\u2009000 personnes en 9\u00a0ans.<\/p>\n<p>La formation Last Aid est d\u2019ores et d\u00e9j\u00e0 d\u00e9ploy\u00e9e dans plus de vingt pays, principalement en Europe\u2009: Autriche, Bulgarie, Danemark, \u00c9cosse, Estonie, France, Irlande, Italie, Lettonie, Liechtenstein, Lituanie, Norv\u00e8ge, Roumanie, Slov\u00e9nie, Su\u00e8de, Suisse, mais aussi en Australie, au Br\u00e9sil, au Canada.<\/p>\n<p>Le projet ne cesse d\u2019\u00e9voluer et de se d\u00e9velopper. D\u2019autres approches sont en cours de conceptualisation et d\u2019exp\u00e9rimentation et pourront \u00eatre d\u00e9ploy\u00e9es en France dans une prochaine \u00e9tape\u2009:<\/p>\n<ul>\n<li>formation de policiers (en test en \u00c9cosse)\u2009;<\/li>\n<li>formation \u00e0 destination des enfants (8 \u00e0 15 ans), en exp\u00e9rimentation en Suisse et en Allemagne.<\/li>\n<\/ul>\n<p>La Soci\u00e9t\u00e9 fran\u00e7aise d\u2019accompagnement et de soins palliatifs (Sfap) porte pour une dur\u00e9e illimit\u00e9e la licence du programme pour le territoire fran\u00e7ais. Last Aid porte par ailleurs au niveau international un groupe de recherche LARGI (pour \u00ab\u2009Last Aid Research Group International\u2009\u00bb) pour suivre et \u00e9valuer la formation \u00e0 l\u2019\u00e9chelle internationale.<\/p>\n<h2>Les objectifs de la formation<\/h2>\n<ul>\n<li>Renforcer la qualit\u00e9 des derniers instants de vie.<\/li>\n<li>Permettre aux proches de se pr\u00e9parer, d\u2019anticiper et de savoir comment soutenir les personnes malades et leur apporter de l\u2019apaisement.<\/li>\n<li>Permettre aux proches d\u2019\u00eatre pleinement acteurs de cette cha\u00eene d\u2019accompagnement et des soins en fin de vie\u2009: faire quelque chose et se sentir utile.<\/li>\n<li>Permettre aux personnes malades d\u2019\u00eatre mieux accompagn\u00e9es, de mieux vivre cette \u00e9tape, de rester \u00e0 domicile si c\u2019est leur souhait.<\/li>\n<li>Pouvoir r\u00e9pondre et respecter les besoins de la personne en fin de vie, sans projeter ses propres envies, besoins et craintes.<\/li>\n<li>Anticiper, comprendre et faciliter le processus de deuil, diminuer la peur qui accompagne souvent la fin de vie et la mort d\u2019un proche.<\/li>\n<li>Remettre de l\u2019entraide naturelle avec des personnes touch\u00e9es par la maladie ou le deuil.<\/li>\n<li>Se sentir enrichi, peut-\u00eatre d\u00e9livr\u00e9 de certaines angoisses relatives \u00e0 notre propre fin \u00e0 tous.<\/li>\n<li>Faciliter une parole et un \u00e9change autour de la mort et permettre un d\u00e9bat de qualit\u00e9 autour de la fin de vie en France.<\/li>\n<\/ul>\n<p>Il s\u2019agit ainsi de permettre aux personnes concern\u00e9es de se r\u00e9approprier cette capacit\u00e9 d\u2019accompagnement de la mort de leurs proches, pour appr\u00e9hender plus sereinement ce moment.<\/p>\n<blockquote><p>La mort, historiquement v\u00e9cue en famille, s\u2019est d\u00e9plac\u00e9e \u00e0 l\u2019h\u00f4pital et vers le champ m\u00e9dical.<span class=\"Apple-converted-space\">\u00a0<\/span><\/p><\/blockquote>\n<h2>Une journ\u00e9e ouverte \u00e0 tous et gratuite<\/h2>\n<p>La formation Derniers Secours est courte (4\u202fheures \u00e0 6\u202fheures selon les conditions), se d\u00e9roule sur une journ\u00e9e, un apr\u00e8s-midi ou une soir\u00e9e. Elle est ouverte \u00e0 tous et gratuite. Elle mobilise une quinzaine de participants et a pour but d\u2019informer et de guider les participants dans l\u2019accompagnement des derniers moments de la vie de leurs proches, ainsi que de permettre une parole autour de la mort et du deuil.<\/p>\n<p>La formation transmet les fondamentaux \u00e0 travers quatre th\u00e8mes\u2009:<\/p>\n<ul>\n<li>la mort fait partie de la vie,<\/li>\n<li>anticiper et se pr\u00e9parer,<\/li>\n<li>soulager les souffrances,<\/li>\n<li>dire adieu\u2026<span class=\"Apple-converted-space\">\u00a0<\/span><\/li>\n<\/ul>\n<p>\u2026\u2009pour apporter des rep\u00e8res et des conseils simples en vue de transmettre des savoirs, des comp\u00e9tences, la juste attitude pour accompagner, entourer et prendre soin d\u2019une personne en fin de vie.<\/p>\n<p>Derniers Secours enseigne quelques \u00e9tapes cl\u00e9s, apporte des rep\u00e8res et des conseils simples pour des gestes ou des mots\u2009: un savoir-\u00eatre pour accompagner, entourer et prendre soin d\u2019une personne en fin de vie ou gravement malade.<\/p>\n<p>Les sessions sont anim\u00e9es b\u00e9n\u00e9volement par un bin\u00f4me exp\u00e9riment\u00e9 en accompagnement de la fin de vie, qui a suivi au pr\u00e9alable la formation certifiante des formateurs Derniers Secours. En fin de formation, les participants recoivent des documents contenant des ressources en lien avec les th\u00e9matiques abord\u00e9es\u2009:<\/p>\n<ul>\n<li>des r\u00e9f\u00e9rences de lectures pour aller plus loin\u2009;<\/li>\n<li>des liens internet pour continuer \u00e0 s\u2019informer\u2009;<\/li>\n<li>des contacts locaux qu\u2019ils peuvent mobiliser\u2009: soins palliatifs, structures d\u2019aide aux aidants, associations de b\u00e9n\u00e9voles.<\/li>\n<\/ul>\n<p>Ce qui fait la grande sp\u00e9cificit\u00e9 de Derniers Secours et sa compl\u00e9mentarit\u00e9 avec les autres acteurs de la \u00ab\u2009fin de vie\u2009\u00bb, c\u2019est\u2009:<\/p>\n<ul>\n<li>de mettre le sujet de la mort au c\u0153ur de la formation, de parler et lib\u00e9rer la parole autour de la mort, des derniers instants de la vie et de son accompagnement, l\u00e0 o\u00f9 d\u2019autres dispositifs se focalisent sur l\u2019accompagnement avant ou apr\u00e8s. Derniers Secours intervient donc d\u2019une mani\u00e8re compl\u00e9mentaire aux autres structures et associations d\u2019aide aux aidants ou d\u2019accompagnement au deuil\u2009;<\/li>\n<li>d\u2019accompagner les membres de l\u2019entourage pour renforcer leur capacit\u00e9 \u00e0 prendre soin et avoir leur place dans l\u2019accompagnement de leurs proches en fin de vie principalement \u00e0 domicile mais aussi dans les derniers moments \u00e0 l\u2019h\u00f4pital. Derniers Secours intervient donc pour permettre de d\u00e9velopper la place des proches lors d\u2019un accompagnement vers la mort en lien notamment avec les \u00e9quipes des soins palliatifs dans toutes leurs composantes (services de soins palliatifs \u00e0 l\u2019h\u00f4pital, hospitalisation \u00e0 domicile, \u00e9quipe mobile\u2026).<\/li>\n<\/ul>\n<h1>D\u00e9velopper un r\u00e9seau et une communaut\u00e9 de formateurs<\/h1>\n<p>La formation est d\u00e9ploy\u00e9e par un bin\u00f4me de formateurs \u00ab\u2009labellis\u00e9s\u2009\u00bb Derniers Secours. Un bin\u00f4me est compos\u00e9 de deux personnes connaissant et ayant une exp\u00e9rience dans les soins palliatifs dont au moins un m\u00e9decin ou une infirmi\u00e8re (actif ou jeune retrait\u00e9), et si possible une personne d\u2019un autre profil (b\u00e9n\u00e9vole en soins palliatifs, psychologue, di\u00e9t\u00e9ticien, art-th\u00e9rapeute\u2026). Chaque formateur est form\u00e9 par Derniers Secours pour dispenser des sessions et s\u2019engage \u00e0 assurer <i>a minima<\/i> une \u00e0 deux formations par an.<\/p>\n<p>D\u00e9velopper un r\u00e9seau de formateurs suppose une action r\u00e9guli\u00e8re et constante pour d\u00e9velopper le r\u00e9seau des formateurs au fil du temps sur tout le territoire et pour renouveler les formateurs b\u00e9n\u00e9voles qui mettront fin \u00e0 leur engagement pour Derniers Secours. Ainsi, pour atteindre 200\u00a0formateurs actifs \u00e0 horizon de 5 ans, il sera n\u00e9cessaire de mobiliser et former environ 300 formateurs\u2009!<\/p>\n<p>Cela suppose d\u2019identifier des personnes volontaires pr\u00eates \u00e0 devenir formateur \u00e0 travers\u2009:<\/p>\n<ul>\n<li>les ambassadeurs Derniers Secours locaux\u2009:<br \/>\n\u2022 le r\u00e9f\u00e9rent r\u00e9gional a un r\u00f4le essentiel et une capacit\u00e9 de mobilisation de son r\u00e9seau pour y trouver des formateurs,<br \/>\n\u2022 les participants aux formations peuvent avoir envie de devenir \u00e0 leur tour formateurs ou identifier dans leur entourage des formateurs potentiels sous r\u00e9serve d\u2019en avoir le profil (soignants ou non, mais exp\u00e9riment\u00e9s dans les soins palliatifs),<br \/>\n\u2022 les formateurs peuvent mobiliser leur r\u00e9seau pour constituer leur bin\u00f4me ou une \u00e9quipe sur leur territoire et\/ou permettre le renouvellement des formateurs b\u00e9n\u00e9voles qui se d\u00e9sengageraient\u2009;<\/li>\n<li>une communication et des appels \u00e0 manifestation d\u2019int\u00e9r\u00eat\u2009:<br \/>\n\u2022 congr\u00e8s et communications de la Sfap (articles, web conf\u00e9rences\u2026),<br \/>\n\u2022 page d\u00e9di\u00e9e sur le site de la Sfap\u2009;<\/li>\n<li>la cartographie et la mobilisation de structures et personnes relais-prescripteurs qui peuvent avoir dans leur entourage des profils de personnes qui seraient pertinentes pour devenir formateurs\u2009:<br \/>\n\u2022 acteurs et services de soin\u2009: soins palliatifs, g\u00e9riatrie, oncologie,<br \/>\n\u2022 espaces de rencontres connect\u00e9s aux acteurs de la fin de vie\u2009: congr\u00e8s des soins palliatifs, associations de professionnels, associations de b\u00e9n\u00e9voles, etc.<\/li>\n<\/ul>\n<h1>Une exp\u00e9rience encadr\u00e9e, formalis\u00e9e et \u00e9valu\u00e9e<\/h1>\n<p>Plusieurs \u00e9tudes ont d\u2019ores et d\u00e9j\u00e0 \u00e9t\u00e9 r\u00e9alis\u00e9es par le groupe de recherche LARGI pour formaliser la proposition associ\u00e9e \u00e0 Last Aid et en \u00e9valuer les cours<sup class=\"appel\" data-toggle=\"modal\" data-target=\"#notes\">(6)<\/sup>, y compris sur le d\u00e9ploiement des cours en ligne dans le contexte Covid-19. Ces \u00e9tudes ne couvrent pas le territoire fran\u00e7ais mais s\u2019appuient sur les exp\u00e9riences des territoires d\u00e9j\u00e0 couverts par la proposition Last Aid.<\/p>\n<p>Ces \u00e9tudes mettent en \u00e9vidence plusieurs informations cl\u00e9s\u2009:<\/p>\n<ul>\n<li>les cours sont majoritairement suivis par des femmes (88\u2009%), l\u2019\u00e2ge moyen des participants est environ de 56 ans\u2009;<\/li>\n<li>les cours sont fortement appr\u00e9ci\u00e9s (76\u2009% d\u2019\u00e9valuation \u00ab\u2009tr\u00e8s bien\u2009\u00bb) et donnent lieu \u00e0 un fort taux de recommandation potentiel (99\u2009%)\u2009;<\/li>\n<li>les participants en appr\u00e9cient l\u2019atmosph\u00e8re, la comp\u00e9tence des responsables de cours, le format, la dur\u00e9e et les th\u00e8mes\u2009; ainsi que le fait de pouvoir discuter de la vie et de la mort.<\/li>\n<\/ul>\n<p>Les \u00e9tudes concluent \u00e0 ce stade sur la faisabilit\u00e9 et l\u2019accueil tr\u00e8s favorables des cours Last Aid aupr\u00e8s des citoyens. Ces cours ont ainsi un grand potentiel de diffusion d\u2019informations sur les soins de fin de vie et permettent de renforcer la capacit\u00e9 \u00e0 prendre soin des proches \u00e0 domicile.<\/p>\n<p>D\u2019autres \u00e9tudes ou travaux de recherche sont pr\u00e9vus quant aux effets \u00e0 plus long terme de ces cours, notamment le renforcement des capacit\u00e9s et des intentions des participants pour accompagner la fin de vie de leurs proches, ainsi que les modifications des repr\u00e9sentations li\u00e9es \u00e0 la fin de vie et \u00e0 la mort.<\/p>\n<p>Dans\u00a0<i>La Solitude des mourants<\/i>, Norbert Elias \u00e9crit\u2009: \u00ab\u2009Ce n\u2019est pas v\u00e9ritablement la mort, mais le savoir sur la mort qui cr\u00e9e des probl\u00e8mes \u00e0 l\u2019homme.<sup class=\"appel\" data-toggle=\"modal\" data-target=\"#notes\">(7)\u2009<\/sup>\u00bb La formation Derniers Secours permet aux participants de se familiariser davantage avec l\u2019id\u00e9e de la mort et tout ce qui l\u2019accompagne \u2013 et, en cela, de substituer \u00e0 un savoir trouble un savoir pr\u00e9cis\u2009: les directives anticip\u00e9es, les soins palliatifs, la souffrance, etc. On y \u00e9voque le moment de l\u2019au revoir, les gestes qu\u2019on peut mettre en place pour accompagner ou soulager. Derniers Secours n\u2019est pas seulement \u00e0 destination de ceux qui accompagnent d\u00e9j\u00e0 activement un proche \u00e0 la mort, c\u2019est une pr\u00e9paration ouverte \u00e0 tous. Chacun peut venir se sensibiliser \u00e0 la question, d\u00e9mystifier le sujet pour l\u2019aborder sereinement le moment venu.<\/p>\n<p style=\"font-weight: 400;\"><button data-toggle=\"collapse\" data-target=\"#enc_2024_470_01\">encadr\u00e9<\/button><div id=\"enc_2024_470_01\" class=\"encadre collapse\"><h2>T\u00e9moignages<\/h2>\n<ul>\n<li>\u00ab\u00a0Nos merveilleuses animatrices, Anne Marie et Christine, ont su nous transmettre leurs savoirs \u00e9tay\u00e9s de t\u00e9moignages, et ce dans la bonne humeur. Apr\u00e8s cette journ\u00e9e, je me sens repartir le c\u0153ur l\u00e9ger et forte, sachant qu\u2019il y a des structures soutenantes tant sur le plan humain que m\u00e9dical. Informations tellement pr\u00e9cieuses pour ne pas perdre pied afin d\u2019accompagner au mieux l\u2019\u00eatre cher.\u00a0\u00bb<\/li>\n<li>\u00ab Cela apporte beaucoup d\u2019\u00e9changer, d\u2019avoir des astuces. Cela permet de ne pas avoir de regrets apr\u00e8s, et de savoir quoi faire au moment opportun quand on doit accompagner un proche en fin de vie.\u00a0\u00bb<\/li>\n<\/ul>\n<p>Ce projet n\u2019existe que gr\u00e2ce \u00e0 la g\u00e9n\u00e9rosit\u00e9 du public, des participants et des m\u00e9c\u00e8nes qui nous soutiennent.<\/p>\n<p>Pour suivre une formation ou devenir formateur, rendez-vous sur <a href=\"https:\/\/derniers-secours.fr\" target=\"_blank\" rel=\"noopener\"><strong>www.derniers-secours.fr<\/strong><\/a><\/p>\n<\/div><\/p>\n<button data-toggle=\"collapse\" data-target=\"#enc_2024_470_02\">zoom<\/button><div id=\"enc_2024_470_02\" class=\"encadre collapse\"><h2>La Chaire de Philosophie \u00e0 l\u2019h\u00f4pital<\/h2>\n<p>Dirig\u00e9e par la philosophe et psychanalyste Cynthia Fleury, cette chaire hospitalo-acad\u00e9mique est li\u00e9e au Conservatoire national des arts et m\u00e9tiers (Cnam) et au GHU Paris Psychiatrie &amp; Neurosciences. \u00c0 travers un dispositif recherche et enseignement, de formation et diplomation, d\u2019exp\u00e9rimentation et d\u00e9ploiement, cette chaire aspire \u00e0 inventer la fonction soignante en partage et l\u2019alliance efficiente des humanit\u00e9s et de la sant\u00e9. Ses th\u00e9matiques de recherche s\u2019articulent autour de cinq p\u00f4les\u2009: Philosophie clinique et savoirs exp\u00e9rientiels\/Sant\u00e9 connect\u00e9e et intelligence artificielle\/Design capacitaire\/R\u00e9silience et clinique du d\u00e9veloppement\/Nature et patrimoine en sant\u00e9. La chaire abrite par ailleurs<br \/>\nun espace doctoral compos\u00e9 de douze doctorants.<\/p>\n<p>Les prochains articles porteront, entre autres sujets, sur la mise en place d\u2019un dispositif d\u2019analyse des pratiques pour les patients intervenant dans les services de soins hospitaliers, sur une analyse de la boulimie en lien avec la sexualit\u00e9 f\u00e9minine, sur le d\u00e9clin de la sant\u00e9 mentale<br \/>\ndes jeunes, l\u2019art et le soin, les substances psychoactives dans le cancer\u2026<\/p>\n<p><a href=\"https:\/\/chaire-philo.fr\" target=\"_blank\" rel=\"noopener\">www.chaire-philo.fr<\/a><\/p>\n<p><img decoding=\"async\" class=\"alignnone wp-image-48763 size-medium\" src=\"https:\/\/gestions-hospitalieres.fr\/wp-content\/uploads\/2024\/10\/Capture-decran-2024-10-24-a-16.22.47-300x164.jpg\" alt=\"\" width=\"300\" height=\"164\" srcset=\"https:\/\/www.ricom-web8.com\/gestions\/wp-content\/uploads\/2024\/10\/Capture-decran-2024-10-24-a-16.22.47-300x164.jpg 300w, https:\/\/www.ricom-web8.com\/gestions\/wp-content\/uploads\/2024\/10\/Capture-decran-2024-10-24-a-16.22.47-768x419.jpg 768w, https:\/\/www.ricom-web8.com\/gestions\/wp-content\/uploads\/2024\/10\/Capture-decran-2024-10-24-a-16.22.47.jpg 840w\" sizes=\"(max-width: 300px) 100vw, 300px\" \/><\/p>\n<\/div>\n<script>function PlayerjsAsync(){} if(window[\"Playerjs\"]){PlayerjsAsync();}<\/script>","protected":false},"excerpt":{"rendered":"<p>Deux constats sont \u00e0 l&#8217;origine du projet Derniers Secours\u2009: la mort fait partie de la vie, elle nous concerne tous, et la pr\u00e9sence des proches est tr\u00e8s importante dans la fin de vie. Alors que le nombre de personnes \u00e2g\u00e9es, malades et d\u00e9pendantes ne cesse d\u2019augmenter, la part d\u2019entre elles qui re\u00e7oit des soins palliatifs adapt\u00e9s ne cesse de baisser\u2009: seulement 25\u2009% des 400\u2009000\u00a0personnes en b\u00e9n\u00e9ficient(1). Les moyens ne sont&hellip; <\/p>\n","protected":false},"author":23133,"featured_media":0,"comment_status":"closed","ping_status":"closed","sticky":false,"template":"","format":"standard","meta":{"_acf_changed":false,"_relevanssi_hide_post":"","_relevanssi_hide_content":"","_relevanssi_pin_for_all":"","_relevanssi_pin_keywords":"","_relevanssi_unpin_keywords":"","_relevanssi_related_keywords":"","_relevanssi_related_include_ids":"","_relevanssi_related_exclude_ids":"","_relevanssi_related_no_append":"","_relevanssi_related_not_related":"","_relevanssi_related_posts":"","_relevanssi_noindex_reason":"","footnotes":""},"categories":[2,72],"tags":[1286,10445,170,469,2338,2168],"class_list":["post-48757","post","type-post","status-publish","format-standard","hentry","category-gestions-hospitalieres","category-reflexion","tag-accompagnement","tag-derniers-secours","tag-fin-de-vie","tag-formation","tag-mort","tag-solidarite"],"acf":[],"yoast_head":"<!-- This site is optimized with the Yoast SEO plugin v24.8.1 - https:\/\/yoast.com\/wordpress\/plugins\/seo\/ -->\n<title>Derniers Secours - Gestions hospitali\u00e8res<\/title>\n<meta name=\"robots\" content=\"index, follow, max-snippet:-1, max-image-preview:large, max-video-preview:-1\" \/>\n<link rel=\"canonical\" href=\"https:\/\/www.ricom-web8.com\/gestions\/derniers-secours\/\" \/>\n<meta property=\"og:locale\" content=\"fr_FR\" \/>\n<meta property=\"og:type\" content=\"article\" \/>\n<meta property=\"og:title\" content=\"Derniers Secours - Gestions hospitali\u00e8res\" \/>\n<meta property=\"og:description\" content=\"Deux constats sont \u00e0 l&#8217;origine du projet Derniers Secours\u2009: la mort fait partie de la vie, elle nous concerne tous, et la pr\u00e9sence des proches est tr\u00e8s importante dans la fin de vie. Alors que le nombre de personnes \u00e2g\u00e9es, malades et d\u00e9pendantes ne cesse d\u2019augmenter, la part d\u2019entre elles qui re\u00e7oit des soins palliatifs adapt\u00e9s ne cesse de baisser\u2009: seulement 25\u2009% des 400\u2009000\u00a0personnes en b\u00e9n\u00e9ficient(1). Les moyens ne sont&hellip;\" \/>\n<meta property=\"og:url\" content=\"https:\/\/www.ricom-web8.com\/gestions\/derniers-secours\/\" \/>\n<meta property=\"og:site_name\" content=\"Gestions hospitali\u00e8res\" \/>\n<meta property=\"article:publisher\" content=\"https:\/\/www.facebook.com\/gestionshospitalieres\/\" \/>\n<meta property=\"article:published_time\" content=\"2024-10-01T13:40:10+00:00\" \/>\n<meta property=\"article:modified_time\" content=\"2024-10-29T10:12:51+00:00\" \/>\n<meta name=\"author\" content=\"Gestions hospitali\u00e8res\" \/>\n<meta name=\"twitter:card\" content=\"summary_large_image\" \/>\n<meta name=\"twitter:creator\" content=\"@revue_GH\" \/>\n<meta name=\"twitter:site\" content=\"@revue_GH\" \/>\n<meta name=\"twitter:label1\" content=\"\u00c9crit par\" \/>\n\t<meta name=\"twitter:data1\" content=\"Gestions hospitali\u00e8res\" \/>\n\t<meta name=\"twitter:label2\" content=\"Dur\u00e9e de lecture estim\u00e9e\" \/>\n\t<meta name=\"twitter:data2\" content=\"11 minutes\" \/>\n<script type=\"application\/ld+json\" class=\"yoast-schema-graph\">{\"@context\":\"https:\/\/schema.org\",\"@graph\":[{\"@type\":\"Article\",\"@id\":\"https:\/\/www.ricom-web8.com\/gestions\/derniers-secours\/#article\",\"isPartOf\":{\"@id\":\"https:\/\/www.ricom-web8.com\/gestions\/derniers-secours\/\"},\"author\":{\"name\":\"Gestions hospitali\u00e8res\",\"@id\":\"https:\/\/www.ricom-web8.com\/gestions\/#\/schema\/person\/3ba9fe913190dfe9507feb621e902c1f\"},\"headline\":\"Derniers Secours\",\"datePublished\":\"2024-10-01T13:40:10+00:00\",\"dateModified\":\"2024-10-29T10:12:51+00:00\",\"mainEntityOfPage\":{\"@id\":\"https:\/\/www.ricom-web8.com\/gestions\/derniers-secours\/\"},\"wordCount\":2201,\"publisher\":{\"@id\":\"https:\/\/www.ricom-web8.com\/gestions\/#organization\"},\"keywords\":[\"accompagnement\",\"derniers secours\",\"fin de vie\",\"formation\",\"mort\",\"solidarite\u0301\"],\"articleSection\":[\"Gestions Hospitali\u00e8res\",\"r\u00e9flexion\"],\"inLanguage\":\"fr-FR\"},{\"@type\":\"WebPage\",\"@id\":\"https:\/\/www.ricom-web8.com\/gestions\/derniers-secours\/\",\"url\":\"https:\/\/www.ricom-web8.com\/gestions\/derniers-secours\/\",\"name\":\"Derniers Secours - Gestions hospitali\u00e8res\",\"isPartOf\":{\"@id\":\"https:\/\/www.ricom-web8.com\/gestions\/#website\"},\"datePublished\":\"2024-10-01T13:40:10+00:00\",\"dateModified\":\"2024-10-29T10:12:51+00:00\",\"breadcrumb\":{\"@id\":\"https:\/\/www.ricom-web8.com\/gestions\/derniers-secours\/#breadcrumb\"},\"inLanguage\":\"fr-FR\",\"potentialAction\":[{\"@type\":\"ReadAction\",\"target\":[\"https:\/\/www.ricom-web8.com\/gestions\/derniers-secours\/\"]}]},{\"@type\":\"BreadcrumbList\",\"@id\":\"https:\/\/www.ricom-web8.com\/gestions\/derniers-secours\/#breadcrumb\",\"itemListElement\":[{\"@type\":\"ListItem\",\"position\":1,\"name\":\"Accueil\",\"item\":\"https:\/\/www.ricom-web8.com\/gestions\/\"},{\"@type\":\"ListItem\",\"position\":2,\"name\":\"Derniers Secours\"}]},{\"@type\":\"WebSite\",\"@id\":\"https:\/\/www.ricom-web8.com\/gestions\/#website\",\"url\":\"https:\/\/www.ricom-web8.com\/gestions\/\",\"name\":\"Gestions hospitali\u00e8res\",\"description\":\"la revue des d\u00e9cideurs hospitaliers\",\"publisher\":{\"@id\":\"https:\/\/www.ricom-web8.com\/gestions\/#organization\"},\"potentialAction\":[{\"@type\":\"SearchAction\",\"target\":{\"@type\":\"EntryPoint\",\"urlTemplate\":\"https:\/\/www.ricom-web8.com\/gestions\/?s={search_term_string}\"},\"query-input\":{\"@type\":\"PropertyValueSpecification\",\"valueRequired\":true,\"valueName\":\"search_term_string\"}}],\"inLanguage\":\"fr-FR\"},{\"@type\":\"Organization\",\"@id\":\"https:\/\/www.ricom-web8.com\/gestions\/#organization\",\"name\":\"Gestions hospitali\u00e8res\",\"url\":\"https:\/\/www.ricom-web8.com\/gestions\/\",\"logo\":{\"@type\":\"ImageObject\",\"inLanguage\":\"fr-FR\",\"@id\":\"https:\/\/www.ricom-web8.com\/gestions\/#\/schema\/logo\/image\/\",\"url\":\"https:\/\/gestions-hospitalieres.fr\/wp-content\/uploads\/2017\/02\/picto_Gif-GH-trans.png\",\"contentUrl\":\"https:\/\/gestions-hospitalieres.fr\/wp-content\/uploads\/2017\/02\/picto_Gif-GH-trans.png\",\"width\":512,\"height\":512,\"caption\":\"Gestions hospitali\u00e8res\"},\"image\":{\"@id\":\"https:\/\/www.ricom-web8.com\/gestions\/#\/schema\/logo\/image\/\"},\"sameAs\":[\"https:\/\/www.facebook.com\/gestionshospitalieres\/\",\"https:\/\/x.com\/revue_GH\",\"https:\/\/www.linkedin.com\/company\/gestions-hospitalieres?trk=top_nav_home\"]},{\"@type\":\"Person\",\"@id\":\"https:\/\/www.ricom-web8.com\/gestions\/#\/schema\/person\/3ba9fe913190dfe9507feb621e902c1f\",\"name\":\"Gestions hospitali\u00e8res\",\"image\":{\"@type\":\"ImageObject\",\"inLanguage\":\"fr-FR\",\"@id\":\"https:\/\/www.ricom-web8.com\/gestions\/#\/schema\/person\/image\/\",\"url\":\"https:\/\/secure.gravatar.com\/avatar\/1a0d93e6db5dbe7dac96bae4757d256f?s=96&d=mm&r=g\",\"contentUrl\":\"https:\/\/secure.gravatar.com\/avatar\/1a0d93e6db5dbe7dac96bae4757d256f?s=96&d=mm&r=g\",\"caption\":\"Gestions hospitali\u00e8res\"},\"url\":\"https:\/\/www.ricom-web8.com\/gestions\/author\/benjamin\/\"}]}<\/script>\n<!-- \/ Yoast SEO plugin. -->","yoast_head_json":{"title":"Derniers Secours - Gestions hospitali\u00e8res","robots":{"index":"index","follow":"follow","max-snippet":"max-snippet:-1","max-image-preview":"max-image-preview:large","max-video-preview":"max-video-preview:-1"},"canonical":"https:\/\/www.ricom-web8.com\/gestions\/derniers-secours\/","og_locale":"fr_FR","og_type":"article","og_title":"Derniers Secours - Gestions hospitali\u00e8res","og_description":"Deux constats sont \u00e0 l&#8217;origine du projet Derniers Secours\u2009: la mort fait partie de la vie, elle nous concerne tous, et la pr\u00e9sence des proches est tr\u00e8s importante dans la fin de vie. Alors que le nombre de personnes \u00e2g\u00e9es, malades et d\u00e9pendantes ne cesse d\u2019augmenter, la part d\u2019entre elles qui re\u00e7oit des soins palliatifs adapt\u00e9s ne cesse de baisser\u2009: seulement 25\u2009% des 400\u2009000\u00a0personnes en b\u00e9n\u00e9ficient(1). Les moyens ne sont&hellip;","og_url":"https:\/\/www.ricom-web8.com\/gestions\/derniers-secours\/","og_site_name":"Gestions hospitali\u00e8res","article_publisher":"https:\/\/www.facebook.com\/gestionshospitalieres\/","article_published_time":"2024-10-01T13:40:10+00:00","article_modified_time":"2024-10-29T10:12:51+00:00","author":"Gestions hospitali\u00e8res","twitter_card":"summary_large_image","twitter_creator":"@revue_GH","twitter_site":"@revue_GH","twitter_misc":{"\u00c9crit par":"Gestions hospitali\u00e8res","Dur\u00e9e de lecture estim\u00e9e":"11 minutes"},"schema":{"@context":"https:\/\/schema.org","@graph":[{"@type":"Article","@id":"https:\/\/www.ricom-web8.com\/gestions\/derniers-secours\/#article","isPartOf":{"@id":"https:\/\/www.ricom-web8.com\/gestions\/derniers-secours\/"},"author":{"name":"Gestions hospitali\u00e8res","@id":"https:\/\/www.ricom-web8.com\/gestions\/#\/schema\/person\/3ba9fe913190dfe9507feb621e902c1f"},"headline":"Derniers Secours","datePublished":"2024-10-01T13:40:10+00:00","dateModified":"2024-10-29T10:12:51+00:00","mainEntityOfPage":{"@id":"https:\/\/www.ricom-web8.com\/gestions\/derniers-secours\/"},"wordCount":2201,"publisher":{"@id":"https:\/\/www.ricom-web8.com\/gestions\/#organization"},"keywords":["accompagnement","derniers secours","fin de vie","formation","mort","solidarite\u0301"],"articleSection":["Gestions Hospitali\u00e8res","r\u00e9flexion"],"inLanguage":"fr-FR"},{"@type":"WebPage","@id":"https:\/\/www.ricom-web8.com\/gestions\/derniers-secours\/","url":"https:\/\/www.ricom-web8.com\/gestions\/derniers-secours\/","name":"Derniers Secours - Gestions hospitali\u00e8res","isPartOf":{"@id":"https:\/\/www.ricom-web8.com\/gestions\/#website"},"datePublished":"2024-10-01T13:40:10+00:00","dateModified":"2024-10-29T10:12:51+00:00","breadcrumb":{"@id":"https:\/\/www.ricom-web8.com\/gestions\/derniers-secours\/#breadcrumb"},"inLanguage":"fr-FR","potentialAction":[{"@type":"ReadAction","target":["https:\/\/www.ricom-web8.com\/gestions\/derniers-secours\/"]}]},{"@type":"BreadcrumbList","@id":"https:\/\/www.ricom-web8.com\/gestions\/derniers-secours\/#breadcrumb","itemListElement":[{"@type":"ListItem","position":1,"name":"Accueil","item":"https:\/\/www.ricom-web8.com\/gestions\/"},{"@type":"ListItem","position":2,"name":"Derniers Secours"}]},{"@type":"WebSite","@id":"https:\/\/www.ricom-web8.com\/gestions\/#website","url":"https:\/\/www.ricom-web8.com\/gestions\/","name":"Gestions hospitali\u00e8res","description":"la revue des d\u00e9cideurs hospitaliers","publisher":{"@id":"https:\/\/www.ricom-web8.com\/gestions\/#organization"},"potentialAction":[{"@type":"SearchAction","target":{"@type":"EntryPoint","urlTemplate":"https:\/\/www.ricom-web8.com\/gestions\/?s={search_term_string}"},"query-input":{"@type":"PropertyValueSpecification","valueRequired":true,"valueName":"search_term_string"}}],"inLanguage":"fr-FR"},{"@type":"Organization","@id":"https:\/\/www.ricom-web8.com\/gestions\/#organization","name":"Gestions hospitali\u00e8res","url":"https:\/\/www.ricom-web8.com\/gestions\/","logo":{"@type":"ImageObject","inLanguage":"fr-FR","@id":"https:\/\/www.ricom-web8.com\/gestions\/#\/schema\/logo\/image\/","url":"https:\/\/gestions-hospitalieres.fr\/wp-content\/uploads\/2017\/02\/picto_Gif-GH-trans.png","contentUrl":"https:\/\/gestions-hospitalieres.fr\/wp-content\/uploads\/2017\/02\/picto_Gif-GH-trans.png","width":512,"height":512,"caption":"Gestions hospitali\u00e8res"},"image":{"@id":"https:\/\/www.ricom-web8.com\/gestions\/#\/schema\/logo\/image\/"},"sameAs":["https:\/\/www.facebook.com\/gestionshospitalieres\/","https:\/\/x.com\/revue_GH","https:\/\/www.linkedin.com\/company\/gestions-hospitalieres?trk=top_nav_home"]},{"@type":"Person","@id":"https:\/\/www.ricom-web8.com\/gestions\/#\/schema\/person\/3ba9fe913190dfe9507feb621e902c1f","name":"Gestions hospitali\u00e8res","image":{"@type":"ImageObject","inLanguage":"fr-FR","@id":"https:\/\/www.ricom-web8.com\/gestions\/#\/schema\/person\/image\/","url":"https:\/\/secure.gravatar.com\/avatar\/1a0d93e6db5dbe7dac96bae4757d256f?s=96&d=mm&r=g","contentUrl":"https:\/\/secure.gravatar.com\/avatar\/1a0d93e6db5dbe7dac96bae4757d256f?s=96&d=mm&r=g","caption":"Gestions hospitali\u00e8res"},"url":"https:\/\/www.ricom-web8.com\/gestions\/author\/benjamin\/"}]}},"_links":{"self":[{"href":"https:\/\/www.ricom-web8.com\/gestions\/wp-json\/wp\/v2\/posts\/48757","targetHints":{"allow":["GET"]}}],"collection":[{"href":"https:\/\/www.ricom-web8.com\/gestions\/wp-json\/wp\/v2\/posts"}],"about":[{"href":"https:\/\/www.ricom-web8.com\/gestions\/wp-json\/wp\/v2\/types\/post"}],"author":[{"embeddable":true,"href":"https:\/\/www.ricom-web8.com\/gestions\/wp-json\/wp\/v2\/users\/23133"}],"replies":[{"embeddable":true,"href":"https:\/\/www.ricom-web8.com\/gestions\/wp-json\/wp\/v2\/comments?post=48757"}],"version-history":[{"count":3,"href":"https:\/\/www.ricom-web8.com\/gestions\/wp-json\/wp\/v2\/posts\/48757\/revisions"}],"predecessor-version":[{"id":48770,"href":"https:\/\/www.ricom-web8.com\/gestions\/wp-json\/wp\/v2\/posts\/48757\/revisions\/48770"}],"wp:attachment":[{"href":"https:\/\/www.ricom-web8.com\/gestions\/wp-json\/wp\/v2\/media?parent=48757"}],"wp:term":[{"taxonomy":"category","embeddable":true,"href":"https:\/\/www.ricom-web8.com\/gestions\/wp-json\/wp\/v2\/categories?post=48757"},{"taxonomy":"post_tag","embeddable":true,"href":"https:\/\/www.ricom-web8.com\/gestions\/wp-json\/wp\/v2\/tags?post=48757"}],"curies":[{"name":"wp","href":"https:\/\/api.w.org\/{rel}","templated":true}]}}