

{"id":48773,"date":"2024-10-01T17:03:04","date_gmt":"2024-10-01T15:03:04","guid":{"rendered":"https:\/\/gestions-hospitalieres.fr\/?p=48773"},"modified":"2024-10-29T11:12:19","modified_gmt":"2024-10-29T10:12:19","slug":"la-reconnaissance-au-travail","status":"publish","type":"post","link":"https:\/\/www.ricom-web8.com\/gestions\/la-reconnaissance-au-travail\/","title":{"rendered":"La reconnaissance au travail"},"content":{"rendered":"<span class=\"span-reading-time rt-reading-time\" style=\"display: block;\"><span class=\"rt-label rt-prefix\">Temps de lecture\u00a0: <\/span> <span class=\"rt-time\"> 4<\/span> <span class=\"rt-label rt-postfix\">minutes<\/span><\/span><h1>La reconnaissance comme philosophie et pratique de management<span class=\"Apple-converted-space\">\u00a0<\/span><\/h1>\n<p>La reconnaissance au travail ne consiste pas seulement \u00e0 r\u00e9compenser les r\u00e9ussites des collaborateurs et des \u00e9quipes. C\u2019est une d\u00e9marche de port\u00e9e plus g\u00e9n\u00e9rale, qui comporte diff\u00e9rentes dimensions<sup class=\"appel\" data-toggle=\"modal\" data-target=\"#notes\">(1)<\/sup>\u2009:<\/p>\n<ul>\n<li><strong>la personne comme \u00eatre singulier<\/strong>\u2009: cette reconnaissance existentielle, qui renforce le sentiment d\u2019exister, s\u2019exprime par exemple par le respect des r\u00e8gles de courtoisie ou des caract\u00e9ristiques personnelles de la personne, ou au travers du partage de l\u2019information et de l\u2019autonomie. L\u2019\u00e9coute active est \u00e9galement un des leviers concrets pour agir sur cet axe. En effet, poser des mots sur son v\u00e9cu, son exp\u00e9rience, \u00eatre \u00e9cout\u00e9 sans jugement, particuli\u00e8rement face aux difficult\u00e9s du quotidien, permet un renforcement de l\u2019engagement affectif des collaborateurs<sup class=\"appel\" data-toggle=\"modal\" data-target=\"#notes\">(2)<\/sup>\u2009;<\/li>\n<li><strong>la reconnaissance de la pratique de travail<\/strong> valorise la comp\u00e9tence professionnelle du salari\u00e9, son expertise, sa cr\u00e9ativit\u00e9 dans la mani\u00e8re d\u2019ex\u00e9cuter sa t\u00e2che\u2009;<\/li>\n<li><strong>la reconnaissance de l\u2019investissement<\/strong> dans le travail valorise la participation et la contribution \u00e0 l\u2019effort collectif, sans consid\u00e9rer les r\u00e9sultats obtenus\u2009;<\/li>\n<li><strong>la reconnaissance des r\u00e9sultats du travail<\/strong> porte sur la contribution du salari\u00e9 \u00e0 l\u2019efficacit\u00e9 collective. Prenant une forme souvent tr\u00e8s concr\u00e8te (bonus, primes, incitations, etc.), cette forme de reconnaissance s\u2019\u00e9value g\u00e9n\u00e9ralement au terme de proc\u00e9dures bien rod\u00e9es\u2009: entretien annuel d\u2019\u00e9valuation, etc.<\/li>\n<\/ul>\n<p>On le voit, la reconnaissance associe une composante \u00e9valuative \u00e0 une composante mat\u00e9rielle, traduite par divers actes qui constituent dans cette approche autant d\u2019actes de management (remerciements, f\u00e9licitations, primes, etc.).<\/p>\n<p>Pour \u00eatre per\u00e7us comme tels et donc \u00eatre efficaces dans la dur\u00e9e, ces actes de reconnaissance doivent \u00eatre\u00a0:<\/p>\n<ul>\n<li><strong>sinc\u00e8res<\/strong>, c\u2019est-\u00e0-dire authentiques et empreints de franchise\u2009;<\/li>\n<li><strong>\u00e9mis d\u2019une position hi\u00e9rarchiquement proche<\/strong>, par un sup\u00e9rieur imm\u00e9diat ou, plus exceptionnellement, par un dirigeant\u2009;<span class=\"Apple-converted-space\">\u00a0<\/span><\/li>\n<li><strong>\u00e9clectiques et prot\u00e9iformes<\/strong>, variant dans le choix des pratiques, des mots et des gestes\u2009;<\/li>\n<li><strong>adapt\u00e9s<\/strong>, c\u2019est-\u00e0-dire sp\u00e9cifiques \u00e0 la r\u00e9alisation ou \u00e0 l\u2019effort qu\u2019il s\u2019agit de saluer, et personnalis\u00e9s en fonction des caract\u00e9ristiques et des valeurs du collaborateur ou du groupe de personnes auxquels ils seront t\u00e9moign\u00e9s\u2009;<\/li>\n<li><strong>l\u00e9gitimes<\/strong>, porteurs de sens et cr\u00e9dibles\u2009;<\/li>\n<li><strong>coh\u00e9rents<\/strong>, align\u00e9s avec la strat\u00e9gie, les objectifs et les priorit\u00e9s de l\u2019organisation.<\/li>\n<\/ul>\n<p>Ainsi con\u00e7ue, la reconnaissance au travail peut donner lieu \u00e0 deux principaux biais d\u2019interpr\u00e9tation\u2009:<\/p>\n<ul>\n<li><strong>la caricature<\/strong>, si on la r\u00e9duit \u00e0 une s\u00e9rie de man\u0153uvres manipulatoires cherchant \u00e0 extorquer l\u2019engagement des salari\u00e9s par des \u00ab\u202fastuces\u2009\u00bb de management (d\u2019o\u00f9 la condition de sinc\u00e9rit\u00e9, mentionn\u00e9e plus haut)\u2009;<\/li>\n<li><strong>le cantonnement aux interactions entre des personnes appartenant \u00e0 la m\u00eame organisation de travail<\/strong>. Le risque est alors de m\u00e9sestimer les attentes de reconnaissance mutuelle entre professionnels de la sant\u00e9, b\u00e9n\u00e9ficiaires des soins, population g\u00e9n\u00e9rale et structures sociales (notamment au travers de leurs dispositifs administratifs et \u00e9tatiques).<\/li>\n<\/ul>\n<h1>La reconnaissance au travail se joue aussi ailleurs que dans la relation hi\u00e9rarchique<\/h1>\n<p>Par d\u00e9finition, les sciences du management insistent sur ce qui se joue \u00e0 l\u2019int\u00e9rieur du collectif de travail. Elles tendent \u00e0 n\u00e9gliger ou \u00e0 minimiser les attentes de reconnaissance s\u2019adressant \u00e0 d\u2019autres partenaires de l\u2019interaction, notamment parce que le pouvoir d\u2019agir de l\u2019organisation de travail est, sur elles, moindre voire inexistant.<span class=\"Apple-converted-space\">\u00a0<\/span><\/p>\n<p>La mythologie soignante fait volontiers d\u2019un regard, d\u2019un sourire, d\u2019une pression de la main le paroxysme de la reconnaissance dont un patient, \u00e0 chaque instant, peut illuminer la journ\u00e9e d\u2019un soignant et lui confirmer que son travail, aussi difficile puisse-t-il \u00eatre, est porteur de sens.<span class=\"Apple-converted-space\">\u00a0<\/span><\/p>\n<p>La relation de soin n\u2019est, psycho\u00addynamiquement, jamais exempte d\u2019une certaine ambigu\u00eft\u00e9, mobilisant, tout autant que l\u2019empathie ou le don de soi, certains traits m\u00e9galomanes face \u00e0 la mort et \u00e0 la maladie, qu\u2019il s\u2019agit de vaincre, ou des m\u00e9canismes d\u2019emprise sur le patient<sup class=\"appel\" data-toggle=\"modal\" data-target=\"#notes\">(3)<\/sup>. Pudiquement, la relation de soin est classiquement qualifi\u00e9e d\u2019\u00ab\u202fasym\u00e9trique\u2009\u00bb, assignant le patient \u00e0 une position globalement passive, en d\u00e9pit de la tendance r\u00e9cente \u00e0 l\u2019associer au soin pour l\u2019en rendre acteur. Dans la r\u00e9partition des r\u00f4les, la reconnaissance \u2014 ici, au sens de \u00ab\u202fgratitude\u2009\u00bb \u2014 est donc attendue de la part du b\u00e9n\u00e9ficiaire des soins.<\/p>\n<p>Traditionnellement, la situation de soin mettait en suspens tous les autres r\u00f4les sociaux de la personne soign\u00e9e\u2009: le r\u00f4le de patient prenait le pas sur tous les autres. Dans un syst\u00e8me de sant\u00e9 qui, il y a quelques d\u00e9cennies encore, privil\u00e9giait le soin \u00e0 l\u2019h\u00f4pital, l\u2019asym\u00e9trie \u00e9tait renforc\u00e9e par le poids de l\u2019institution\u2009: le r\u00f4le d\u2019usager d\u2019un service public se mettait au service du r\u00f4le de patient pour garantir une compliance quasi parfaite. Or, entra\u00een\u00e9 par la marchandisation triomphante des \u00e9conomies occidentales et la place croissante assign\u00e9e \u00e0 l\u2019ambulatoire et \u00e0 l\u2019hospitalisation priv\u00e9e, l\u2019usager tend \u00e0 devenir un client, et le patient, un consommateur de soins. Parce qu\u2019il paie, directement ou indirectement, le service (public) de sant\u00e9, l\u2019usager-client attend d\u00e9sormais du soignant-fournisseur une prestation rapide, personnalis\u00e9e et efficace. Mais, la culture soignante et la culture hospitali\u00e8re n\u2019ayant pas \u00e9volu\u00e9 selon les m\u00eames modalit\u00e9s, \u00e0 la remise en question de l\u2019autorit\u00e9 du fonctionnaire s\u2019ajoute celle du prestige des professions soignantes. Or, cette double perte d\u2019estime sociale affecte non seulement l\u2019image \u2013 donc le rapport positif \u00e0 soi \u2013 que les soignants peuvent entretenir d\u2019eux-m\u00eames, mais elle fait sauter un certain nombre d\u2019interdits, dont l\u2019une des manifestations tangibles est la multiplication des actes de violence verbale et\/ou physique \u00e0 leur encontre.<\/p>\n<p>Le d\u00e9calage se creuse donc d\u2019autant plus entre les attentes mutuelles \u2013 notamment les attentes de reconnaissance \u2013 que dans le m\u00eame temps, les professions soignantes non m\u00e9dicales s\u2019efforcent de consolider leur identit\u00e9 professionnelle par une professionnalisation croissante de leurs formations et de leurs pratiques (pour les infirmier.e.s, statut d\u2019infirmier.e de pratique avanc\u00e9e, ou master\/doctorat en sciences infirmi\u00e8res, par exemple). Cette reconnaissance acad\u00e9mique est toutefois contrari\u00e9e voire contredite par les perceptions n\u00e9gatives n\u00e9es des r\u00e9formes successives de la sant\u00e9 ou les contraintes \u00e9conomiques pesant sur le secteur, donnant naissance \u00e0 divers ressentis de maltraitance institutionnelle et politique, ou de manque de moyens humains, mat\u00e9riels ou financiers pour mener \u00e0 bien les missions.<\/p>\n<p>La reconnaissance au travail est une philosophie de management qui a d\u00e9montr\u00e9 son efficacit\u00e9, sous r\u00e9serve des conditions d\u2019authenticit\u00e9 et d\u2019exhaustivit\u00e9 que nous avons d\u00e9crites, et qui plaident pour une formation renforc\u00e9e au management des personnes et des \u00e9quipes, dans toutes les fonctions encadrantes m\u00e9dicales, soignantes, h\u00f4teli\u00e8res, administratives et techniques des \u00e9tablissements de soin. Mais, m\u00eame men\u00e9es dans les r\u00e8gles de l\u2019art, les pratiques de reconnaissance ne constituent qu\u2019une condition n\u00e9cessaire, mais pas suffisante, \u00e0 l\u2019am\u00e9lioration de la qualit\u00e9 de vie et des conditions de travail des personnels. Leurs attentes de reconnaissance s\u2019adressent, au moins autant qu\u2019en interne, \u00e0 des acteurs ext\u00e9rieurs, sur lesquels le management local n\u2019a qu\u2019un pouvoir d\u2019agir limit\u00e9 ou palliatif. Un chantier important, car structurel, s\u2019ouvre donc pour les d\u00e9cideurs publics\u2026<\/p>\n<p style=\"font-weight: 400;\"><button data-toggle=\"collapse\" data-target=\"#enc_2024_477_01\">Zoom<\/button><div id=\"enc_2024_477_01\" class=\"encadre collapse\"><h2>Reconnaissance\u2009: 4 points de vigilance<\/h2>\n<ul>\n<li>La reconnaissance individuelle est plus importante et r\u00e9sonne davantage que la reconnaissance collective. Ce qui plaide par exemple pour une expression de la reconnaissance \u00e0 travers des processus plus informels, ou pour davantage de relations humaines.<\/li>\n<li>L\u2019efficacit\u00e9 organisationnelle n\u2019est pas la seule \u00ab\u2009cible\u2009\u00bb de la reconnaissance\u2009: l\u2019intention, l\u2019effort, la mani\u00e8re de faire\u2026 sont tout aussi importants.<\/li>\n<li>La reconnaissance n\u2019est pas r\u00e9serv\u00e9e aux cadres. Un collectif de travail fournit aussi, au quotidien, de nombreuses occasions de reconnaissance entre coll\u00e8gues\u2009: la courtoisie, l\u2019entraide, les encouragements sont \u00e0 la fois un signe et un facteur de la sant\u00e9 du collectif.<\/li>\n<li>La reconnaissance ne va pas de soi. Volontiers dissoute dans l\u2019urgence ou la routine, elle requiert une mise en pratique quotidienne.<\/li>\n<\/ul>\n<\/div><\/p>\n<script>function PlayerjsAsync(){} if(window[\"Playerjs\"]){PlayerjsAsync();}<\/script>","protected":false},"excerpt":{"rendered":"<p>La reconnaissance comme philosophie et pratique de management\u00a0 La reconnaissance au travail ne consiste pas seulement \u00e0 r\u00e9compenser les r\u00e9ussites des collaborateurs et des \u00e9quipes. C\u2019est une d\u00e9marche de port\u00e9e plus g\u00e9n\u00e9rale, qui comporte diff\u00e9rentes dimensions(1)\u2009: la personne comme \u00eatre singulier\u2009: cette reconnaissance existentielle, qui renforce le sentiment d\u2019exister, s\u2019exprime par exemple par le respect des r\u00e8gles de courtoisie ou des caract\u00e9ristiques personnelles de la personne, ou au travers du&hellip; <\/p>\n","protected":false},"author":23133,"featured_media":0,"comment_status":"closed","ping_status":"closed","sticky":false,"template":"","format":"standard","meta":{"_acf_changed":false,"_relevanssi_hide_post":"","_relevanssi_hide_content":"","_relevanssi_pin_for_all":"","_relevanssi_pin_keywords":"","_relevanssi_unpin_keywords":"","_relevanssi_related_keywords":"","_relevanssi_related_include_ids":"","_relevanssi_related_exclude_ids":"","_relevanssi_related_no_append":"","_relevanssi_related_not_related":"","_relevanssi_related_posts":"","_relevanssi_noindex_reason":"","footnotes":""},"categories":[2,10447],"tags":[10453,1898,10454,486,241,361],"class_list":["post-48773","post","type-post","status-publish","format-standard","hentry","category-gestions-hospitalieres","category-psychosante","tag-effort","tag-engagement","tag-prestige","tag-reconnaissance","tag-resultats","tag-travail"],"acf":[],"yoast_head":"<!-- This site is optimized with the Yoast SEO plugin v24.8.1 - https:\/\/yoast.com\/wordpress\/plugins\/seo\/ -->\n<title>La reconnaissance au travail - Gestions hospitali\u00e8res<\/title>\n<meta name=\"robots\" content=\"index, follow, max-snippet:-1, max-image-preview:large, max-video-preview:-1\" \/>\n<link rel=\"canonical\" href=\"https:\/\/www.ricom-web8.com\/gestions\/la-reconnaissance-au-travail\/\" \/>\n<meta property=\"og:locale\" content=\"fr_FR\" \/>\n<meta property=\"og:type\" content=\"article\" \/>\n<meta property=\"og:title\" content=\"La reconnaissance au travail - Gestions hospitali\u00e8res\" \/>\n<meta property=\"og:description\" content=\"La reconnaissance comme philosophie et pratique de management\u00a0 La reconnaissance au travail ne consiste pas seulement \u00e0 r\u00e9compenser les r\u00e9ussites des collaborateurs et des \u00e9quipes. C\u2019est une d\u00e9marche de port\u00e9e plus g\u00e9n\u00e9rale, qui comporte diff\u00e9rentes dimensions(1)\u2009: la personne comme \u00eatre singulier\u2009: cette reconnaissance existentielle, qui renforce le sentiment d\u2019exister, s\u2019exprime par exemple par le respect des r\u00e8gles de courtoisie ou des caract\u00e9ristiques personnelles de la personne, ou au travers du&hellip;\" \/>\n<meta property=\"og:url\" content=\"https:\/\/www.ricom-web8.com\/gestions\/la-reconnaissance-au-travail\/\" \/>\n<meta property=\"og:site_name\" content=\"Gestions hospitali\u00e8res\" \/>\n<meta property=\"article:publisher\" content=\"https:\/\/www.facebook.com\/gestionshospitalieres\/\" \/>\n<meta property=\"article:published_time\" content=\"2024-10-01T15:03:04+00:00\" \/>\n<meta property=\"article:modified_time\" content=\"2024-10-29T10:12:19+00:00\" \/>\n<meta name=\"author\" content=\"Gestions hospitali\u00e8res\" \/>\n<meta name=\"twitter:card\" content=\"summary_large_image\" \/>\n<meta name=\"twitter:creator\" content=\"@revue_GH\" \/>\n<meta name=\"twitter:site\" content=\"@revue_GH\" \/>\n<meta name=\"twitter:label1\" content=\"\u00c9crit par\" \/>\n\t<meta name=\"twitter:data1\" content=\"Gestions hospitali\u00e8res\" \/>\n\t<meta name=\"twitter:label2\" content=\"Dur\u00e9e de lecture estim\u00e9e\" \/>\n\t<meta name=\"twitter:data2\" content=\"6 minutes\" \/>\n<script type=\"application\/ld+json\" class=\"yoast-schema-graph\">{\"@context\":\"https:\/\/schema.org\",\"@graph\":[{\"@type\":\"Article\",\"@id\":\"https:\/\/www.ricom-web8.com\/gestions\/la-reconnaissance-au-travail\/#article\",\"isPartOf\":{\"@id\":\"https:\/\/www.ricom-web8.com\/gestions\/la-reconnaissance-au-travail\/\"},\"author\":{\"name\":\"Gestions hospitali\u00e8res\",\"@id\":\"https:\/\/www.ricom-web8.com\/gestions\/#\/schema\/person\/3ba9fe913190dfe9507feb621e902c1f\"},\"headline\":\"La reconnaissance au travail\",\"datePublished\":\"2024-10-01T15:03:04+00:00\",\"dateModified\":\"2024-10-29T10:12:19+00:00\",\"mainEntityOfPage\":{\"@id\":\"https:\/\/www.ricom-web8.com\/gestions\/la-reconnaissance-au-travail\/\"},\"wordCount\":1261,\"publisher\":{\"@id\":\"https:\/\/www.ricom-web8.com\/gestions\/#organization\"},\"keywords\":[\"effort\",\"engagement\",\"prestige\",\"reconnaissance\",\"r\u00e9sultats\",\"travail\"],\"articleSection\":[\"Gestions Hospitali\u00e8res\",\"psychosant\u00e9\"],\"inLanguage\":\"fr-FR\"},{\"@type\":\"WebPage\",\"@id\":\"https:\/\/www.ricom-web8.com\/gestions\/la-reconnaissance-au-travail\/\",\"url\":\"https:\/\/www.ricom-web8.com\/gestions\/la-reconnaissance-au-travail\/\",\"name\":\"La reconnaissance au travail - Gestions hospitali\u00e8res\",\"isPartOf\":{\"@id\":\"https:\/\/www.ricom-web8.com\/gestions\/#website\"},\"datePublished\":\"2024-10-01T15:03:04+00:00\",\"dateModified\":\"2024-10-29T10:12:19+00:00\",\"breadcrumb\":{\"@id\":\"https:\/\/www.ricom-web8.com\/gestions\/la-reconnaissance-au-travail\/#breadcrumb\"},\"inLanguage\":\"fr-FR\",\"potentialAction\":[{\"@type\":\"ReadAction\",\"target\":[\"https:\/\/www.ricom-web8.com\/gestions\/la-reconnaissance-au-travail\/\"]}]},{\"@type\":\"BreadcrumbList\",\"@id\":\"https:\/\/www.ricom-web8.com\/gestions\/la-reconnaissance-au-travail\/#breadcrumb\",\"itemListElement\":[{\"@type\":\"ListItem\",\"position\":1,\"name\":\"Accueil\",\"item\":\"https:\/\/www.ricom-web8.com\/gestions\/\"},{\"@type\":\"ListItem\",\"position\":2,\"name\":\"La reconnaissance au travail\"}]},{\"@type\":\"WebSite\",\"@id\":\"https:\/\/www.ricom-web8.com\/gestions\/#website\",\"url\":\"https:\/\/www.ricom-web8.com\/gestions\/\",\"name\":\"Gestions hospitali\u00e8res\",\"description\":\"la revue des d\u00e9cideurs hospitaliers\",\"publisher\":{\"@id\":\"https:\/\/www.ricom-web8.com\/gestions\/#organization\"},\"potentialAction\":[{\"@type\":\"SearchAction\",\"target\":{\"@type\":\"EntryPoint\",\"urlTemplate\":\"https:\/\/www.ricom-web8.com\/gestions\/?s={search_term_string}\"},\"query-input\":{\"@type\":\"PropertyValueSpecification\",\"valueRequired\":true,\"valueName\":\"search_term_string\"}}],\"inLanguage\":\"fr-FR\"},{\"@type\":\"Organization\",\"@id\":\"https:\/\/www.ricom-web8.com\/gestions\/#organization\",\"name\":\"Gestions hospitali\u00e8res\",\"url\":\"https:\/\/www.ricom-web8.com\/gestions\/\",\"logo\":{\"@type\":\"ImageObject\",\"inLanguage\":\"fr-FR\",\"@id\":\"https:\/\/www.ricom-web8.com\/gestions\/#\/schema\/logo\/image\/\",\"url\":\"https:\/\/gestions-hospitalieres.fr\/wp-content\/uploads\/2017\/02\/picto_Gif-GH-trans.png\",\"contentUrl\":\"https:\/\/gestions-hospitalieres.fr\/wp-content\/uploads\/2017\/02\/picto_Gif-GH-trans.png\",\"width\":512,\"height\":512,\"caption\":\"Gestions hospitali\u00e8res\"},\"image\":{\"@id\":\"https:\/\/www.ricom-web8.com\/gestions\/#\/schema\/logo\/image\/\"},\"sameAs\":[\"https:\/\/www.facebook.com\/gestionshospitalieres\/\",\"https:\/\/x.com\/revue_GH\",\"https:\/\/www.linkedin.com\/company\/gestions-hospitalieres?trk=top_nav_home\"]},{\"@type\":\"Person\",\"@id\":\"https:\/\/www.ricom-web8.com\/gestions\/#\/schema\/person\/3ba9fe913190dfe9507feb621e902c1f\",\"name\":\"Gestions hospitali\u00e8res\",\"image\":{\"@type\":\"ImageObject\",\"inLanguage\":\"fr-FR\",\"@id\":\"https:\/\/www.ricom-web8.com\/gestions\/#\/schema\/person\/image\/\",\"url\":\"https:\/\/secure.gravatar.com\/avatar\/1a0d93e6db5dbe7dac96bae4757d256f?s=96&d=mm&r=g\",\"contentUrl\":\"https:\/\/secure.gravatar.com\/avatar\/1a0d93e6db5dbe7dac96bae4757d256f?s=96&d=mm&r=g\",\"caption\":\"Gestions hospitali\u00e8res\"},\"url\":\"https:\/\/www.ricom-web8.com\/gestions\/author\/benjamin\/\"}]}<\/script>\n<!-- \/ Yoast SEO plugin. -->","yoast_head_json":{"title":"La reconnaissance au travail - Gestions hospitali\u00e8res","robots":{"index":"index","follow":"follow","max-snippet":"max-snippet:-1","max-image-preview":"max-image-preview:large","max-video-preview":"max-video-preview:-1"},"canonical":"https:\/\/www.ricom-web8.com\/gestions\/la-reconnaissance-au-travail\/","og_locale":"fr_FR","og_type":"article","og_title":"La reconnaissance au travail - Gestions hospitali\u00e8res","og_description":"La reconnaissance comme philosophie et pratique de management\u00a0 La reconnaissance au travail ne consiste pas seulement \u00e0 r\u00e9compenser les r\u00e9ussites des collaborateurs et des \u00e9quipes. C\u2019est une d\u00e9marche de port\u00e9e plus g\u00e9n\u00e9rale, qui comporte diff\u00e9rentes dimensions(1)\u2009: la personne comme \u00eatre singulier\u2009: cette reconnaissance existentielle, qui renforce le sentiment d\u2019exister, s\u2019exprime par exemple par le respect des r\u00e8gles de courtoisie ou des caract\u00e9ristiques personnelles de la personne, ou au travers du&hellip;","og_url":"https:\/\/www.ricom-web8.com\/gestions\/la-reconnaissance-au-travail\/","og_site_name":"Gestions hospitali\u00e8res","article_publisher":"https:\/\/www.facebook.com\/gestionshospitalieres\/","article_published_time":"2024-10-01T15:03:04+00:00","article_modified_time":"2024-10-29T10:12:19+00:00","author":"Gestions hospitali\u00e8res","twitter_card":"summary_large_image","twitter_creator":"@revue_GH","twitter_site":"@revue_GH","twitter_misc":{"\u00c9crit par":"Gestions hospitali\u00e8res","Dur\u00e9e de lecture estim\u00e9e":"6 minutes"},"schema":{"@context":"https:\/\/schema.org","@graph":[{"@type":"Article","@id":"https:\/\/www.ricom-web8.com\/gestions\/la-reconnaissance-au-travail\/#article","isPartOf":{"@id":"https:\/\/www.ricom-web8.com\/gestions\/la-reconnaissance-au-travail\/"},"author":{"name":"Gestions hospitali\u00e8res","@id":"https:\/\/www.ricom-web8.com\/gestions\/#\/schema\/person\/3ba9fe913190dfe9507feb621e902c1f"},"headline":"La reconnaissance au travail","datePublished":"2024-10-01T15:03:04+00:00","dateModified":"2024-10-29T10:12:19+00:00","mainEntityOfPage":{"@id":"https:\/\/www.ricom-web8.com\/gestions\/la-reconnaissance-au-travail\/"},"wordCount":1261,"publisher":{"@id":"https:\/\/www.ricom-web8.com\/gestions\/#organization"},"keywords":["effort","engagement","prestige","reconnaissance","r\u00e9sultats","travail"],"articleSection":["Gestions Hospitali\u00e8res","psychosant\u00e9"],"inLanguage":"fr-FR"},{"@type":"WebPage","@id":"https:\/\/www.ricom-web8.com\/gestions\/la-reconnaissance-au-travail\/","url":"https:\/\/www.ricom-web8.com\/gestions\/la-reconnaissance-au-travail\/","name":"La reconnaissance au travail - Gestions hospitali\u00e8res","isPartOf":{"@id":"https:\/\/www.ricom-web8.com\/gestions\/#website"},"datePublished":"2024-10-01T15:03:04+00:00","dateModified":"2024-10-29T10:12:19+00:00","breadcrumb":{"@id":"https:\/\/www.ricom-web8.com\/gestions\/la-reconnaissance-au-travail\/#breadcrumb"},"inLanguage":"fr-FR","potentialAction":[{"@type":"ReadAction","target":["https:\/\/www.ricom-web8.com\/gestions\/la-reconnaissance-au-travail\/"]}]},{"@type":"BreadcrumbList","@id":"https:\/\/www.ricom-web8.com\/gestions\/la-reconnaissance-au-travail\/#breadcrumb","itemListElement":[{"@type":"ListItem","position":1,"name":"Accueil","item":"https:\/\/www.ricom-web8.com\/gestions\/"},{"@type":"ListItem","position":2,"name":"La reconnaissance au travail"}]},{"@type":"WebSite","@id":"https:\/\/www.ricom-web8.com\/gestions\/#website","url":"https:\/\/www.ricom-web8.com\/gestions\/","name":"Gestions hospitali\u00e8res","description":"la revue des d\u00e9cideurs hospitaliers","publisher":{"@id":"https:\/\/www.ricom-web8.com\/gestions\/#organization"},"potentialAction":[{"@type":"SearchAction","target":{"@type":"EntryPoint","urlTemplate":"https:\/\/www.ricom-web8.com\/gestions\/?s={search_term_string}"},"query-input":{"@type":"PropertyValueSpecification","valueRequired":true,"valueName":"search_term_string"}}],"inLanguage":"fr-FR"},{"@type":"Organization","@id":"https:\/\/www.ricom-web8.com\/gestions\/#organization","name":"Gestions hospitali\u00e8res","url":"https:\/\/www.ricom-web8.com\/gestions\/","logo":{"@type":"ImageObject","inLanguage":"fr-FR","@id":"https:\/\/www.ricom-web8.com\/gestions\/#\/schema\/logo\/image\/","url":"https:\/\/gestions-hospitalieres.fr\/wp-content\/uploads\/2017\/02\/picto_Gif-GH-trans.png","contentUrl":"https:\/\/gestions-hospitalieres.fr\/wp-content\/uploads\/2017\/02\/picto_Gif-GH-trans.png","width":512,"height":512,"caption":"Gestions hospitali\u00e8res"},"image":{"@id":"https:\/\/www.ricom-web8.com\/gestions\/#\/schema\/logo\/image\/"},"sameAs":["https:\/\/www.facebook.com\/gestionshospitalieres\/","https:\/\/x.com\/revue_GH","https:\/\/www.linkedin.com\/company\/gestions-hospitalieres?trk=top_nav_home"]},{"@type":"Person","@id":"https:\/\/www.ricom-web8.com\/gestions\/#\/schema\/person\/3ba9fe913190dfe9507feb621e902c1f","name":"Gestions hospitali\u00e8res","image":{"@type":"ImageObject","inLanguage":"fr-FR","@id":"https:\/\/www.ricom-web8.com\/gestions\/#\/schema\/person\/image\/","url":"https:\/\/secure.gravatar.com\/avatar\/1a0d93e6db5dbe7dac96bae4757d256f?s=96&d=mm&r=g","contentUrl":"https:\/\/secure.gravatar.com\/avatar\/1a0d93e6db5dbe7dac96bae4757d256f?s=96&d=mm&r=g","caption":"Gestions hospitali\u00e8res"},"url":"https:\/\/www.ricom-web8.com\/gestions\/author\/benjamin\/"}]}},"_links":{"self":[{"href":"https:\/\/www.ricom-web8.com\/gestions\/wp-json\/wp\/v2\/posts\/48773","targetHints":{"allow":["GET"]}}],"collection":[{"href":"https:\/\/www.ricom-web8.com\/gestions\/wp-json\/wp\/v2\/posts"}],"about":[{"href":"https:\/\/www.ricom-web8.com\/gestions\/wp-json\/wp\/v2\/types\/post"}],"author":[{"embeddable":true,"href":"https:\/\/www.ricom-web8.com\/gestions\/wp-json\/wp\/v2\/users\/23133"}],"replies":[{"embeddable":true,"href":"https:\/\/www.ricom-web8.com\/gestions\/wp-json\/wp\/v2\/comments?post=48773"}],"version-history":[{"count":1,"href":"https:\/\/www.ricom-web8.com\/gestions\/wp-json\/wp\/v2\/posts\/48773\/revisions"}],"predecessor-version":[{"id":48777,"href":"https:\/\/www.ricom-web8.com\/gestions\/wp-json\/wp\/v2\/posts\/48773\/revisions\/48777"}],"wp:attachment":[{"href":"https:\/\/www.ricom-web8.com\/gestions\/wp-json\/wp\/v2\/media?parent=48773"}],"wp:term":[{"taxonomy":"category","embeddable":true,"href":"https:\/\/www.ricom-web8.com\/gestions\/wp-json\/wp\/v2\/categories?post=48773"},{"taxonomy":"post_tag","embeddable":true,"href":"https:\/\/www.ricom-web8.com\/gestions\/wp-json\/wp\/v2\/tags?post=48773"}],"curies":[{"name":"wp","href":"https:\/\/api.w.org\/{rel}","templated":true}]}}