

{"id":49251,"date":"2025-01-01T14:42:32","date_gmt":"2025-01-01T13:42:32","guid":{"rendered":"https:\/\/gestions-hospitalieres.fr\/?p=49251"},"modified":"2025-01-28T10:11:35","modified_gmt":"2025-01-28T09:11:35","slug":"gestion-des-lits-et-des-parcours","status":"publish","type":"post","link":"https:\/\/www.ricom-web8.com\/gestions\/gestion-des-lits-et-des-parcours\/","title":{"rendered":"Gestion des lits et des parcours"},"content":{"rendered":"<span class=\"span-reading-time rt-reading-time\" style=\"display: block;\"><span class=\"rt-label rt-prefix\">Temps de lecture\u00a0: <\/span> <span class=\"rt-time\"> 11<\/span> <span class=\"rt-label rt-postfix\">minutes<\/span><\/span><p>Inscrite dans la mesure 12 du pacte de refondation des urgences (2020), la d\u00e9marche de gestion des lits constitue un levier pour faciliter l\u2019organisation des admissions directes non programm\u00e9es, notamment celles des personnes \u00e2g\u00e9es (mesure 5 du pacte). Charg\u00e9e d\u2019\u00e9valuer les mesures d\u00e9rogatoires portant sur les soins urgents et non programm\u00e9s institu\u00e9es durant l\u2019\u00e9t\u00e9 2022, la mission de l\u2019Inspection g\u00e9n\u00e9rale des affaires sociales (Igas) consid\u00e8re la mise en place de gestionnaires des lits dans tous les \u00e9tablissements de sant\u00e9 si\u00e8ges de services d\u2019urgence et la gestion territoriale des lits d\u2019aval comme une priorit\u00e9 absolue.<\/p>\n<p>Si le concept de gestion des lits s\u2019est g\u00e9n\u00e9ralis\u00e9 au point de devenir une \u00e9vidence pour beaucoup, r\u00e9pondre \u00e0 ce d\u00e9fi demande une collaboration dynamique des acteurs de sant\u00e9 \u00e0 l\u2019\u00e9chelle territoriale, alors que les groupements hospitaliers de territoire (GHT) continuent de se structurer et que les acteurs priv\u00e9s renforcent leur coop\u00e9ration depuis la crise Covid. Ainsi, tous les \u00e9tablissements, qu\u2019ils soient publics ou priv\u00e9s, de court s\u00e9jour (MCO), de soins m\u00e9dicaux et de r\u00e9adaptation (SMR) ou d\u2019hospitalisation \u00e0 domicile (HAD), tout comme les professionnels intervenant en amont et en aval de l\u2019hospitalisation, sont incit\u00e9s \u00e0 coop\u00e9rer sous le regard encourageant, voire sous l\u2019impulsion directe, des agences r\u00e9gionales de sant\u00e9 (ARS) et avec des implications et attentes nouvelles d\u2019autres acteurs tels que les collectivit\u00e9s locales et territoriales.<\/p>\n<p>Une action structur\u00e9e \u00e0 la fois au niveau des \u00e9tablissements et \u00e0 l\u2019\u00e9chelle territoriale, associ\u00e9e \u00e0 un accompagnement cibl\u00e9 des pouvoirs publics, permet une meilleure r\u00e9ponse collective \u00e0 ces enjeux.<\/p>\n<h1>Gestion des lits et des parcours<\/h1>\n<p>La gestion des lits poursuit un objectif double\u2009: orienter le patient vers le lieu de prise en charge ad\u00e9quat et \u00e9viter le m\u00e9susage des capacit\u00e9s en veillant \u00e0 limiter la dur\u00e9e d\u2019hospitalisation aux stricts besoins du patient. Si la notion de \u00ab\u2009gestion des lits\u2009\u00bb rev\u00eat un caract\u00e8re concret pour les gestionnaires hospitaliers, le concept de \u00ab\u2009parcours\u2009\u00bb, associant qualit\u00e9 des soins, approche m\u00e9dico\u00ad-soignante et dimension sociale de la prise en charge, est davantage porteur de sens pour les soignants.<\/p>\n<p>La gestion des lits, tout comme celle des parcours, renvoie <i>in fine<\/i> au bon usage de l\u2019offre en soins, cette derni\u00e8re \u00e9tant contrainte par l\u2019effet des doctrines d\u2019adaptation capacitaire des ann\u00e9es 2010, mais aussi, plus r\u00e9cemment, par la pression sur les ressources humaines.<\/p>\n<p>Ces derni\u00e8res ann\u00e9es, la gestion des lits s\u2019est traduite par des dispositifs de d\u00e9nombrement des lits vacants afin de r\u00e9pondre \u00e0 l\u2019imp\u00e9ratif d\u2019identifier o\u00f9 admettre les patients non programm\u00e9s. Ce sont le plus souvent aux cadres de sant\u00e9 qu\u2019incombe le d\u00e9compte des lits vacants dans les services et leur communication pluriquotidienne aux urgences, ou encore l\u2019alimentation du r\u00e9pertoire op\u00e9rationnel des ressources (ROR) pour r\u00e9pondre aux besoins de visibilit\u00e9 sur le territoire. Ce dispositif, bien que rudimentaire et chronophage, pourrait, s&#8217;il est automatis\u00e9 et bien renseign\u00e9, devenir un outil pour l&#8217;identification des ressources mobilisables.<\/p>\n<p>Pourtant, \u00e0 l\u2019\u00e9chelle d\u2019un \u00e9tablissement comme d\u2019un territoire, la gestion des lits doit \u00eatre une d\u00e9marche transversale et globale, int\u00e9grant de nombreux processus. Elle ne se r\u00e9duit pas \u00e0 placer des patients dans un lit\u2009: son d\u00e9ploiement impacte l\u2019ensemble des m\u00e9tiers qui contribuent \u00e0 la prise en charge en hospitalisation, ce qui n\u00e9cessite une r\u00e9elle adh\u00e9sion m\u00e9dico-soignante. L\u2019acronyme GDLP, soit la \u00ab\u2009gestion des lits et des parcours\u2009\u00bb, semble ainsi mieux rendre compte de l\u2019ensemble des enjeux associ\u00e9s, conciliant ces diff\u00e9rentes dimensions et cette n\u00e9cessaire transversalit\u00e9.<\/p>\n<h1>Une d\u00e9marche multidimensionnelle<\/h1>\n<p>La GDLP repose sur de nombreux processus\u2009:<\/p>\n<ul>\n<li><strong>le rep\u00e9rage des capacit\u00e9s disponibles et leur communication<\/strong>, au jour le jour, id\u00e9alement en temps r\u00e9el, aux bons interlocuteurs\u2009;<\/li>\n<li><strong>l\u2019identification du besoin sp\u00e9cifique de soins du patient et la d\u00e9finition du lieu le plus adapt\u00e9 de prise en charge<\/strong>, s\u2019appuyant sur un bon usage de l\u2019expertise m\u00e9dicale mais aussi de toutes les autres ressources hospitali\u00e8res\u2009;<\/li>\n<li><strong>la d\u00e9finition des dur\u00e9es pr\u00e9visibles des s\u00e9jours<\/strong> sans m\u00e9conna\u00eetre l\u2019indispensable adaptation aux besoins de chaque patient\u2009;<\/li>\n<li><strong>la r\u00e9gulation quotidienne de l\u2019offre en lits<\/strong>, s\u2019appuyant sur une instance fonctionnelle disposant d\u2019indicateurs consensuels et partag\u00e9s\u2009;<\/li>\n<li><strong>un ajustement interdiscipline de l\u2019offre structurelle en lits et places \u00e0 l\u2019\u00e9volution des besoins et<\/strong>, <i>in fine<\/i>, l\u2019am\u00e9lioration de la corr\u00e9lation \u00ab\u2009activit\u00e9\/ressources\u2009\u00bb, reposant quant \u00e0 elle sur une institutionnalisation de la r\u00e9flexion.<\/li>\n<\/ul>\n<h2>Des nombreuses forces en pr\u00e9sence, aux r\u00f4les et int\u00e9r\u00eats conciliables<\/h2>\n<p>Les \u00e9tablissements de sant\u00e9 sont les premiers impact\u00e9s par une gestion des lits et des parcours plus ou moins bien structur\u00e9e. En leur sein, il convient de distinguer les d\u00e9cideurs (directeurs, instances m\u00e9dicales) des acteurs directs de la prise en charge. Une \u00e9troite articulation entre chaque niveau, strat\u00e9gique et op\u00e9rationnel, est donc n\u00e9cessaire pour \u00ab\u2009faire bouger les lignes\u2009\u00bb et donner du sens au collectif m\u00e9dico-soignant. Enfin, \u00e0 l\u2019heure o\u00f9 la tarification \u00e0 l\u2019activit\u00e9 (T2A) demeure le mode de financement majoritaire des soins, les logiques de concurrence prennent encore souvent le pas sur celles de coop\u00e9ration. Les int\u00e9r\u00eats convergents doivent alors \u00eatre rappel\u00e9s.<\/p>\n<p>Les acteurs de l\u2019amont et de l\u2019aval\u00a0occupent une place croissante dans une logique de parcours, l\u2019h\u00f4pital devant d\u00e9sormais se concentrer sur les \u00e9tapes aigu\u00ebs de la maladie. Pourtant, leur capacit\u00e9 de prise en charge est \u00e9galement contrainte, avec une diminution de la disponibilit\u00e9 de m\u00e9decins g\u00e9n\u00e9ralistes et de certains sp\u00e9cialistes ainsi qu\u2019une contraction de l\u2019offre SMR. La structuration de l\u2019offre de soins de ville via les communaut\u00e9s professionnelles territoriales de sant\u00e9 (CPTS) constitue n\u00e9anmoins une occasion de mieux articuler les strat\u00e9gies \u00e0 l\u2019\u00e9chelle territoriale.<\/p>\n<p>Les GHT, outils de la coop\u00e9ration territoriale hospitali\u00e8re publique, peuvent de plus en plus s\u2019appuyer sur les projets m\u00e9dico-\u00adsoignants partag\u00e9s pour construire des fili\u00e8res de prise en charge, \u00e9dicter des r\u00e8gles de fonctionnement homog\u00e8nes et d\u00e9ployer des outils num\u00e9riques concert\u00e9s voire territorialis\u00e9s. Si l\u2019\u00e9tablissement support est souvent identifi\u00e9 comme l\u00e9gitime pour conduire les travaux, l\u2019aboutissement de ces dispositifs d\u00e9pend du niveau d\u2019int\u00e9gration du GHT. Enfin, la question d\u2019un leadership des \u00e9tablissements supports de GHT pour une d\u00e9marche territoriale de gestion des lits questionne leur relation avec les offreurs priv\u00e9s, qu\u2019il est indispensable d\u2019int\u00e9grer et de responsabiliser.<\/p>\n<p>Les ARS, devant r\u00e9pondre \u00e0 la fois aux directives de leur minist\u00e8re de tutelle et aux besoins des territoires sur lesquels s\u2019exprime la pression d\u2019acc\u00e8s aux soins, portent les demandes d\u2019information et d\u2019action aupr\u00e8s des \u00e9tablissements. Elles s\u2019attellent \u00e0 stimuler la coordination entre les \u00e9tablissements, qu\u2019il s\u2019agisse de r\u00e9unions de situation en p\u00e9riode de tensions, d\u2019appels \u00e0 projets d\u00e9di\u00e9s ou encore de l\u2019inscription de cette probl\u00e9matique dans le dialogue de gestion. Dot\u00e9es de cr\u00e9dits permettant d\u2019accompagner les projets de gestion des lits, elles peuvent les utiliser pour faire levier sur les organisations, si tant est qu\u2019elles puissent s\u2019assurer de cibler les bons projets et disposer des moyens d\u2019\u00e9valuer les cr\u00e9dits d\u00e9l\u00e9gu\u00e9s.<\/p>\n<p>Les collectivit\u00e9s territoriales peuvent \u00e9galement \u00eatre impliqu\u00e9es, soit en tant que membre des instances de r\u00e9gulation (commission r\u00e9gionale de la sant\u00e9 et de l\u2019autonomie [CRSA] et commission sp\u00e9cialis\u00e9e de l\u2019offre de soins [CSOS]), en tant que soutien au d\u00e9veloppement de l\u2019offre de proximit\u00e9, notamment coordonn\u00e9es (CPTS, maisons de sant\u00e9 pluriprofessionnelles [MSP] notamment) ou en tant que financeurs d\u2019investissement dans l\u2019innovation et le num\u00e9rique.<\/p>\n<h2>GDLP\u2009: trois piliers cl\u00e9s<\/h2>\n<p>La structuration d\u2019une d\u00e9marche de gestion des lits et des parcours \u00e0 l\u2019\u00e9chelle d\u2019un \u00e9tablissement ou \u00e0 l\u2019\u00e9chelle d\u2019un territoire repose essentiellement sur trois piliers\u2009:<\/p>\n<ul>\n<li><strong>une gouvernance structur\u00e9e<\/strong>, qui permet de faire converger l&#8217;inscription de la gestion des lits dans le cadre strat\u00e9gique, la mise en \u0153uvre d\u2019une r\u00e9ponse op\u00e9rationnelle et le pilotage de sa performance. Elle doit \u00eatre bien identifi\u00e9e et l\u00e9gitime, tant \u00e0 l\u2019\u00e9chelle de l\u2019\u00e9tablissement que du territoire. Elle peut reposer, en mode projet, sur une gouvernance d\u00e9di\u00e9e (Copil projet, \u00e9quipe projet) avant d\u2019\u00eatre incarn\u00e9e en routine par les instances conventionnelles (directoire, commission m\u00e9dicale d\u2019\u00e9tablissement ou coll\u00e8ge soignant \u00e0 l\u2019\u00e9chelle de l&#8217;\u00e9tablissement, comit\u00e9 strat\u00e9gique, commissions m\u00e9dicale ou soignante de groupement \u00e0 l\u2019\u00e9chelle du GHT). On notera cependant qu\u2019il n\u2019existe pas d\u2019instance r\u00e9glementaire permettant la participation des acteurs priv\u00e9s et publics, hospitaliers et non hospitaliers \u00e0 l\u2019\u00e9chelle du territoire et qu\u2019une telle instance doit alors \u00eatre cr\u00e9\u00e9e <i>ex nihilo<\/i>\u2009;<\/li>\n<li><strong>des dispositifs ou cellules d\u00e9di\u00e9s et adapt\u00e9s en volume et en comp\u00e9tences<\/strong>\u2009: ils visent \u00e0 organiser la circulation de l\u2019information et le portage des d\u00e9cisions d\u2019orientation, ainsi que les projets d\u2019\u00e9volution des organisations. Ces dispositifs prennent la forme de cellules de gestion des lits et des parcours \u00e0 l\u2019\u00e9chelle des \u00e9tablissements. Ils tendent \u00e0 se structurer autour de la direction des soins et de l\u2019encadrement soignant. Leur p\u00e9rim\u00e8tre d\u2019action varie, allant g\u00e9n\u00e9ralement de la mesure des capacit\u00e9s \u00e0 la gestion des parcours intra-\u00adhospitaliers ou encore \u00e0 l\u2019articulation avec les partenaires du territoire pour fluidifier les sorties. En cela, ces cellules sont reconnues comme une base indispensable \u00e0 l\u2019optimisation de la gestion des lits et des parcours territoriaux. Elles facilitent le rep\u00e9rage des acteurs \u00e0 solliciter et constituent un relais pour les d\u00e9cisions d\u2019orientation territoriale\u2009;<\/li>\n<li><strong>des outils informatiques performants<\/strong>\u2009: diff\u00e9rents de simples tableaux de suivi des capacit\u00e9s, ils permettent d\u00e9sormais une v\u00e9ritable planification des ressources. Les syst\u00e8mes d\u2019information de gestion des lits se sont d\u00e9velopp\u00e9s pour r\u00e9pondre aux besoins de visibilit\u00e9 des disponibilit\u00e9s capacitaires, avec notamment des fonctionnalit\u00e9s de projection th\u00e9orique des sorties des patients d\u00e8s leur entr\u00e9e ou d\u2019activation des fonctions de bionettoyage pour mettre \u00e0 disposition rapidement le lit tout juste lib\u00e9r\u00e9. Comme tout syst\u00e8me d\u2019information, ces outils ne sont utiles que si une \u00e9volution des pratiques a \u00e9t\u00e9 conduite en amont\u2009: acculturation des m\u00e9decins \u00e0 la projection d\u2019une dur\u00e9e pr\u00e9visionnelle de s\u00e9jour, organisation des \u00e9quipes de nettoyage pour se d\u00e9ployer en fonction des signaux de lib\u00e9ration des lits, etc.<\/li>\n<\/ul>\n<h2>Des mod\u00e8les d\u2019organisation vari\u00e9s<\/h2>\n<p>L\u2019organisation de la GDLP au sein de l\u2019\u00e9tablissement peut prendre diff\u00e9rentes formes, qui \u00e9voluent selon les besoins, les ressources et le niveau de maturit\u00e9 de la structure. Sont pr\u00e9sent\u00e9es ci-dessous certaines formes d\u2019organisation rep\u00e9r\u00e9es dans les \u00e9tablissements, ainsi que leurs avantages et inconv\u00e9nients.<\/p>\n<p style=\"font-weight: 400;\"><button data-toggle=\"collapse\" data-target=\"#enc_2025_44_01\">figure 1<\/button><div id=\"enc_2025_44_01\" class=\"encadre collapse\"><h2>GDLP\u2009: cinq organisations rep\u00e9r\u00e9es dans les \u00e9tablissements bretons<span class=\"Apple-converted-space\">\u00a0<\/span><\/h2>\n<p><strong>Avantages et inconv\u00e9nients<\/strong><\/p>\n<p><img decoding=\"async\" class=\"alignnone size-full wp-image-49255\" src=\"https:\/\/gestions-hospitalieres.fr\/wp-content\/uploads\/2025\/01\/Capture-decran-2025-01-27-a-15.11.36.png\" alt=\"\" width=\"1856\" height=\"716\" srcset=\"https:\/\/www.ricom-web8.com\/gestions\/wp-content\/uploads\/2025\/01\/Capture-decran-2025-01-27-a-15.11.36.png 1856w, https:\/\/www.ricom-web8.com\/gestions\/wp-content\/uploads\/2025\/01\/Capture-decran-2025-01-27-a-15.11.36-300x116.png 300w, https:\/\/www.ricom-web8.com\/gestions\/wp-content\/uploads\/2025\/01\/Capture-decran-2025-01-27-a-15.11.36-1024x395.png 1024w, https:\/\/www.ricom-web8.com\/gestions\/wp-content\/uploads\/2025\/01\/Capture-decran-2025-01-27-a-15.11.36-768x296.png 768w, https:\/\/www.ricom-web8.com\/gestions\/wp-content\/uploads\/2025\/01\/Capture-decran-2025-01-27-a-15.11.36-1536x593.png 1536w\" sizes=\"(max-width: 1856px) 100vw, 1856px\" \/><\/p>\n<\/div><\/p>\n<p style=\"font-weight: 400;\">La coordination territoriale de la gestion des lits peut elle aussi prendre diff\u00e9rentes formes et gagnera \u00e0 se structurer dans chaque territoire, en fonction des dynamiques existantes. Selon les cas de figure identifi\u00e9s sur les plans r\u00e9gional et national, elle repose sur\u2009:<\/p>\n<ul>\n<li>un temps de coordination r\u00e9gionale en p\u00e9riode de tension sous l\u2019\u00e9gide de l\u2019ARS le plus souvent\u2009;<\/li>\n<li>une coordination \u00e0 la seule \u00e9chelle du territoire du GHT afin de solutionner des difficult\u00e9s ponctuelles\u00a0entre acteurs publics\u2009;<\/li>\n<li>une approche territoriale plus structur\u00e9e avec des r\u00e9unions interacteurs pour identifier les difficult\u00e9s et les solutions\u2009;<\/li>\n<li>des ressources humaines d\u00e9di\u00e9es, avec le recrutement de coordonnateurs ou chefs de projets territoriaux\u2009;<\/li>\n<li>une feuille de route territoriale qui d\u00e9finit une organisation cible et un plan d\u2019actions permettant de l\u2019atteindre.<\/li>\n<\/ul>\n<blockquote><p>La gestion des lits ne se r\u00e9duit pas \u00e0 placer des patients dans un lit\u2009: son d\u00e9ploiement impacte l\u2019ensemble des m\u00e9tiers qui contribuent \u00e0 la prise en charge en hospitalisation.<\/p><\/blockquote>\n<h2>Des freins et des leviers communs aux logiques intra et inter\u00e9tablissement<\/h2>\n<h3>En mati\u00e8re de gouvernance<\/h3>\n<ul>\n<li><strong>Les principaux freins<\/strong><br \/>\n\u2022 Une th\u00e9matique dont la dimension strat\u00e9gique est parfois insuffisamment valoris\u00e9e dans le portefeuille des projets de l&#8217;\u00e9tablissement.<br \/>\n\u2022 La faible implication des m\u00e9decins dans les discussions m\u00eame lorsqu\u2019un cadre structur\u00e9 existe. Cette situation peut \u00eatre due \u00e0 un manque de temps d\u00e9di\u00e9, un d\u00e9sint\u00e9r\u00eat pour les sujets li\u00e9s \u00e0 la gestion, notamment des lits, ou une segmentation disciplinaire g\u00e9n\u00e9rant des int\u00e9r\u00eats divergents, voire un d\u00e9sint\u00e9r\u00eat global.<br \/>\n\u2022 La difficult\u00e9 \u00e0 instaurer une instance de dialogue consacr\u00e9e \u00e0 la gestion des lits en dehors du cadre des GHT ou des tensions r\u00e9gul\u00e9es par l\u2019ARS.<\/li>\n<li><strong>Les leviers identifi\u00e9s<\/strong><br \/>\n\u2022 Un portage strat\u00e9gique tripartite direction g\u00e9n\u00e9rale\/direction des soins\/CME.<br \/>\n\u2022 Une forte incitation de l\u2019ARS \u00e0 structurer la concertation autour de la gestion des lits \u00e0 un niveau strat\u00e9gique.<br \/>\n\u2022 Une mobilisation du corps m\u00e9dical\u00a0permettant d\u2019identifier et de r\u00e9duire l\u2019opposition entre sp\u00e9cialit\u00e9s ou entre \u00e9tablissements, tout en mettant en \u00e9vidence des int\u00e9r\u00eats communs \u00e0 agir, touchant en principe \u00e0 des enjeux de qualit\u00e9 de prise en charge, de fluidit\u00e9 des parcours et d\u2019ad\u00e9quation des orientations aux besoins des patients.<br \/>\n\u2022 La bonne connaissance mutuelle, permettant d\u2019instaurer un climat de confiance entre les acteurs et d\u2019assurer des relations fluides.<\/li>\n<\/ul>\n<h3>En termes d\u2019organisation des dispositifs<\/h3>\n<ul>\n<li><strong>Les principaux freins<\/strong><br \/>\n\u2022 L\u2019identification des moyens humains est frein\u00e9e par des enjeux de financement. Ces ressources humaines transversales sont plus complexes \u00e0 l\u00e9gitimer que celles d\u00e9di\u00e9es aux soins, particuli\u00e8rement \u00e0 l\u2019\u00e9chelle territoriale, pour laquelle aucun financement de droit commun n\u2019est pr\u00e9vu. \u00c0 l\u2019\u00e9chelle d\u2019un \u00e9tablissement, un tel investissement doit <i>in fine<\/i> se justifier par son impact sur la dur\u00e9e moyenne de s\u00e9jour et la lib\u00e9ration des capacit\u00e9s.<span class=\"Apple-converted-space\"><br \/>\n<\/span>\u2022 La raret\u00e9 de profils adapt\u00e9s pour des postes de charg\u00e9s de mission, \u00e0 l\u2019\u00e9chelle d\u2019un \u00e9tablissement ou d\u2019un territoire, et la difficult\u00e9 \u00e0 les fid\u00e9liser. En effet, ces personnes charg\u00e9es de concevoir et de d\u00e9ployer une feuille de route territoriale doivent disposer de qualit\u00e9s relationnelles, de comp\u00e9tences en gestion de projet mais \u00e9galement \u00eatre l\u00e9gitim\u00e9es au sein d\u2019instances de discussions op\u00e9rationnelles et strat\u00e9giques.<br \/>\n\u2022 Un positionnement institutionnel\u00a0parfois insuffisant, particuli\u00e8rement pour les cellules de gestion des lits au sein des \u00e9tablissements. Ce probl\u00e8me est exacerb\u00e9 lorsque leurs missions se limitent au d\u00e9nombrement des lits et \u00e0 la gestion des urgences, au d\u00e9triment d\u2019une approche globale ax\u00e9e sur la fluidification des parcours, notamment pour les parcours complexes. C\u2019est pourquoi ces ressources peuvent gagner \u00e0 faire l\u2019objet d\u2019un rattachement \u00e0 un management strat\u00e9gique et transversal, qui veillera \u00e0 engager les professionnels au-del\u00e0 des seules cellules et du service des urgences.<\/li>\n<li><strong>Les leviers identifi\u00e9s<\/strong><br \/>\n\u2022 Capitaliser sur les exp\u00e9riences\u00a0en partageant les fiches de poste et en favorisant les interactions entre pairs.<br \/>\n\u2022 Adapter les dispositifs sur la base des retours d\u2019exp\u00e9rience.<br \/>\n\u2022 \u00c9valuer les r\u00e9sultats pour d\u00e9montrer l&#8217;impact financier et conforter le mod\u00e8le \u00e9conomique.<br \/>\n\u2022 Mesurer l\u2019efficacit\u00e9 des dispositifs \u00e0 travers des indicateurs pertinents et des rituels d\u2019analyse pour objectiver l\u2019impact de la GDPL sur la qualit\u00e9 des soins.<br \/>\n\u2022 La mobilisation du corps m\u00e9dical est un levier incontournable pour asseoir la l\u00e9gitimit\u00e9 des cellules de GDLP et augmenter l\u2019impact de leur action aupr\u00e8s des services de soins. S\u2019appuyant sur l\u2019objectivation des r\u00e9sultats obtenus, elle passe par l\u2019identification de leaders m\u00e9dicaux acquis \u00e0 l\u2019int\u00e9r\u00eat pour le corps m\u00e9dical d\u2019\u00eatre associ\u00e9 \u00e0 la d\u00e9finition des processus et des outils de gestion des lits et des parcours.<\/li>\n<\/ul>\n<h2>Des facteurs de succ\u00e8s identifi\u00e9s par les acteurs<\/h2>\n<ul>\n<li><strong>L\u2019interconnaissance des acteurs\u2009<\/strong>: la confiance, souvent issue des relations \u00e9troites d\u00e9velopp\u00e9es dans des contextes critiques comme la crise Covid, est fr\u00e9quemment cit\u00e9e comme un catalyseur des coop\u00e9rations. Elle repose sur une meilleure compr\u00e9hension des p\u00e9rim\u00e8tres d\u2019intervention et des r\u00f4les de chacun. Cette interconnaissance et cette confiance constituent un socle essentiel pour b\u00e2tir des engagements. Elles favorisent \u00e9galement la fluidit\u00e9 des \u00e9changes, facilitant ainsi la cr\u00e9ation de passerelles et l\u2019orientation des patients.<\/li>\n<li><strong>Des d\u00e9marches structur\u00e9es au sein des \u00e9tablissements<\/strong>\u2009: pour permettre aux acteurs du territoire de collaborer efficacement et de diriger leurs patients en toute confiance, une gestion des parcours intra-\u00e9tablissement est cruciale. Ces structures varient en fonction de la taille, des ressources et du positionnement des \u00e9tablissements, mais elles demeurent un facteur cl\u00e9 de r\u00e9ussite pour la coop\u00e9ration territoriale.<\/li>\n<li><strong>Un engagement des acteurs au niveau strat\u00e9gique\u2009<\/strong>: la coop\u00e9ration territoriale en mati\u00e8re de gestion des lits exige un investissement collectif, impuls\u00e9, voire pilot\u00e9 principalement par les chefs d\u2019\u00e9tablissement. Leur implication est d\u2019autant plus forte qu\u2019elle est soutenue par l\u2019ARS. Les responsabilit\u00e9s sont d\u00e8s lors \u00e0 clarifier\u2009:<br \/>\n\u2022 l\u2019ARS se charge du \u00ab\u2009quoi\u2009\u2009\u00bb, par exemple solliciter formellement une organisation territoriale de la gestion des lits, une gouvernance territoriale d\u00e9finie\u2009\u2009;<br \/>\n\u2022 les \u00e9tablissements se chargent du \u00ab\u2009comment\u2009\u2009\u00bb, notamment la composition pr\u00e9cise des instances, leurs modalit\u00e9s et fr\u00e9quence des rencontres, l\u2019\u00e9laboration des fiches de poste, le recrutement, le choix des outils.<\/li>\n<li><strong>Un accompagnement cibl\u00e9 des pouvoirs publics<\/strong>\u2009: les ARS, en ciblant les accompagnements, peuvent renforcer ces projets d\u2019organisation territoriale. Ce soutien financier sera d\u2019autant plus efficace qu\u2019il s\u2019appuiera sur une compr\u00e9hension fine et partag\u00e9e des organisations locales, des dynamiques en jeu et des besoins sp\u00e9cifiques li\u00e9s \u00e0 la gestion des lits et des parcours.<\/li>\n<li><strong>Un dialogue de gestion bas\u00e9 sur des indicateurs robustes<\/strong>\u2009: ce dialogue, adoss\u00e9 \u00e0 des syst\u00e8mes d\u2019information fiables, est indispensable pour identifier les besoins et piloter les actions. Il doit s\u2019appuyer sur une connaissance approfondie des contextes et projets, et couvrir les aspects suivants\u2009:<br \/>\n\u2022 pilotage et gouvernance\u2009: les instances mobilis\u00e9es, les indicateurs, les actions qui en d\u00e9coulent\u2009;<br \/>\n\u2022 ressources d\u00e9di\u00e9es\u2009: les comp\u00e9tences, r\u00f4les et responsabilit\u00e9s d\u00e9ploy\u00e9s pour organiser la gestion des lits \u00e0 l\u2019\u00e9chelle des \u00e9tablissements et des territoires\u2009;<br \/>\n\u2022 relations\u2009: les relations permettant de fluidifier les parcours des soins non programm\u00e9s et urgents en amont, l\u2019aval de l\u2019h\u00f4pital\u2009;<span class=\"Apple-converted-space\"><br \/>\n<\/span>\u2022 outils\u2009: les outils informatiques en place, les solutions en projet, leur niveau de d\u00e9ploiement et leur visibilit\u00e9 sur la disponibilit\u00e9 des lits\u2009;<br \/>\n\u2022 organisation en situation de crise\u2009: les interactions et m\u00e9canismes de d\u00e9cision sont pr\u00e9vus en cas de tensions hospitali\u00e8res ou de pic d\u2019activit\u00e9.<\/li>\n<li><strong>Une gestion de projet bien identifi\u00e9e<\/strong>\u2009: une coordination territoriale efficace de la gestion des lits repose sur une gestion de projet structur\u00e9e, facilit\u00e9e par l\u2019engagement strat\u00e9gique des acteurs. Cette gestion peut \u00e9voluer\u2009:<br \/>\n\u2022 en phase initiale, elle est souvent fortement port\u00e9e par les directions\u2009;<br \/>\n\u2022 en phase de routine, elle peut \u00eatre confi\u00e9e \u00e0 des charg\u00e9s de mission.<\/li>\n<li><strong>L\u2019engagement de la communaut\u00e9 m\u00e9dicale\u2009<\/strong>: bien qu\u2019essentiel, cet engagement demeure l\u2019un des leviers les plus complexes \u00e0 activer. Impliquer les m\u00e9decins dans la gestion des lits n\u00e9cessite d\u2019en d\u00e9montrer la valeur ajout\u00e9e pour les parcours de soins et pour les services eux-m\u00eames.<\/li>\n<\/ul>\n<h1>L\u2019exemple de l\u2019ARS Bretagne<\/h1>\n<h2>Une d\u00e9marche structurante en gestion des lits<\/h2>\n<p>L\u2019analyse des travaux conduits par l\u2019ARS Bretagne permet d\u2019illustrer les nombreuses interactions g\u00e9n\u00e9r\u00e9es par une d\u00e9marche structur\u00e9e de gestion des lits, les projets qu\u2019elle peut engendrer, ainsi que les modalit\u00e9s organisationnelles \u00e0 m\u00eame d\u2019optimiser son impact. Depuis 2020, l\u2019ARS Bretagne d\u00e9ploie en effet des cr\u00e9dits aux \u00e9tablissements publics et priv\u00e9s du territoire afin de soutenir leurs projets de gestion des lits. En 2024, une \u00e9valuation de ces cr\u00e9dits a \u00e9t\u00e9 conduite, suivie d\u2019une cartographie des organisations en place au sein des \u00e9tablissements et des territoires.<\/p>\n<h2>Des objectifs de visibilit\u00e9 et d\u2019ad\u00e9quation de l\u2019accompagnement r\u00e9gional<\/h2>\n<p>Les objectifs port\u00e9s par l\u2019ARS Bretagne ont \u00e9t\u00e9 les suivants\u2009:<\/p>\n<ul>\n<li><strong>acqu\u00e9rir une visibilit\u00e9 homog\u00e8ne sur les dynamiques en cours<\/strong>, en tenant compte des diff\u00e9rents contextes locaux\u2009;<\/li>\n<li><strong>identifier les besoins sp\u00e9cifiques des acteurs pour accompagner de mani\u00e8re cibl\u00e9e et efficace<\/strong> la structuration territoriale de la gestion des lits.<\/li>\n<\/ul>\n<p>Pour chaque \u00e9tablissement et chaque territoire, l\u2019ARS Bretagne s\u2019est ainsi dot\u00e9e d\u2019une cartographie qualitative r\u00e9pondant aux questions suivantes\u2009: quelle est la gouvernance qui r\u00e9git les relations entre les acteurs\u2009? Quels dispositifs sont d\u00e9ploy\u00e9s pour favoriser les interactions entre acteurs et la bonne orientation des patients\u2009? Quels syst\u00e8mes d\u2019information sont d\u00e9ploy\u00e9s\u2009?<\/p>\n<p>\u00c0 l\u2019issue de ce travail d\u2019analyse, un mod\u00e8le \u00e9conomique adapt\u00e9 aux niveaux de maturit\u00e9 des \u00e9tablissements et des territoires a pu \u00eatre approch\u00e9 sous forme de cr\u00e9dits d&#8217;amor\u00e7age pour impulser la cr\u00e9ation ou le renforcement des cellules de gestion des lits dans les \u00e9tablissements et les territoires qui n\u2019en disposent pas encore. Le d\u00e9ploiement d\u2019un syst\u00e8me d\u2019information d\u00e9di\u00e9 \u00e0 la gestion des lits a \u00e9galement \u00e9t\u00e9 propos\u00e9.<\/p>\n<p>Ces ressources, amen\u00e9es \u00e0 se r\u00e9unir r\u00e9guli\u00e8rement, doivent contribuer \u00e0 la cartographie des organisations existantes, tout en favorisant des \u00e9changes fr\u00e9quents et structur\u00e9s entre les diff\u00e9rents acteurs de la prise en charge. En routine, cela leur permet de proposer toutes les \u00e9volutions organisationnelles permettant de fluidifier les parcours, et de s\u2019en faire le relais au sein de leurs \u00e9tablissements.<\/p>\n<h1>Vers une gouvernance partag\u00e9e et des liens renforc\u00e9s<\/h1>\n<p>L\u2019un des enjeux majeurs de cette dynamique territoriale de gestion des lits est de permettre la formation d\u2019une gouvernance <i>ad hoc<\/i>, con\u00e7ue par et pour les acteurs de terrain. Ce mod\u00e8le vise \u00e0 renforcer les liens entre les professionnels impliqu\u00e9s, \u00e0 instaurer une concertation r\u00e9guli\u00e8re et \u00e0 ancrer durablement une dynamique de coop\u00e9ration territoriale en mati\u00e8re de gestion des lits et des parcours.<\/p>\n<button data-toggle=\"collapse\" data-target=\"#enc_2025_44_02\">figure 2<\/button><div id=\"enc_2025_44_02\" class=\"encadre collapse\"><h2>Principes structurants d'un mod\u00e8le de gestion des lits et des parcours<span class=\"Apple-converted-space\">\u00a0<\/span><\/h2>\n<p><strong>\u00e0 l'\u00e9chelle des \u00e9tablissements et des territoires<span class=\"Apple-converted-space\">\u00a0<\/span><\/strong><\/p>\n<p><img decoding=\"async\" class=\"alignnone size-full wp-image-49257\" src=\"https:\/\/gestions-hospitalieres.fr\/wp-content\/uploads\/2025\/01\/Capture-decran-2025-01-27-a-15.12.58.png\" alt=\"\" width=\"1838\" height=\"836\" srcset=\"https:\/\/www.ricom-web8.com\/gestions\/wp-content\/uploads\/2025\/01\/Capture-decran-2025-01-27-a-15.12.58.png 1838w, https:\/\/www.ricom-web8.com\/gestions\/wp-content\/uploads\/2025\/01\/Capture-decran-2025-01-27-a-15.12.58-300x136.png 300w, https:\/\/www.ricom-web8.com\/gestions\/wp-content\/uploads\/2025\/01\/Capture-decran-2025-01-27-a-15.12.58-1024x466.png 1024w, https:\/\/www.ricom-web8.com\/gestions\/wp-content\/uploads\/2025\/01\/Capture-decran-2025-01-27-a-15.12.58-768x349.png 768w, https:\/\/www.ricom-web8.com\/gestions\/wp-content\/uploads\/2025\/01\/Capture-decran-2025-01-27-a-15.12.58-1536x699.png 1536w\" sizes=\"(max-width: 1838px) 100vw, 1838px\" \/><\/p>\n<\/div>\n<script>function PlayerjsAsync(){} if(window[\"Playerjs\"]){PlayerjsAsync();}<\/script>","protected":false},"excerpt":{"rendered":"<p>Inscrite dans la mesure 12 du pacte de refondation des urgences (2020), la d\u00e9marche de gestion des lits constitue un levier pour faciliter l\u2019organisation des admissions directes non programm\u00e9es, notamment celles des personnes \u00e2g\u00e9es (mesure 5 du pacte). Charg\u00e9e d\u2019\u00e9valuer les mesures d\u00e9rogatoires portant sur les soins urgents et non programm\u00e9s institu\u00e9es durant l\u2019\u00e9t\u00e9 2022, la mission de l\u2019Inspection g\u00e9n\u00e9rale des affaires sociales (Igas) consid\u00e8re la mise en place de&hellip; <\/p>\n","protected":false},"author":23133,"featured_media":0,"comment_status":"closed","ping_status":"closed","sticky":false,"template":"","format":"standard","meta":{"_acf_changed":false,"_relevanssi_hide_post":"","_relevanssi_hide_content":"","_relevanssi_pin_for_all":"","_relevanssi_pin_keywords":"","_relevanssi_unpin_keywords":"","_relevanssi_related_keywords":"","_relevanssi_related_include_ids":"","_relevanssi_related_exclude_ids":"","_relevanssi_related_no_append":"","_relevanssi_related_not_related":"","_relevanssi_related_posts":"","_relevanssi_noindex_reason":"","footnotes":""},"categories":[26,2],"tags":[10628,10627,10629,1598,324],"class_list":["post-49251","post","type-post","status-publish","format-standard","hentry","category-dossier","category-gestions-hospitalieres","tag-ars-bretagne","tag-gestionnaire-de-lits","tag-hospitalisation-non-programmee","tag-parcours-patient","tag-urgences"],"acf":[],"yoast_head":"<!-- This site is optimized with the Yoast SEO plugin v24.8.1 - https:\/\/yoast.com\/wordpress\/plugins\/seo\/ -->\n<title>Gestion des lits et des parcours - Gestions hospitali\u00e8res<\/title>\n<meta name=\"robots\" content=\"index, follow, max-snippet:-1, max-image-preview:large, max-video-preview:-1\" \/>\n<link rel=\"canonical\" href=\"https:\/\/www.ricom-web8.com\/gestions\/gestion-des-lits-et-des-parcours\/\" \/>\n<meta property=\"og:locale\" content=\"fr_FR\" \/>\n<meta property=\"og:type\" content=\"article\" \/>\n<meta property=\"og:title\" content=\"Gestion des lits et des parcours - Gestions hospitali\u00e8res\" \/>\n<meta property=\"og:description\" content=\"Inscrite dans la mesure 12 du pacte de refondation des urgences (2020), la d\u00e9marche de gestion des lits constitue un levier pour faciliter l\u2019organisation des admissions directes non programm\u00e9es, notamment celles des personnes \u00e2g\u00e9es (mesure 5 du pacte). Charg\u00e9e d\u2019\u00e9valuer les mesures d\u00e9rogatoires portant sur les soins urgents et non programm\u00e9s institu\u00e9es durant l\u2019\u00e9t\u00e9 2022, la mission de l\u2019Inspection g\u00e9n\u00e9rale des affaires sociales (Igas) consid\u00e8re la mise en place de&hellip;\" \/>\n<meta property=\"og:url\" content=\"https:\/\/www.ricom-web8.com\/gestions\/gestion-des-lits-et-des-parcours\/\" \/>\n<meta property=\"og:site_name\" content=\"Gestions hospitali\u00e8res\" \/>\n<meta property=\"article:publisher\" content=\"https:\/\/www.facebook.com\/gestionshospitalieres\/\" \/>\n<meta property=\"article:published_time\" content=\"2025-01-01T13:42:32+00:00\" \/>\n<meta property=\"article:modified_time\" content=\"2025-01-28T09:11:35+00:00\" \/>\n<meta name=\"author\" content=\"Gestions hospitali\u00e8res\" \/>\n<meta name=\"twitter:card\" content=\"summary_large_image\" \/>\n<meta name=\"twitter:creator\" content=\"@revue_GH\" \/>\n<meta name=\"twitter:site\" content=\"@revue_GH\" \/>\n<meta name=\"twitter:label1\" content=\"\u00c9crit par\" \/>\n\t<meta name=\"twitter:data1\" content=\"Gestions hospitali\u00e8res\" \/>\n\t<meta name=\"twitter:label2\" content=\"Dur\u00e9e de lecture estim\u00e9e\" \/>\n\t<meta name=\"twitter:data2\" content=\"17 minutes\" \/>\n<script type=\"application\/ld+json\" class=\"yoast-schema-graph\">{\"@context\":\"https:\/\/schema.org\",\"@graph\":[{\"@type\":\"Article\",\"@id\":\"https:\/\/www.ricom-web8.com\/gestions\/gestion-des-lits-et-des-parcours\/#article\",\"isPartOf\":{\"@id\":\"https:\/\/www.ricom-web8.com\/gestions\/gestion-des-lits-et-des-parcours\/\"},\"author\":{\"name\":\"Gestions hospitali\u00e8res\",\"@id\":\"https:\/\/www.ricom-web8.com\/gestions\/#\/schema\/person\/3ba9fe913190dfe9507feb621e902c1f\"},\"headline\":\"Gestion des lits et des parcours\",\"datePublished\":\"2025-01-01T13:42:32+00:00\",\"dateModified\":\"2025-01-28T09:11:35+00:00\",\"mainEntityOfPage\":{\"@id\":\"https:\/\/www.ricom-web8.com\/gestions\/gestion-des-lits-et-des-parcours\/\"},\"wordCount\":3788,\"publisher\":{\"@id\":\"https:\/\/www.ricom-web8.com\/gestions\/#organization\"},\"keywords\":[\"ARS Bretagne\",\"gestionnaire de lits\",\"hospitalisation non programm\u00e9e\",\"parcours patient\",\"urgences\"],\"articleSection\":[\"dossier\",\"Gestions Hospitali\u00e8res\"],\"inLanguage\":\"fr-FR\"},{\"@type\":\"WebPage\",\"@id\":\"https:\/\/www.ricom-web8.com\/gestions\/gestion-des-lits-et-des-parcours\/\",\"url\":\"https:\/\/www.ricom-web8.com\/gestions\/gestion-des-lits-et-des-parcours\/\",\"name\":\"Gestion des lits et des parcours - Gestions hospitali\u00e8res\",\"isPartOf\":{\"@id\":\"https:\/\/www.ricom-web8.com\/gestions\/#website\"},\"datePublished\":\"2025-01-01T13:42:32+00:00\",\"dateModified\":\"2025-01-28T09:11:35+00:00\",\"breadcrumb\":{\"@id\":\"https:\/\/www.ricom-web8.com\/gestions\/gestion-des-lits-et-des-parcours\/#breadcrumb\"},\"inLanguage\":\"fr-FR\",\"potentialAction\":[{\"@type\":\"ReadAction\",\"target\":[\"https:\/\/www.ricom-web8.com\/gestions\/gestion-des-lits-et-des-parcours\/\"]}]},{\"@type\":\"BreadcrumbList\",\"@id\":\"https:\/\/www.ricom-web8.com\/gestions\/gestion-des-lits-et-des-parcours\/#breadcrumb\",\"itemListElement\":[{\"@type\":\"ListItem\",\"position\":1,\"name\":\"Accueil\",\"item\":\"https:\/\/www.ricom-web8.com\/gestions\/\"},{\"@type\":\"ListItem\",\"position\":2,\"name\":\"Gestion des lits et des parcours\"}]},{\"@type\":\"WebSite\",\"@id\":\"https:\/\/www.ricom-web8.com\/gestions\/#website\",\"url\":\"https:\/\/www.ricom-web8.com\/gestions\/\",\"name\":\"Gestions hospitali\u00e8res\",\"description\":\"la revue des d\u00e9cideurs hospitaliers\",\"publisher\":{\"@id\":\"https:\/\/www.ricom-web8.com\/gestions\/#organization\"},\"potentialAction\":[{\"@type\":\"SearchAction\",\"target\":{\"@type\":\"EntryPoint\",\"urlTemplate\":\"https:\/\/www.ricom-web8.com\/gestions\/?s={search_term_string}\"},\"query-input\":{\"@type\":\"PropertyValueSpecification\",\"valueRequired\":true,\"valueName\":\"search_term_string\"}}],\"inLanguage\":\"fr-FR\"},{\"@type\":\"Organization\",\"@id\":\"https:\/\/www.ricom-web8.com\/gestions\/#organization\",\"name\":\"Gestions hospitali\u00e8res\",\"url\":\"https:\/\/www.ricom-web8.com\/gestions\/\",\"logo\":{\"@type\":\"ImageObject\",\"inLanguage\":\"fr-FR\",\"@id\":\"https:\/\/www.ricom-web8.com\/gestions\/#\/schema\/logo\/image\/\",\"url\":\"https:\/\/gestions-hospitalieres.fr\/wp-content\/uploads\/2017\/02\/picto_Gif-GH-trans.png\",\"contentUrl\":\"https:\/\/gestions-hospitalieres.fr\/wp-content\/uploads\/2017\/02\/picto_Gif-GH-trans.png\",\"width\":512,\"height\":512,\"caption\":\"Gestions hospitali\u00e8res\"},\"image\":{\"@id\":\"https:\/\/www.ricom-web8.com\/gestions\/#\/schema\/logo\/image\/\"},\"sameAs\":[\"https:\/\/www.facebook.com\/gestionshospitalieres\/\",\"https:\/\/x.com\/revue_GH\",\"https:\/\/www.linkedin.com\/company\/gestions-hospitalieres?trk=top_nav_home\"]},{\"@type\":\"Person\",\"@id\":\"https:\/\/www.ricom-web8.com\/gestions\/#\/schema\/person\/3ba9fe913190dfe9507feb621e902c1f\",\"name\":\"Gestions hospitali\u00e8res\",\"image\":{\"@type\":\"ImageObject\",\"inLanguage\":\"fr-FR\",\"@id\":\"https:\/\/www.ricom-web8.com\/gestions\/#\/schema\/person\/image\/\",\"url\":\"https:\/\/secure.gravatar.com\/avatar\/1a0d93e6db5dbe7dac96bae4757d256f?s=96&d=mm&r=g\",\"contentUrl\":\"https:\/\/secure.gravatar.com\/avatar\/1a0d93e6db5dbe7dac96bae4757d256f?s=96&d=mm&r=g\",\"caption\":\"Gestions hospitali\u00e8res\"},\"url\":\"https:\/\/www.ricom-web8.com\/gestions\/author\/benjamin\/\"}]}<\/script>\n<!-- \/ Yoast SEO plugin. -->","yoast_head_json":{"title":"Gestion des lits et des parcours - Gestions hospitali\u00e8res","robots":{"index":"index","follow":"follow","max-snippet":"max-snippet:-1","max-image-preview":"max-image-preview:large","max-video-preview":"max-video-preview:-1"},"canonical":"https:\/\/www.ricom-web8.com\/gestions\/gestion-des-lits-et-des-parcours\/","og_locale":"fr_FR","og_type":"article","og_title":"Gestion des lits et des parcours - Gestions hospitali\u00e8res","og_description":"Inscrite dans la mesure 12 du pacte de refondation des urgences (2020), la d\u00e9marche de gestion des lits constitue un levier pour faciliter l\u2019organisation des admissions directes non programm\u00e9es, notamment celles des personnes \u00e2g\u00e9es (mesure 5 du pacte). Charg\u00e9e d\u2019\u00e9valuer les mesures d\u00e9rogatoires portant sur les soins urgents et non programm\u00e9s institu\u00e9es durant l\u2019\u00e9t\u00e9 2022, la mission de l\u2019Inspection g\u00e9n\u00e9rale des affaires sociales (Igas) consid\u00e8re la mise en place de&hellip;","og_url":"https:\/\/www.ricom-web8.com\/gestions\/gestion-des-lits-et-des-parcours\/","og_site_name":"Gestions hospitali\u00e8res","article_publisher":"https:\/\/www.facebook.com\/gestionshospitalieres\/","article_published_time":"2025-01-01T13:42:32+00:00","article_modified_time":"2025-01-28T09:11:35+00:00","author":"Gestions hospitali\u00e8res","twitter_card":"summary_large_image","twitter_creator":"@revue_GH","twitter_site":"@revue_GH","twitter_misc":{"\u00c9crit par":"Gestions hospitali\u00e8res","Dur\u00e9e de lecture estim\u00e9e":"17 minutes"},"schema":{"@context":"https:\/\/schema.org","@graph":[{"@type":"Article","@id":"https:\/\/www.ricom-web8.com\/gestions\/gestion-des-lits-et-des-parcours\/#article","isPartOf":{"@id":"https:\/\/www.ricom-web8.com\/gestions\/gestion-des-lits-et-des-parcours\/"},"author":{"name":"Gestions hospitali\u00e8res","@id":"https:\/\/www.ricom-web8.com\/gestions\/#\/schema\/person\/3ba9fe913190dfe9507feb621e902c1f"},"headline":"Gestion des lits et des parcours","datePublished":"2025-01-01T13:42:32+00:00","dateModified":"2025-01-28T09:11:35+00:00","mainEntityOfPage":{"@id":"https:\/\/www.ricom-web8.com\/gestions\/gestion-des-lits-et-des-parcours\/"},"wordCount":3788,"publisher":{"@id":"https:\/\/www.ricom-web8.com\/gestions\/#organization"},"keywords":["ARS Bretagne","gestionnaire de lits","hospitalisation non programm\u00e9e","parcours patient","urgences"],"articleSection":["dossier","Gestions Hospitali\u00e8res"],"inLanguage":"fr-FR"},{"@type":"WebPage","@id":"https:\/\/www.ricom-web8.com\/gestions\/gestion-des-lits-et-des-parcours\/","url":"https:\/\/www.ricom-web8.com\/gestions\/gestion-des-lits-et-des-parcours\/","name":"Gestion des lits et des parcours - Gestions hospitali\u00e8res","isPartOf":{"@id":"https:\/\/www.ricom-web8.com\/gestions\/#website"},"datePublished":"2025-01-01T13:42:32+00:00","dateModified":"2025-01-28T09:11:35+00:00","breadcrumb":{"@id":"https:\/\/www.ricom-web8.com\/gestions\/gestion-des-lits-et-des-parcours\/#breadcrumb"},"inLanguage":"fr-FR","potentialAction":[{"@type":"ReadAction","target":["https:\/\/www.ricom-web8.com\/gestions\/gestion-des-lits-et-des-parcours\/"]}]},{"@type":"BreadcrumbList","@id":"https:\/\/www.ricom-web8.com\/gestions\/gestion-des-lits-et-des-parcours\/#breadcrumb","itemListElement":[{"@type":"ListItem","position":1,"name":"Accueil","item":"https:\/\/www.ricom-web8.com\/gestions\/"},{"@type":"ListItem","position":2,"name":"Gestion des lits et des parcours"}]},{"@type":"WebSite","@id":"https:\/\/www.ricom-web8.com\/gestions\/#website","url":"https:\/\/www.ricom-web8.com\/gestions\/","name":"Gestions hospitali\u00e8res","description":"la revue des d\u00e9cideurs hospitaliers","publisher":{"@id":"https:\/\/www.ricom-web8.com\/gestions\/#organization"},"potentialAction":[{"@type":"SearchAction","target":{"@type":"EntryPoint","urlTemplate":"https:\/\/www.ricom-web8.com\/gestions\/?s={search_term_string}"},"query-input":{"@type":"PropertyValueSpecification","valueRequired":true,"valueName":"search_term_string"}}],"inLanguage":"fr-FR"},{"@type":"Organization","@id":"https:\/\/www.ricom-web8.com\/gestions\/#organization","name":"Gestions hospitali\u00e8res","url":"https:\/\/www.ricom-web8.com\/gestions\/","logo":{"@type":"ImageObject","inLanguage":"fr-FR","@id":"https:\/\/www.ricom-web8.com\/gestions\/#\/schema\/logo\/image\/","url":"https:\/\/gestions-hospitalieres.fr\/wp-content\/uploads\/2017\/02\/picto_Gif-GH-trans.png","contentUrl":"https:\/\/gestions-hospitalieres.fr\/wp-content\/uploads\/2017\/02\/picto_Gif-GH-trans.png","width":512,"height":512,"caption":"Gestions hospitali\u00e8res"},"image":{"@id":"https:\/\/www.ricom-web8.com\/gestions\/#\/schema\/logo\/image\/"},"sameAs":["https:\/\/www.facebook.com\/gestionshospitalieres\/","https:\/\/x.com\/revue_GH","https:\/\/www.linkedin.com\/company\/gestions-hospitalieres?trk=top_nav_home"]},{"@type":"Person","@id":"https:\/\/www.ricom-web8.com\/gestions\/#\/schema\/person\/3ba9fe913190dfe9507feb621e902c1f","name":"Gestions hospitali\u00e8res","image":{"@type":"ImageObject","inLanguage":"fr-FR","@id":"https:\/\/www.ricom-web8.com\/gestions\/#\/schema\/person\/image\/","url":"https:\/\/secure.gravatar.com\/avatar\/1a0d93e6db5dbe7dac96bae4757d256f?s=96&d=mm&r=g","contentUrl":"https:\/\/secure.gravatar.com\/avatar\/1a0d93e6db5dbe7dac96bae4757d256f?s=96&d=mm&r=g","caption":"Gestions hospitali\u00e8res"},"url":"https:\/\/www.ricom-web8.com\/gestions\/author\/benjamin\/"}]}},"_links":{"self":[{"href":"https:\/\/www.ricom-web8.com\/gestions\/wp-json\/wp\/v2\/posts\/49251","targetHints":{"allow":["GET"]}}],"collection":[{"href":"https:\/\/www.ricom-web8.com\/gestions\/wp-json\/wp\/v2\/posts"}],"about":[{"href":"https:\/\/www.ricom-web8.com\/gestions\/wp-json\/wp\/v2\/types\/post"}],"author":[{"embeddable":true,"href":"https:\/\/www.ricom-web8.com\/gestions\/wp-json\/wp\/v2\/users\/23133"}],"replies":[{"embeddable":true,"href":"https:\/\/www.ricom-web8.com\/gestions\/wp-json\/wp\/v2\/comments?post=49251"}],"version-history":[{"count":1,"href":"https:\/\/www.ricom-web8.com\/gestions\/wp-json\/wp\/v2\/posts\/49251\/revisions"}],"predecessor-version":[{"id":49258,"href":"https:\/\/www.ricom-web8.com\/gestions\/wp-json\/wp\/v2\/posts\/49251\/revisions\/49258"}],"wp:attachment":[{"href":"https:\/\/www.ricom-web8.com\/gestions\/wp-json\/wp\/v2\/media?parent=49251"}],"wp:term":[{"taxonomy":"category","embeddable":true,"href":"https:\/\/www.ricom-web8.com\/gestions\/wp-json\/wp\/v2\/categories?post=49251"},{"taxonomy":"post_tag","embeddable":true,"href":"https:\/\/www.ricom-web8.com\/gestions\/wp-json\/wp\/v2\/tags?post=49251"}],"curies":[{"name":"wp","href":"https:\/\/api.w.org\/{rel}","templated":true}]}}