

{"id":49525,"date":"2025-02-01T12:05:43","date_gmt":"2025-02-01T11:05:43","guid":{"rendered":"https:\/\/gestions-hospitalieres.fr\/?p=49525"},"modified":"2025-03-28T12:58:54","modified_gmt":"2025-03-28T11:58:54","slug":"prendre-soin-des-autres-sans-soublier","status":"publish","type":"post","link":"https:\/\/www.ricom-web8.com\/gestions\/prendre-soin-des-autres-sans-soublier\/","title":{"rendered":"Prendre soin des autres sans s\u2019oublier"},"content":{"rendered":"<span class=\"span-reading-time rt-reading-time\" style=\"display: block;\"><span class=\"rt-label rt-prefix\">Temps de lecture\u00a0: <\/span> <span class=\"rt-time\"> 9<\/span> <span class=\"rt-label rt-postfix\">minutes<\/span><\/span><p>L\u2019accumulation des responsabilit\u00e9s, des attentes souvent irr\u00e9alistes et un manque de soutien manag\u00e9rial transforment parfois le r\u00f4le cl\u00e9 d&#8217;un(e) adjointe(e) de direction en une source de pression intense. Ces d\u00e9fis s\u2019accompagnent fr\u00e9quemment de risques psychosociaux (RPS) tels que la surcharge de travail, des ordres dot\u00e9s de double contrainte, un manque de reconnaissance ou encore des tensions relationnelles au sein des \u00e9quipes. \u00c0 cela s\u2019ajoute un isolement professionnel croissant, exacerb\u00e9 par des contraintes organisationnelles et technologiques, ainsi qu\u2019une communication parfois insuffisante entre les diff\u00e9rents niveaux hi\u00e9rarchiques.<\/p>\n<p>Ces facteurs, amplifi\u00e9s par un environnement complexe et des exigences multiples, exposent les cadres \u00e0 un risque accru de burn-out. L\u2019intensit\u00e9 des responsabilit\u00e9s et l\u2019impossibilit\u00e9 de concilier rigueur professionnelle et besoins personnels g\u00e9n\u00e8rent une charge mentale importante, contribuant \u00e0 une d\u00e9gradation progressive de la sant\u00e9 physique et psychologique.<\/p>\n<h1>Un poste cl\u00e9 aux multiples responsabilit\u00e9s<\/h1>\n<p>Le r\u00f4le d\u2019adjoint de direction dans le secteur sanitaire ou m\u00e9dico-social se distingue par sa nature multidimensionnelle, m\u00ealant des responsabilit\u00e9s strat\u00e9giques et op\u00e9rationnelles. Ce poste exige une parfaite gestion des activit\u00e9s quotidiennes tout en conservant une vision globale des enjeux organisationnels. Au c\u0153ur des d\u00e9cisions d\u00e9terminantes, l\u2019adjoint de direction assume des t\u00e2ches essentielles telles que la gestion des plannings, le suivi des absences ou encore la mise \u00e0 jour des politiques internes. Ces missions, bien qu\u2019indispensables, ne repr\u00e9sentent qu\u2019un volet des nombreuses responsabilit\u00e9s qui lui incombent.<\/p>\n<p>En parall\u00e8le, ce r\u00f4le int\u00e8gre des fonctions strat\u00e9giques, notamment la coordination des ressources humaines : recrutement, \u00e9laboration et suivi des contrats, gestion des r\u00e9mun\u00e9rations, ainsi que, dans certains cas, la repr\u00e9sentation officielle de l\u2019\u00e9tablissement en l\u2019absence du directeur. Dans le secteur sanitaire, ces responsabilit\u00e9s prennent une ampleur encore plus marqu\u00e9e. L\u2019adjoint de direction est souvent le premier point de contact pour les collaborateurs sur site, g\u00e9rant au quotidien les attentes et besoins des \u00e9quipes, tandis que les fonctions supports du si\u00e8ge fournissent un appui \u00e0 distance.<\/p>\n<p>Le secteur hospitalier est caract\u00e9ris\u00e9 par des d\u00e9fis structurels et humains. Les p\u00e9nuries chroniques de personnel, les contraintes r\u00e9glementaires strictes et l\u2019imp\u00e9ratif de fournir des soins irr\u00e9prochables intensifient consid\u00e9rablement la pression sur les \u00e9paules de l\u2019adjoint de direction. La gestion des ressources humaines devient cruciale\u2009: chaque d\u00e9cision impacte directement la qualit\u00e9 de la prise en charge des patients et l\u2019\u00e9quilibre des \u00e9quipes. Ces responsabilit\u00e9s, combin\u00e9es \u00e0 des injonctions parfois contradictoires et \u00e0 une charge de travail excessive, contribuent \u00e0 l\u2019\u00e9mergence de risques psychosociaux majeurs, notamment le stress chronique, les conflits de r\u00f4le et un sentiment d\u2019impuissance r\u00e9sultant d\u2019objectifs inatteignables.<\/p>\n<p>Face \u00e0 ces r\u00e9alit\u00e9s, l\u2019adjoint de direction est souvent confront\u00e9 \u00e0 une sur-adaptation, absorbant les tensions et multipliant les efforts pour pr\u00e9server une stabilit\u00e9 apparente<sup class=\"appel\" data-toggle=\"modal\" data-target=\"#notes\">\u2009(1)<\/sup>. Cette posture engendre un sur-engagement qui, sur la dur\u00e9e, peut mener \u00e0 l\u2019\u00e9puisement professionnel. Les outils informatiques inefficaces ou obsol\u00e8tes imposent des ajustements manuels chronophages et frustrants qui restent tr\u00e8s informels, alimentant une fatigue cognitive accrue et une perte de motivation.<span class=\"Apple-converted-space\">\u00a0<\/span><\/p>\n<p>Ironiquement, dans une \u00e9poque domin\u00e9e par la qu\u00eate de rapidit\u00e9 et d\u2019efficacit\u00e9 technologiques, cette lenteur administrative constitue un frein majeur, exacerbant les frustrations li\u00e9es au d\u00e9calage entre les moyens disponibles et les attentes \u00e9lev\u00e9es. Ce contexte accentue \u00e9galement l\u2019isolement de l\u2019adjoint de direction, qui se retrouve souvent \u00e0 g\u00e9rer seul des responsabilit\u00e9s disproportionn\u00e9es, sans soutien suffisant ni reconnaissance ad\u00e9quate.<\/p>\n<p>Dans <i>La Condition de l&#8217;homme moderne<\/i>, Hannah Arendt \u00e9crit\u2009: \u00ab\u2009Nous vivons dans un monde o\u00f9 tout va vite.<sup class=\"appel\" data-toggle=\"modal\" data-target=\"#notes\">(2)\u2009<\/sup>\u00bb Mais dans ce contexte, cette rapidit\u00e9 semble exclure la r\u00e9alit\u00e9 quotidienne des \u00e9tablissements sanitaires, o\u00f9 la gestion des risques psychosociaux devient un enjeu critique pour pr\u00e9venir l\u2019\u00e9puisement des cadres et garantir leur efficacit\u00e9 sur le long terme.<\/p>\n<h1>Exp\u00e9rience personnelle<\/h1>\n<h2>Le glissement insidieux vers le burn-out<\/h2>\n<p>Dans les structures sanitaires et m\u00e9dico-sociales, le r\u00f4le principal de l\u2019adjointe de direction est centr\u00e9 sur les ressources humaines. Depuis la pand\u00e9mie de Covid-19, le monde du travail a profond\u00e9ment \u00e9volu\u00e9, bouleversant les rep\u00e8res et les attentes. Le rapport au travail a chang\u00e9, rendant impensable, pour beaucoup, de consacrer toute une carri\u00e8re \u00e0 la m\u00eame entreprise ou au m\u00eame poste. Cette instabilit\u00e9 professionnelle a fragilis\u00e9 psychologiquement de nombreux salari\u00e9s, cr\u00e9ant un mal-\u00eatre g\u00e9n\u00e9ral et une perte de sens dans l\u2019exercice de leur m\u00e9tier. Trouver un \u00e9quilibre entre affect et rigueur<sup class=\"appel\" data-toggle=\"modal\" data-target=\"#notes\">\u2009(3)<\/sup> est devenu un d\u00e9fi majeur, accentuant les tensions au sein des \u00e9quipes.<\/p>\n<p>Ces mutations ont \u00e9galement intensifi\u00e9 les RPS<sup class=\"appel\" data-toggle=\"modal\" data-target=\"#notes\">\u2009(4)<\/sup> au sein des organisations, notamment le stress chronique, les conflits relationnels et le sentiment d\u2019isolement. Ces probl\u00e9matiques se sont aggrav\u00e9es par des tensions relationnelles d\u00e9coulant d\u2019un manque de communication et d\u2019un soutien insuffisant de la part de la direction. Ces \u00e9l\u00e9ments, combin\u00e9s \u00e0 la pression croissante des responsabilit\u00e9s, ont peu \u00e0 peu \u00e9rod\u00e9 notre motivation et notre r\u00e9sistance, d\u00e9j\u00e0 fragilis\u00e9es par des objectifs souvent incompatibles avec les moyens disponibles.<\/p>\n<p>Un exemple frappant r\u00e9side dans la gestion d\u2019injonctions contradictoires\u2009: devoir informer des vacataires que leur collaboration ne serait pas renouvel\u00e9e pour des raisons budg\u00e9taires tout en s\u2019effor\u00e7ant de combler des plannings irr\u00e9alisables. Cette situation illustre pleinement les conflits de r\u00f4le, une dimension essentielle des RPS, o\u00f9 les attentes divergentes placent l\u2019individu dans une impasse psychologique<sup class=\"appel\" data-toggle=\"modal\" data-target=\"#notes\">\u2009(5)<\/sup>. Ces contradictions minent la confiance en soi et amplifient un sentiment d\u2019impuissance.<\/p>\n<p>Dans notre cas, le point critique a \u00e9t\u00e9 atteint lors d\u2019une r\u00e9union avec la responsable de la d\u00e9l\u00e9gation en charge de la certification, o\u00f9 la question d\u2019un accompagnement manag\u00e9rial a \u00e9t\u00e9 soulev\u00e9e. Ce moment a r\u00e9v\u00e9l\u00e9 une v\u00e9rit\u00e9 troublante\u2009: aucune forme de soutien institutionnel ad\u00e9quat n\u2019avait \u00e9t\u00e9 mise en place. Cette absence d\u2019accompagnement constitue un facteur aggravant des risques organisationnels, exposant les cadres \u00e0 une surcharge \u00e9motionnelle et cognitive insoutenable.<\/p>\n<p>\u00c0 ces d\u00e9fis se sont ajout\u00e9es les exigences d\u2019une formation d\u00e9but\u00e9e en parall\u00e8le, particuli\u00e8rement dense et chronophage. Aucun am\u00e9nagement n\u2019a \u00e9t\u00e9 pr\u00e9vu pour all\u00e9ger nos responsabilit\u00e9s ou permettre une r\u00e9organisation pendant les jours de formation. Pire encore, des sollicitations r\u00e9guli\u00e8res concernant des missions professionnelles continuaient d\u2019affluer, compromettant le temps normalement consacr\u00e9 \u00e0 l\u2019apprentissage\u2009; ce qui revient \u00e0 faire cinq jours de travail en trois. Cette situation r\u00e9v\u00e8le une charge mentale excessive, amplifi\u00e9e par une absence de priorisation des t\u00e2ches et de limites claires.<\/p>\n<p>L\u2019absence de reconnaissance, un autre facteur cl\u00e9 des RPS, s\u2019est exprim\u00e9e de mani\u00e8re choquante lorsque la directrice nationale a demand\u00e9 que les deux jours hebdomadaires de formation soient d\u00e9duits du salaire, un geste profond\u00e9ment d\u00e9moralisant qui a non seulement accentu\u00e9 le sentiment d\u2019injustice, mais a aussi invalid\u00e9 nos efforts pour concilier nos multiples responsabilit\u00e9s.<\/p>\n<p>Ces accumulations ont amplifi\u00e9 une charge mentale d\u00e9j\u00e0 cons\u00e9quente, laissant peu d\u2019espace pour la r\u00e9cup\u00e9ration<sup class=\"appel\" data-toggle=\"modal\" data-target=\"#notes\">\u2009(6)<\/sup>. Pourtant, le d\u00e9vouement et la conviction que ces efforts seraient un jour reconnus ont conduit \u00e0 persister dans un rythme insoutenable. Cette pers\u00e9v\u00e9rance, loin d\u2019\u00eatre valoris\u00e9e, a contribu\u00e9 \u00e0 un \u00e9puisement progressif dans un environnement d\u00e9pourvu de tout m\u00e9canisme de protection institutionnelle. Nous savons reconna\u00eetre un coll\u00e8gue, un salari\u00e9 d\u00e9moralis\u00e9, fatigu\u00e9, se plaignant d\u2019avoir une charge de travail cons\u00e9quente \u00e0 qui nous conseillons de rentrer plus t\u00f4t, de se reposer. Mais sommes-nous aussi alerte lorsqu\u2019il s\u2019agit de soi-m\u00eame\u2009? Bien au contraire, nous en minimisons tr\u00e8s souvent les sympt\u00f4mes, les niveaux<sup class=\"appel\" data-toggle=\"modal\" data-target=\"#notes\">\u2009(7)<\/sup>. Nous pouvons nous demander \u00ab\u2009jusqu\u2019o\u00f9 les managers\u201d peuvent prendre sur eux\u201d, au risque de mettre en p\u00e9ril leur \u00e9quilibre personnel et leur sant\u00e9, voire pire<sup class=\"appel\" data-toggle=\"modal\" data-target=\"#notes\">\u2009(8)<\/sup>\u2009?\u2009\u00bb\u2009; cette question interpelle sur les limites de la r\u00e9silience et sur l\u2019importance de reconna\u00eetre que la sant\u00e9 mentale et physique des managers est pr\u00e9cieuse et qu\u2019un manager \u00e9puis\u00e9 ne peut ni bien g\u00e9rer ni contribuer durablement \u00e0 la performance de l\u2019entreprise. En effet, l\u2019absence de dispositifs de pr\u00e9vention des RPS, tels que des espaces de dialogue, une r\u00e9duction de la surcharge ou un soutien manag\u00e9rial actif, a laiss\u00e9 cette situation \u00e9voluer jusqu\u2019au point de rupture, dans notre cas une d\u00e9pression.<\/p>\n<blockquote><p>\u00c0 la crois\u00e9e des responsabilit\u00e9s strat\u00e9giques et op\u00e9rationnelles, les cadres sont souvent le principal point de contact pour les \u00e9quipes et jouent un r\u00f4le cl\u00e9 dans le maintien de la coh\u00e9sion et de la performance.<\/p><\/blockquote>\n<h2>Les enseignements<span class=\"Apple-converted-space\">\u00a0<\/span><\/h2>\n<p>Notre exp\u00e9rience, bien que marqu\u00e9e par des d\u00e9fis intenses et \u00e9prouvants, a permis de d\u00e9gager des perspectives pr\u00e9cieuses sur le r\u00f4le des r\u00e9f\u00e9rents RH et les conditions de travail dans le secteur sanitaire.<\/p>\n<h3>Renforcer le soutien manag\u00e9rial : un imp\u00e9ratif pour les p\u00e9riodes critiques<\/h3>\n<p>Dans des environnements exigeants comme celui du secteur sanitaire et m\u00e9dico-social, les cadres occupent une place cruciale. \u00c0 la crois\u00e9e des responsabilit\u00e9s strat\u00e9giques et op\u00e9rationnelles, ils sont souvent le principal point de contact pour les \u00e9quipes et jouent un r\u00f4le cl\u00e9 dans le maintien de la coh\u00e9sion et de la performance. Leur position interm\u00e9diaire les expose \u00e0 des pressions \u00e9lev\u00e9es, notamment en raison des attentes multiples et parfois contradictoires des parties prenantes (salari\u00e9s, direction). Ces contraintes peuvent g\u00e9n\u00e9rer des risques psychosociaux tels que surcharge \u00e9motionnelle, conflits de r\u00f4le et perte de sens. Un accompagnement manag\u00e9rial adapt\u00e9 est essentiel pour pr\u00e9server leur sant\u00e9 mentale et maintenir la performance organisationnelle\u2009; \u00ab\u2009le manager de demain doit faire en sorte que chaque membre de son \u00e9quipe se sente \u00e0 sa place et \u0153uvre pour ses int\u00e9r\u00eats personnels, mais aussi, pour l\u2019atteinte des objectifs de l\u2019entreprise.<sup class=\"appel\" data-toggle=\"modal\" data-target=\"#notes\">\u2009(9)\u2009<\/sup>\u00bb<\/p>\n<p>Un soutien adapt\u00e9 repose d\u2019abord sur la d\u00e9finition de priorit\u00e9s claires, une t\u00e2che essentielle des managers. En fixant des objectifs r\u00e9alistes et en identifiant les missions prioritaires, ils permettent aux cadres interm\u00e9diaires de concentrer leurs efforts sur ce qui est r\u00e9ellement d\u00e9terminant, \u00e9vitant ainsi une dispersion des \u00e9nergies ou une surcharge mal ma\u00eetris\u00e9e, souvent g\u00e9n\u00e9ratrice de stress chronique. En l\u2019absence de telles priorit\u00e9s, les cadres peuvent se retrouver dans une situation de sur-adaptation, o\u00f9 les attentes irrationnelles deviennent difficiles \u00e0 concilier avec les moyens disponibles.<\/p>\n<p>L\u2019anticipation est \u00e9galement une composante essentielle. Les p\u00e9riodes de surcharge, qu\u2019elles soient li\u00e9es \u00e0 des pics d\u2019activit\u00e9, des projets complexes ou des crises impr\u00e9vues, ne doivent pas \u00eatre abord\u00e9es comme des anomalies, mais int\u00e9gr\u00e9es comme des r\u00e9alit\u00e9s pr\u00e9visibles. Les managers ont la responsabilit\u00e9 de mettre en place des relais efficaces : renforcer temporairement les \u00e9quipes, d\u00e9l\u00e9guer certaines missions ou adapter les d\u00e9lais, autant de mesures n\u00e9cessaires pour pr\u00e9venir une accumulation excessive de responsabilit\u00e9s, facteur cl\u00e9 du burn-out.<\/p>\n<h3>La communication, un levier indispensable<\/h3>\n<p>Au-del\u00e0 de la structuration des t\u00e2ches, le soutien manag\u00e9rial passe par une communication ouverte et transparente. Informer r\u00e9guli\u00e8rement les cadres interm\u00e9diaires des orientations strat\u00e9giques, des priorit\u00e9s et des attentes est indispensable. Mais cela ne suffit pas\u2009: les \u00e9couter activement et prendre en compte leurs pr\u00e9occupations renforce leur sentiment de reconnaissance et d\u2019appartenance, r\u00e9duisant ainsi les risques d\u2019\u00e9puisement \u00e9motionnel et d\u2019isolement professionnel. Un manque de communication peut g\u00e9n\u00e9rer des sentiments d\u2019injustice et un d\u00e9ficit de reconnaissance, aggravant le stress et l\u2019anxi\u00e9t\u00e9.<\/p>\n<p>Les retours r\u00e9guliers constituent un autre pilier de ce soutien. Reconna\u00eetre les efforts fournis, valoriser les r\u00e9ussites et offrir des <i>feedbacks<\/i> constructifs sur les axes d\u2019am\u00e9lioration cr\u00e9ent une dynamique positive et renforcent leur motivation. Parfois, un simple mot de reconnaissance ou un encouragement cibl\u00e9 suffit \u00e0 maintenir leurs engagements et \u00e0 diminuer la d\u00e9motivation qui r\u00e9sulte souvent d\u2019un manque de valorisation<sup class=\"appel\" data-toggle=\"modal\" data-target=\"#notes\">\u2009(10)<\/sup>.<\/p>\n<h3>Investir dans un management<span class=\"Apple-converted-space\">\u00a0 <\/span>humain et anticipatif<\/h3>\n<p>Accompagner les cadres interm\u00e9diaires ne se limite pas \u00e0 leur fournir des outils ou des directives. Il s\u2019agit avant tout d\u2019instaurer un environnement o\u00f9 ils se sentent soutenus, valoris\u00e9s et int\u00e9gr\u00e9s dans une d\u00e9marche collective. Un management structur\u00e9, anticipatif et ancr\u00e9 dans des valeurs humaines est un levier puissant pour pr\u00e9venir l\u2019\u00e9puisement professionnel tout en maximisant l\u2019impact de ces cadres sur la performance globale de l\u2019organisation.<\/p>\n<p>En l\u2019absence de cet accompagnement, les cadres interm\u00e9diaires risquent de se retrouver isol\u00e9s, submerg\u00e9s par des responsabilit\u00e9s disproportionn\u00e9es et un manque de reconnaissance. Cet isolement organisationnel, aggrav\u00e9 par des lacunes communicationnelles et un soutien manag\u00e9rial insuffisant, les expose \u00e0 une pression constante. Les cons\u00e9quences sont lourdes : d\u00e9gradation de leur sant\u00e9 mentale, burn-out, perte d\u2019efficacit\u00e9 et incapacit\u00e9 \u00e0 remplir leurs missions de mani\u00e8re optimale.<\/p>\n<p>Investir dans un management bienveillant et r\u00e9silient n\u2019est pas un luxe mais une n\u00e9cessit\u00e9 pour garantir la p\u00e9rennit\u00e9 des \u00e9quipes et des organisations dans un secteur aussi exigeant que le sanitaire et m\u00e9dico-social. Un management respectueux des principes d\u2019\u00e9quilibre travail\/vie personnelle, et qui int\u00e8gre des m\u00e9canismes de pr\u00e9vention des RPS<sup class=\"appel\" data-toggle=\"modal\" data-target=\"#notes\">\u2009(11)<\/sup>, est essentiel pour prot\u00e9ger la sant\u00e9 mentale des collaborateurs et am\u00e9liorer la performance globale des \u00e9tablissements.<\/p>\n<h3>Mettre l\u2019accent sur la qualit\u00e9 de vie et des conditions de travail (QVCT)<\/h3>\n<p>\u00ab\u2009La qualit\u00e9 de vie et des conditions de travail, l\u2019affaire de tous\u2009!<sup class=\"appel\" data-toggle=\"modal\" data-target=\"#notes\">\u2009(12)<\/sup>\u2009\u00bb et un enjeu central dans les discours institutionnels. Si de nombreuses organisations mettent en avant leurs politiques en la mati\u00e8re, la r\u00e9alit\u00e9 demeure pr\u00e9occupante\u2009: 34\u2009% des salari\u00e9s fran\u00e7ais se d\u00e9clarent en burn-out, dont 13\u2009% dans une situation qualifi\u00e9e de s\u00e9v\u00e8re. Par ailleurs, 62\u2009% des travailleurs luttent activement contre le stress<sup class=\"appel\" data-toggle=\"modal\" data-target=\"#notes\">\u2009(13)<\/sup> et l\u2019\u00e9puisement professionnel, des RPS majeurs qui affectent non seulement leur bien-\u00eatre mais aussi la performance des organisations.<\/p>\n<p>Cette situation met en \u00e9vidence un paradoxe\u2009: malgr\u00e9 la valorisation apparente de la QVCT, la souffrance au travail reste omnipr\u00e9sente, notamment dans les fonctions de management, o\u00f9 la conjugaison des responsabilit\u00e9s humaines et op\u00e9rationnelles amplifie la pression. Les tensions relationnelles, la surcharge de travail et le manque de reconnaissance sont des facteurs de RPS qui, lorsqu\u2019ils ne sont pas g\u00e9r\u00e9s, contribuent \u00e0 l\u2019\u00e9puisement professionnel et \u00e0 des troubles psychologiques. Pourtant, un cadre de travail sain, o\u00f9 la sant\u00e9 mentale et physique des collaborateurs est r\u00e9ellement prise en compte, repr\u00e9sente un levier incontournable pour conjuguer bien-\u00eatre et performance durable.<\/p>\n<button data-toggle=\"collapse\" data-target=\"#enc_2025_103_01\">ZOOM<\/button><div id=\"enc_2025_103_01\" class=\"encadre collapse\"><h2>Les leviers essentiels d\u2019une QVCT efficace<\/h2>\n<ul>\n<li><strong>Des charges de travail \u00e9quilibr\u00e9es<\/strong> : les attentes doivent \u00eatre proportionn\u00e9es aux ressources disponibles, avec des objectifs r\u00e9alistes et des moyens adapt\u00e9s pour les atteindre. Une mauvaise gestion de la charge de travail ou des attentes irr\u00e9alistes exposent les employ\u00e9s \u00e0 un stress constant et \u00e0 des risques de burn-out. La surcharge de t\u00e2ches, particuli\u00e8rement sans soutien suffisant, g\u00e9n\u00e8re un d\u00e9s\u00e9quilibre psychologique et peut mener \u00e0 des sympt\u00f4mes physiques et mentaux associ\u00e9s \u00e0 l\u2019\u00e9puisement.<\/li>\n<li><strong>Des outils performants<\/strong> : l\u2019acc\u00e8s \u00e0 des technologies et processus adapt\u00e9s limite les frustrations et les pertes de temps, favorisant ainsi un travail fluide et valorisant. Lorsque les outils num\u00e9riques ou administratifs sont obsol\u00e8tes ou inefficaces, cela peut entra\u00eener un sentiment d\u2019impuissance, de d\u00e9motivation et d\u2019inefficacit\u00e9. Ces frustrations contribuent directement au stress et \u00e0 la d\u00e9t\u00e9rioration de la qualit\u00e9 de vie au travail, rendant l\u2019environnement plus propice aux risques psychosociaux.<br \/>\nNombre de fois o\u00f9 il a fallu ressaisir des \u00e9l\u00e9ments de contrats sur un autre outil ayant <i>a\u00a0priori<\/i> une interface avec le SIRH habituel. Double travail avec un outil tr\u00e8s r\u00e9guli\u00e8rement en \u00ab\u2009bug\u2009\u00bb.<span class=\"Apple-converted-space\">\u00a0<\/span><\/li>\n<li><strong>Une \u00e9coute active<\/strong> : il est essentiel de valoriser une communication horizontale plut\u00f4t que verticale. Prendre en compte les observations, ou remont\u00e9es que peuvent faire les managers quotidiennement pr\u00e9sents sur le terrain.<span class=\"Apple-converted-space\">\u00a0<\/span><\/li>\n<li><strong>Permettre que les collaborateurs puissent exprimer leurs besoins et difficult\u00e9s sans craindre la stigmatisation<\/strong>. Un dialogue ouvert favorise une gestion proactive des tensions et renforce le sentiment d\u2019appartenance. L\u2019absence de ce type de communication cr\u00e9e \u00e0 long terme un climat de travail toxique, o\u00f9 les managers se sentent isol\u00e9s et ignor\u00e9s, ce qui amplifie le stress et la d\u00e9tresse psychologique. Un espace d\u2019\u00e9coute permet de rep\u00e9rer les signes avant-coureurs de souffrance, de burn-out ou de troubles anxieux, et de mettre en place des actions correctives avant qu\u2019ils deviennent irr\u00e9versibles.<span class=\"Apple-converted-space\">\u00a0<\/span><\/li>\n<\/ul>\n<\/div>\n<h3>Apprendre \u00e0 poser des limites<\/h3>\n<p>Cette exp\u00e9rience personnelle d\u00e9montre l\u2019importance de savoir poser des limites face aux sollicitations constantes, surtout dans des environnements \u00e0 forte pression comme le secteur sanitaire et m\u00e9dico-social, car \u00ab\u2009apprendre \u00e0 manger s\u2019acquiert avec l\u2019exp\u00e9rience<sup class=\"appel\" data-toggle=\"modal\" data-target=\"#notes\">\u2009(14)<\/sup>\u2009\u00bb. Trop souvent, le refus est per\u00e7u comme une faiblesse, alors qu\u2019il s\u2019agit d\u2019une comp\u00e9tence cl\u00e9 pour pr\u00e9server un \u00e9quilibre vie professionnelle\/personnelle et limiter les RPS comme le stress, le burn-out et la d\u00e9t\u00e9rioration de la sant\u00e9 mentale. Ne pas savoir dire non peut entra\u00eener surcharge de travail, perte de sens, d\u00e9gradation des relations professionnelles et risques d\u2019\u00e9puisement.<\/p>\n<p>Pour poser des limites efficacement, trois leviers sont fondamentaux\u2009:<\/p>\n<ul>\n<li><strong>\u00e9valuer les priorit\u00e9s<\/strong>\u2009: identifier les t\u00e2ches strat\u00e9giques, d\u00e9l\u00e9guer et reporter les non urgentes. Cela r\u00e9duit la surcharge cognitive et \u00e9motionnelle, facteurs de risques psychosociaux majeurs\u2009;<\/li>\n<li><strong>une communication transversale<\/strong>\u2009: exprimer ses limites de mani\u00e8re claire, sans culpabilit\u00e9. Cela r\u00e9duit frustration, tensions et stress et permet une collaboration efficace\u2009;<\/li>\n<li><strong>b\u00e9n\u00e9ficier d\u2019un soutien institutionnel<\/strong>\u2009: cr\u00e9er un cadre de travail r\u00e9gul\u00e9 et partag\u00e9 \u00e9quitablement. Le soutien manag\u00e9rial r\u00e9duit l\u2019isolement et le stress, deux facteurs augmentant le burn-out.<\/li>\n<\/ul>\n<p>\u00c9couter ses besoins est essentiel pour pr\u00e9server sa sant\u00e9 mentale. Cela \u00e9vite que l\u2019engagement professionnel devienne un sacrifice personnel, source de d\u00e9tresse \u00e9motionnelle et de burn-out.<\/p>\n<h1>Une \u00e9thique de la responsabilit\u00e9 partag\u00e9e<\/h1>\n<p>Dans <i>Soi-m\u00eame comme un autre<\/i><sup class=\"appel\" data-toggle=\"modal\" data-target=\"#notes\">\u2009(15)<\/sup>, Paul Ric\u0153ur \u00e9voque une \u00ab\u2009\u00e9thique de la responsabilit\u00e9\u2009\u00bb, qui repose sur \u00ab\u2009la vie bonne, avec et pour autrui, dans des institutions justes\u2009\u00bb, soulignant que les syst\u00e8mes actuels, souvent ax\u00e9s sur la productivit\u00e9 imm\u00e9diate, doivent \u00e9voluer vers des pratiques humaines et durables. Les risques psychosociaux sont des sympt\u00f4mes de dysfonctionnements organisationnels qui ignorent les limites humaines.<\/p>\n<p>Le burn-out et les troubles psychologiques associ\u00e9s ne rel\u00e8vent pas uniquement des individus, mais aussi d\u2019un syst\u00e8me qui n\u00e9glige les conditions de travail et les risques psychosociaux. Il est donc crucial d\u2019adopter des pratiques manag\u00e9riales responsables, de promouvoir la QVCT et de respecter les limites professionnelles.<\/p>\n<p>Notre t\u00e9moignage invite chacun \u00e0 contribuer \u00e0 un environnement professionnel plus \u00e9quilibr\u00e9, o\u00f9 prendre soin de soi devient une n\u00e9cessit\u00e9 partag\u00e9e, un acte pr\u00e9ventif contre les risques psychosociaux et un levier pour une performance durable.<span class=\"Apple-converted-space\">\u00a0<\/span><\/p>\n<script>function PlayerjsAsync(){} if(window[\"Playerjs\"]){PlayerjsAsync();}<\/script>","protected":false},"excerpt":{"rendered":"<p>L\u2019accumulation des responsabilit\u00e9s, des attentes souvent irr\u00e9alistes et un manque de soutien manag\u00e9rial transforment parfois le r\u00f4le cl\u00e9 d&#8217;un(e) adjointe(e) de direction en une source de pression intense. Ces d\u00e9fis s\u2019accompagnent fr\u00e9quemment de risques psychosociaux (RPS) tels que la surcharge de travail, des ordres dot\u00e9s de double contrainte, un manque de reconnaissance ou encore des tensions relationnelles au sein des \u00e9quipes. \u00c0 cela s\u2019ajoute un isolement professionnel croissant, exacerb\u00e9 par&hellip; <\/p>\n","protected":false},"author":7,"featured_media":0,"comment_status":"closed","ping_status":"closed","sticky":false,"template":"","format":"standard","meta":{"_acf_changed":false,"_relevanssi_hide_post":"","_relevanssi_hide_content":"","_relevanssi_pin_for_all":"","_relevanssi_pin_keywords":"","_relevanssi_unpin_keywords":"","_relevanssi_related_keywords":"","_relevanssi_related_include_ids":"","_relevanssi_related_exclude_ids":"","_relevanssi_related_no_append":"","_relevanssi_related_not_related":"","_relevanssi_related_posts":"","_relevanssi_noindex_reason":"","footnotes":""},"categories":[3,2],"tags":[10696,1104,6859,966,5697,1103,362],"class_list":["post-49525","post","type-post","status-publish","format-standard","hentry","category-experience","category-gestions-hospitalieres","tag-adjointe-de-direction","tag-burn-out","tag-cadre","tag-manager","tag-qvt","tag-rps","tag-stress"],"acf":[],"yoast_head":"<!-- This site is optimized with the Yoast SEO plugin v24.8.1 - https:\/\/yoast.com\/wordpress\/plugins\/seo\/ -->\n<title>Prendre soin des autres sans s\u2019oublier - Gestions hospitali\u00e8res<\/title>\n<meta name=\"robots\" content=\"index, follow, max-snippet:-1, max-image-preview:large, max-video-preview:-1\" \/>\n<link rel=\"canonical\" href=\"https:\/\/www.ricom-web8.com\/gestions\/prendre-soin-des-autres-sans-soublier\/\" \/>\n<meta property=\"og:locale\" content=\"fr_FR\" \/>\n<meta property=\"og:type\" content=\"article\" \/>\n<meta property=\"og:title\" content=\"Prendre soin des autres sans s\u2019oublier - Gestions hospitali\u00e8res\" \/>\n<meta property=\"og:description\" content=\"L\u2019accumulation des responsabilit\u00e9s, des attentes souvent irr\u00e9alistes et un manque de soutien manag\u00e9rial transforment parfois le r\u00f4le cl\u00e9 d&#8217;un(e) adjointe(e) de direction en une source de pression intense. Ces d\u00e9fis s\u2019accompagnent fr\u00e9quemment de risques psychosociaux (RPS) tels que la surcharge de travail, des ordres dot\u00e9s de double contrainte, un manque de reconnaissance ou encore des tensions relationnelles au sein des \u00e9quipes. \u00c0 cela s\u2019ajoute un isolement professionnel croissant, exacerb\u00e9 par&hellip;\" \/>\n<meta property=\"og:url\" content=\"https:\/\/www.ricom-web8.com\/gestions\/prendre-soin-des-autres-sans-soublier\/\" \/>\n<meta property=\"og:site_name\" content=\"Gestions hospitali\u00e8res\" \/>\n<meta property=\"article:publisher\" content=\"https:\/\/www.facebook.com\/gestionshospitalieres\/\" \/>\n<meta property=\"article:published_time\" content=\"2025-02-01T11:05:43+00:00\" \/>\n<meta property=\"article:modified_time\" content=\"2025-03-28T11:58:54+00:00\" \/>\n<meta name=\"author\" content=\"Claire Marvanne\" \/>\n<meta name=\"twitter:card\" content=\"summary_large_image\" \/>\n<meta name=\"twitter:creator\" content=\"@revue_GH\" \/>\n<meta name=\"twitter:site\" content=\"@revue_GH\" \/>\n<meta name=\"twitter:label1\" content=\"\u00c9crit par\" \/>\n\t<meta name=\"twitter:data1\" content=\"Claire Marvanne\" \/>\n\t<meta name=\"twitter:label2\" content=\"Dur\u00e9e de lecture estim\u00e9e\" \/>\n\t<meta name=\"twitter:data2\" content=\"13 minutes\" \/>\n<script type=\"application\/ld+json\" class=\"yoast-schema-graph\">{\"@context\":\"https:\/\/schema.org\",\"@graph\":[{\"@type\":\"Article\",\"@id\":\"https:\/\/www.ricom-web8.com\/gestions\/prendre-soin-des-autres-sans-soublier\/#article\",\"isPartOf\":{\"@id\":\"https:\/\/www.ricom-web8.com\/gestions\/prendre-soin-des-autres-sans-soublier\/\"},\"author\":{\"name\":\"Claire Marvanne\",\"@id\":\"https:\/\/www.ricom-web8.com\/gestions\/#\/schema\/person\/6049cf2336849d3888e3486b68a0e3aa\"},\"headline\":\"Prendre soin des autres sans s\u2019oublier\",\"datePublished\":\"2025-02-01T11:05:43+00:00\",\"dateModified\":\"2025-03-28T11:58:54+00:00\",\"mainEntityOfPage\":{\"@id\":\"https:\/\/www.ricom-web8.com\/gestions\/prendre-soin-des-autres-sans-soublier\/\"},\"wordCount\":2924,\"publisher\":{\"@id\":\"https:\/\/www.ricom-web8.com\/gestions\/#organization\"},\"keywords\":[\"adjointe de direction\",\"burn out\",\"cadre\",\"manager\",\"QVT\",\"RPS\",\"stress\"],\"articleSection\":[\"exp\u00e9rience\",\"Gestions Hospitali\u00e8res\"],\"inLanguage\":\"fr-FR\"},{\"@type\":\"WebPage\",\"@id\":\"https:\/\/www.ricom-web8.com\/gestions\/prendre-soin-des-autres-sans-soublier\/\",\"url\":\"https:\/\/www.ricom-web8.com\/gestions\/prendre-soin-des-autres-sans-soublier\/\",\"name\":\"Prendre soin des autres sans s\u2019oublier - Gestions hospitali\u00e8res\",\"isPartOf\":{\"@id\":\"https:\/\/www.ricom-web8.com\/gestions\/#website\"},\"datePublished\":\"2025-02-01T11:05:43+00:00\",\"dateModified\":\"2025-03-28T11:58:54+00:00\",\"breadcrumb\":{\"@id\":\"https:\/\/www.ricom-web8.com\/gestions\/prendre-soin-des-autres-sans-soublier\/#breadcrumb\"},\"inLanguage\":\"fr-FR\",\"potentialAction\":[{\"@type\":\"ReadAction\",\"target\":[\"https:\/\/www.ricom-web8.com\/gestions\/prendre-soin-des-autres-sans-soublier\/\"]}]},{\"@type\":\"BreadcrumbList\",\"@id\":\"https:\/\/www.ricom-web8.com\/gestions\/prendre-soin-des-autres-sans-soublier\/#breadcrumb\",\"itemListElement\":[{\"@type\":\"ListItem\",\"position\":1,\"name\":\"Accueil\",\"item\":\"https:\/\/www.ricom-web8.com\/gestions\/\"},{\"@type\":\"ListItem\",\"position\":2,\"name\":\"Prendre soin des autres sans s\u2019oublier\"}]},{\"@type\":\"WebSite\",\"@id\":\"https:\/\/www.ricom-web8.com\/gestions\/#website\",\"url\":\"https:\/\/www.ricom-web8.com\/gestions\/\",\"name\":\"Gestions hospitali\u00e8res\",\"description\":\"la revue des d\u00e9cideurs hospitaliers\",\"publisher\":{\"@id\":\"https:\/\/www.ricom-web8.com\/gestions\/#organization\"},\"potentialAction\":[{\"@type\":\"SearchAction\",\"target\":{\"@type\":\"EntryPoint\",\"urlTemplate\":\"https:\/\/www.ricom-web8.com\/gestions\/?s={search_term_string}\"},\"query-input\":{\"@type\":\"PropertyValueSpecification\",\"valueRequired\":true,\"valueName\":\"search_term_string\"}}],\"inLanguage\":\"fr-FR\"},{\"@type\":\"Organization\",\"@id\":\"https:\/\/www.ricom-web8.com\/gestions\/#organization\",\"name\":\"Gestions hospitali\u00e8res\",\"url\":\"https:\/\/www.ricom-web8.com\/gestions\/\",\"logo\":{\"@type\":\"ImageObject\",\"inLanguage\":\"fr-FR\",\"@id\":\"https:\/\/www.ricom-web8.com\/gestions\/#\/schema\/logo\/image\/\",\"url\":\"https:\/\/gestions-hospitalieres.fr\/wp-content\/uploads\/2017\/02\/picto_Gif-GH-trans.png\",\"contentUrl\":\"https:\/\/gestions-hospitalieres.fr\/wp-content\/uploads\/2017\/02\/picto_Gif-GH-trans.png\",\"width\":512,\"height\":512,\"caption\":\"Gestions hospitali\u00e8res\"},\"image\":{\"@id\":\"https:\/\/www.ricom-web8.com\/gestions\/#\/schema\/logo\/image\/\"},\"sameAs\":[\"https:\/\/www.facebook.com\/gestionshospitalieres\/\",\"https:\/\/x.com\/revue_GH\",\"https:\/\/www.linkedin.com\/company\/gestions-hospitalieres?trk=top_nav_home\"]},{\"@type\":\"Person\",\"@id\":\"https:\/\/www.ricom-web8.com\/gestions\/#\/schema\/person\/6049cf2336849d3888e3486b68a0e3aa\",\"name\":\"Claire Marvanne\",\"image\":{\"@type\":\"ImageObject\",\"inLanguage\":\"fr-FR\",\"@id\":\"https:\/\/www.ricom-web8.com\/gestions\/#\/schema\/person\/image\/\",\"url\":\"https:\/\/secure.gravatar.com\/avatar\/3d923d03c6d772177c8101340ea10ab0?s=96&d=mm&r=g\",\"contentUrl\":\"https:\/\/secure.gravatar.com\/avatar\/3d923d03c6d772177c8101340ea10ab0?s=96&d=mm&r=g\",\"caption\":\"Claire Marvanne\"},\"sameAs\":[\"https:\/\/gestions-hospitalieres.fr\"],\"url\":\"https:\/\/www.ricom-web8.com\/gestions\/author\/claire\/\"}]}<\/script>\n<!-- \/ Yoast SEO plugin. -->","yoast_head_json":{"title":"Prendre soin des autres sans s\u2019oublier - Gestions hospitali\u00e8res","robots":{"index":"index","follow":"follow","max-snippet":"max-snippet:-1","max-image-preview":"max-image-preview:large","max-video-preview":"max-video-preview:-1"},"canonical":"https:\/\/www.ricom-web8.com\/gestions\/prendre-soin-des-autres-sans-soublier\/","og_locale":"fr_FR","og_type":"article","og_title":"Prendre soin des autres sans s\u2019oublier - Gestions hospitali\u00e8res","og_description":"L\u2019accumulation des responsabilit\u00e9s, des attentes souvent irr\u00e9alistes et un manque de soutien manag\u00e9rial transforment parfois le r\u00f4le cl\u00e9 d&#8217;un(e) adjointe(e) de direction en une source de pression intense. Ces d\u00e9fis s\u2019accompagnent fr\u00e9quemment de risques psychosociaux (RPS) tels que la surcharge de travail, des ordres dot\u00e9s de double contrainte, un manque de reconnaissance ou encore des tensions relationnelles au sein des \u00e9quipes. \u00c0 cela s\u2019ajoute un isolement professionnel croissant, exacerb\u00e9 par&hellip;","og_url":"https:\/\/www.ricom-web8.com\/gestions\/prendre-soin-des-autres-sans-soublier\/","og_site_name":"Gestions hospitali\u00e8res","article_publisher":"https:\/\/www.facebook.com\/gestionshospitalieres\/","article_published_time":"2025-02-01T11:05:43+00:00","article_modified_time":"2025-03-28T11:58:54+00:00","author":"Claire Marvanne","twitter_card":"summary_large_image","twitter_creator":"@revue_GH","twitter_site":"@revue_GH","twitter_misc":{"\u00c9crit par":"Claire Marvanne","Dur\u00e9e de lecture estim\u00e9e":"13 minutes"},"schema":{"@context":"https:\/\/schema.org","@graph":[{"@type":"Article","@id":"https:\/\/www.ricom-web8.com\/gestions\/prendre-soin-des-autres-sans-soublier\/#article","isPartOf":{"@id":"https:\/\/www.ricom-web8.com\/gestions\/prendre-soin-des-autres-sans-soublier\/"},"author":{"name":"Claire Marvanne","@id":"https:\/\/www.ricom-web8.com\/gestions\/#\/schema\/person\/6049cf2336849d3888e3486b68a0e3aa"},"headline":"Prendre soin des autres sans s\u2019oublier","datePublished":"2025-02-01T11:05:43+00:00","dateModified":"2025-03-28T11:58:54+00:00","mainEntityOfPage":{"@id":"https:\/\/www.ricom-web8.com\/gestions\/prendre-soin-des-autres-sans-soublier\/"},"wordCount":2924,"publisher":{"@id":"https:\/\/www.ricom-web8.com\/gestions\/#organization"},"keywords":["adjointe de direction","burn out","cadre","manager","QVT","RPS","stress"],"articleSection":["exp\u00e9rience","Gestions Hospitali\u00e8res"],"inLanguage":"fr-FR"},{"@type":"WebPage","@id":"https:\/\/www.ricom-web8.com\/gestions\/prendre-soin-des-autres-sans-soublier\/","url":"https:\/\/www.ricom-web8.com\/gestions\/prendre-soin-des-autres-sans-soublier\/","name":"Prendre soin des autres sans s\u2019oublier - Gestions hospitali\u00e8res","isPartOf":{"@id":"https:\/\/www.ricom-web8.com\/gestions\/#website"},"datePublished":"2025-02-01T11:05:43+00:00","dateModified":"2025-03-28T11:58:54+00:00","breadcrumb":{"@id":"https:\/\/www.ricom-web8.com\/gestions\/prendre-soin-des-autres-sans-soublier\/#breadcrumb"},"inLanguage":"fr-FR","potentialAction":[{"@type":"ReadAction","target":["https:\/\/www.ricom-web8.com\/gestions\/prendre-soin-des-autres-sans-soublier\/"]}]},{"@type":"BreadcrumbList","@id":"https:\/\/www.ricom-web8.com\/gestions\/prendre-soin-des-autres-sans-soublier\/#breadcrumb","itemListElement":[{"@type":"ListItem","position":1,"name":"Accueil","item":"https:\/\/www.ricom-web8.com\/gestions\/"},{"@type":"ListItem","position":2,"name":"Prendre soin des autres sans s\u2019oublier"}]},{"@type":"WebSite","@id":"https:\/\/www.ricom-web8.com\/gestions\/#website","url":"https:\/\/www.ricom-web8.com\/gestions\/","name":"Gestions hospitali\u00e8res","description":"la revue des d\u00e9cideurs hospitaliers","publisher":{"@id":"https:\/\/www.ricom-web8.com\/gestions\/#organization"},"potentialAction":[{"@type":"SearchAction","target":{"@type":"EntryPoint","urlTemplate":"https:\/\/www.ricom-web8.com\/gestions\/?s={search_term_string}"},"query-input":{"@type":"PropertyValueSpecification","valueRequired":true,"valueName":"search_term_string"}}],"inLanguage":"fr-FR"},{"@type":"Organization","@id":"https:\/\/www.ricom-web8.com\/gestions\/#organization","name":"Gestions hospitali\u00e8res","url":"https:\/\/www.ricom-web8.com\/gestions\/","logo":{"@type":"ImageObject","inLanguage":"fr-FR","@id":"https:\/\/www.ricom-web8.com\/gestions\/#\/schema\/logo\/image\/","url":"https:\/\/gestions-hospitalieres.fr\/wp-content\/uploads\/2017\/02\/picto_Gif-GH-trans.png","contentUrl":"https:\/\/gestions-hospitalieres.fr\/wp-content\/uploads\/2017\/02\/picto_Gif-GH-trans.png","width":512,"height":512,"caption":"Gestions hospitali\u00e8res"},"image":{"@id":"https:\/\/www.ricom-web8.com\/gestions\/#\/schema\/logo\/image\/"},"sameAs":["https:\/\/www.facebook.com\/gestionshospitalieres\/","https:\/\/x.com\/revue_GH","https:\/\/www.linkedin.com\/company\/gestions-hospitalieres?trk=top_nav_home"]},{"@type":"Person","@id":"https:\/\/www.ricom-web8.com\/gestions\/#\/schema\/person\/6049cf2336849d3888e3486b68a0e3aa","name":"Claire Marvanne","image":{"@type":"ImageObject","inLanguage":"fr-FR","@id":"https:\/\/www.ricom-web8.com\/gestions\/#\/schema\/person\/image\/","url":"https:\/\/secure.gravatar.com\/avatar\/3d923d03c6d772177c8101340ea10ab0?s=96&d=mm&r=g","contentUrl":"https:\/\/secure.gravatar.com\/avatar\/3d923d03c6d772177c8101340ea10ab0?s=96&d=mm&r=g","caption":"Claire Marvanne"},"sameAs":["https:\/\/gestions-hospitalieres.fr"],"url":"https:\/\/www.ricom-web8.com\/gestions\/author\/claire\/"}]}},"_links":{"self":[{"href":"https:\/\/www.ricom-web8.com\/gestions\/wp-json\/wp\/v2\/posts\/49525","targetHints":{"allow":["GET"]}}],"collection":[{"href":"https:\/\/www.ricom-web8.com\/gestions\/wp-json\/wp\/v2\/posts"}],"about":[{"href":"https:\/\/www.ricom-web8.com\/gestions\/wp-json\/wp\/v2\/types\/post"}],"author":[{"embeddable":true,"href":"https:\/\/www.ricom-web8.com\/gestions\/wp-json\/wp\/v2\/users\/7"}],"replies":[{"embeddable":true,"href":"https:\/\/www.ricom-web8.com\/gestions\/wp-json\/wp\/v2\/comments?post=49525"}],"version-history":[{"count":2,"href":"https:\/\/www.ricom-web8.com\/gestions\/wp-json\/wp\/v2\/posts\/49525\/revisions"}],"predecessor-version":[{"id":49533,"href":"https:\/\/www.ricom-web8.com\/gestions\/wp-json\/wp\/v2\/posts\/49525\/revisions\/49533"}],"wp:attachment":[{"href":"https:\/\/www.ricom-web8.com\/gestions\/wp-json\/wp\/v2\/media?parent=49525"}],"wp:term":[{"taxonomy":"category","embeddable":true,"href":"https:\/\/www.ricom-web8.com\/gestions\/wp-json\/wp\/v2\/categories?post=49525"},{"taxonomy":"post_tag","embeddable":true,"href":"https:\/\/www.ricom-web8.com\/gestions\/wp-json\/wp\/v2\/tags?post=49525"}],"curies":[{"name":"wp","href":"https:\/\/api.w.org\/{rel}","templated":true}]}}